{"id":51222,"date":"2020-08-03T18:19:50","date_gmt":"2020-08-03T16:19:50","guid":{"rendered":"https:\/\/alzira.es\/estalvi-d-aigua-a-els-fonts-publiques-3\/"},"modified":"2020-08-03T18:19:50","modified_gmt":"2020-08-03T16:19:50","slug":"estalvi-d-aigua-a-els-fonts-publiques-3","status":"publish","type":"post","link":"https:\/\/alzira.es\/es\/estalvi-d-aigua-a-els-fonts-publiques-3\/","title":{"rendered":"Alzira implanta un sistema d&#8217;estalvi d&#8217;aigua a els fonts p\u00fabliques"},"content":{"rendered":"<p style=\"text-align: justify;\"><strong>Alzira, 3 d&#8217;agost de 2020.-<\/strong> Un dels monuments m\u00e9s emblem\u00e0tics de la nostra ciutat \u00e9s sens dubte el recinte de muralles \u00e0rabs, del que en l&#8217;actualitat queden dos trams, al principi i al final de l&#8217;Avinguda Luis Su\u00f1er.<\/p>\n<p style=\"text-align: justify;\">En el tram que recau a la pla\u00e7a del regne es disposa d&#8217;una l\u00e0mina d&#8217;aigua que representa al X\u00faquer, ja que al seu dia rodejava el recinte emmurallat.<\/p>\n<p style=\"text-align: justify;\">Des de la Regidoria de Serveis Urbans junt a Aig\u00fces de Val\u00e8ncia, l&#8217;empresa concession\u00e0ria de l&#8217;aigua a la nostra ciutat, es va ha procedir a posar en marxa el pla d&#8217;estalvi de l&#8217;aigua al llarg d&#8217;este mes d&#8217;agost.<\/p>\n<p style=\"text-align: justify;\"><em>\u00abSi alguna cosa caracteritza a l&#8217;actual govern municipal \u00e9s la seua faceta de l&#8217;estalvi en tot all\u00f2 en el que es puga posar en pr\u00e0ctica, i en el cas de la font de l&#8217;espill al peu de les muralles \u00e9s factible, per aix\u00f2 s&#8217;ha procedit a l&#8217;aprovaci\u00f3 de dita proposta que suposar un estalvi important en l&#8217;aigua que s&#8217;utilitza per a recrear al riu X\u00faquer, i que a la fi representa un dels racons id\u00edl\u2022lics i entranyables de la nostra ciutat\u00bb.<\/em><\/p>\n<p style=\"text-align: center;\"><img fetchpriority=\"high\" decoding=\"async\" width=\"1080\" height=\"834\" class=\" size-full wp-image-51113\" src=\"https:\/\/alzira.es\/wp-content\/uploads\/2020\/08\/20200803_091648.jpg\" alt=\"20200803 091648\" srcset=\"https:\/\/alzira.es\/wp-content\/uploads\/2020\/08\/20200803_091648.jpg 1080w, https:\/\/alzira.es\/wp-content\/uploads\/2020\/08\/20200803_091648-660x510.jpg 660w, https:\/\/alzira.es\/wp-content\/uploads\/2020\/08\/20200803_091648-768x593.jpg 768w\" sizes=\"(max-width: 706px) 89vw, (max-width: 767px) 82vw, 740px\" \/><\/p>\n","protected":false},"excerpt":{"rendered":"<p>Alzira, 3 d&#8217;agost de 2020.- Un dels monuments m\u00e9s emblem\u00e0tics de la nostra ciutat \u00e9s sens dubte el recinte de muralles \u00e0rabs, del que en l&#8217;actualitat queden dos trams, al principi i al final de l&#8217;Avinguda Luis Su\u00f1er. En el tram que recau a la pla\u00e7a del regne es disposa d&#8217;una l\u00e0mina d&#8217;aigua que representa &hellip; <\/p>\n<p class=\"link-more\"><a href=\"https:\/\/alzira.es\/es\/estalvi-d-aigua-a-els-fonts-publiques-3\/\" class=\"more-link\">Continuar leyendo<span class=\"screen-reader-text\"> \u00abAlzira implanta un sistema d&#8217;estalvi d&#8217;aigua a els fonts p\u00fabliques\u00bb<\/span><\/a><\/p>\n","protected":false},"author":29,"featured_media":51113,"comment_status":"","ping_status":"","sticky":false,"template":"","format":"standard","meta":{"_acf_changed":false,"footnotes":""},"categories":[],"tags":[],"class_list":["post-51222","post","type-post","status-publish","format-standard","has-post-thumbnail","hentry"],"acf":[],"_links":{"self":[{"href":"https:\/\/alzira.es\/es\/wp-json\/wp\/v2\/posts\/51222","targetHints":{"allow":["GET"]}}],"collection":[{"href":"https:\/\/alzira.es\/es\/wp-json\/wp\/v2\/posts"}],"about":[{"href":"https:\/\/alzira.es\/es\/wp-json\/wp\/v2\/types\/post"}],"author":[{"embeddable":true,"href":"https:\/\/alzira.es\/es\/wp-json\/wp\/v2\/users\/29"}],"replies":[{"embeddable":true,"href":"https:\/\/alzira.es\/es\/wp-json\/wp\/v2\/comments?post=51222"}],"version-history":[{"count":0,"href":"https:\/\/alzira.es\/es\/wp-json\/wp\/v2\/posts\/51222\/revisions"}],"wp:featuredmedia":[{"embeddable":true,"href":"https:\/\/alzira.es\/es\/wp-json\/wp\/v2\/media\/51113"}],"wp:attachment":[{"href":"https:\/\/alzira.es\/es\/wp-json\/wp\/v2\/media?parent=51222"}],"wp:term":[{"taxonomy":"category","embeddable":true,"href":"https:\/\/alzira.es\/es\/wp-json\/wp\/v2\/categories?post=51222"},{"taxonomy":"post_tag","embeddable":true,"href":"https:\/\/alzira.es\/es\/wp-json\/wp\/v2\/tags?post=51222"}],"curies":[{"name":"wp","href":"https:\/\/api.w.org\/{rel}","templated":true}]}}