{"id":51217,"date":"2020-08-13T12:00:46","date_gmt":"2020-08-13T10:00:46","guid":{"rendered":"https:\/\/alzira.es\/del-17-al-24-d-agost-en-obres-per-reparacio-del-ferm-el-primer-tram-de-benito-perez-galdos-de-placa-major-a-reis-catolics-2\/"},"modified":"2020-08-13T12:00:46","modified_gmt":"2020-08-13T10:00:46","slug":"del-17-al-24-d-agost-en-obres-per-reparacio-del-ferm-el-primer-tram-de-benito-perez-galdos-de-placa-major-a-reis-catolics-2","status":"publish","type":"post","link":"https:\/\/alzira.es\/es\/del-17-al-24-d-agost-en-obres-per-reparacio-del-ferm-el-primer-tram-de-benito-perez-galdos-de-placa-major-a-reis-catolics-2\/","title":{"rendered":"Del 17 al 24 d&#8217;agost en obres per reparaci\u00f3 del ferm el primer tram de Benito P\u00e9rez Gald\u00f3s, de pla\u00e7a Major a Reis Cat\u00f2lics"},"content":{"rendered":"<p>Al llarg del primer semestre del 2017 una de les principals vies de la ciutat d&#8217;Alzira, Benito P\u00e9rez Gald\u00f3s, va iniciar la seua transformaci\u00f3 per tal de passar a ser un carrer amb voreres estretes i dos carrils, un per a la circulaci\u00f3 i un per a l&#8217;estacionament, a un carrer d&#8217;amples voreres, amb arbres i mobiliari urb\u00e0 com jardineres i bancs, i un sols carril per a la circulaci\u00f3.<\/p>\n<p>La intensitat de tr\u00e0nsit que enregistra este eix vertebrador de la nostra ciutat han causat mal b\u00e9 al ferm per la qual cosa cal reparar-lo per a mantindre el carrer en \u00f2ptimes condicions, ja que es tracta, a m\u00e9s, d&#8217;una de les principals art\u00e8ries comercials d&#8217;Alzira.<\/p>\n<p>Del 17 al 24 d&#8217;agost, ambd\u00f3s inclosos, aprofitant que l&#8217;activitat disminu\u00efx considerablement en estiu es procedir\u00e0 a reparar els desperfectes de la cal\u00e7ada que consistiran en el desmuntatge de les llambordes per tal de refor\u00e7ar el ferm amb ciment i arena i despr\u00e9s procedir al seu compactament en el seu primer tram, el compr\u00e9s des de la pla\u00e7a Major fins a l&#8217;encreuament de Reis Cat\u00f2lics.<\/p>\n<p>Estes obres de manteniment del carrer P\u00e9rez Gald\u00f3s no tindran cap cost per a les arques municipals, ja que les despeses van ser sufragades per l&#8217;empresa encarregada d&#8217;executar l&#8217;obra.<\/p>\n<p><strong>Fernando Pascual<\/strong>, regidor responsable de l&#8217;\u00e0rea d&#8217;Obres i Serveis P\u00fablics, manifesta que:<em> \u00abAmb esta acci\u00f3 atenem les reiterades queixes del ve\u00efnat per les mol\u00e8sties que causen els sorolls de les llambordes soltes al pas dels vehicles\u00bb<\/em>.<\/p>\n<p>El regidor aprofita per a traslladar les disculpes als comer\u00e7os i vianants del tram afectat per les mol\u00e8sties que a\u00e7\u00f2 els puga ocasionar, per\u00f2 els demana la seua comprensi\u00f3, ja que es fa necessari un manteniment per a seguir comptant amb un carrer per el qual di\u00e0riament transiten un elevat nombre de vehicles i experimenta considerable anar i vindre de vianants.<\/p>\n<p><em>\u00abHem volgut aprofitar l&#8217;\u00e8poca estival aprofitant que baixa l&#8217;activitat per aix\u00ed causar les m\u00ednimes mol\u00e8sties tant a comerciants com a ve\u00efns\u00bb<\/em>, ha subratllat el regidor.<\/p>\n<p style=\"text-align: center;\"><img fetchpriority=\"high\" decoding=\"async\" class=\" size-full wp-image-51211\" src=\"https:\/\/alzira.es\/wp-content\/uploads\/2020\/08\/perez_galdos_2.jpg\" alt=\"perez galdos 2\" width=\"500\" height=\"225\" srcset=\"https:\/\/alzira.es\/wp-content\/uploads\/2020\/08\/perez_galdos_2.jpg 1420w, https:\/\/alzira.es\/wp-content\/uploads\/2020\/08\/perez_galdos_2-680x306.jpg 680w, https:\/\/alzira.es\/wp-content\/uploads\/2020\/08\/perez_galdos_2-768x346.jpg 768w\" sizes=\"(max-width: 500px) 100vw, 500px\" \/><\/p>\n<p><img decoding=\"async\" class=\"size-full wp-image-51213 lazyload\" style=\"--smush-placeholder-width: 500px; --smush-placeholder-aspect-ratio: 500\/225;margin-right: auto; margin-left: auto; display: block;\" data-src=\"https:\/\/alzira.es\/wp-content\/uploads\/2020\/08\/perez_galdos.jpg\" alt=\"perez galdos\" width=\"500\" height=\"225\" data-srcset=\"https:\/\/alzira.es\/wp-content\/uploads\/2020\/08\/perez_galdos.jpg 1420w, https:\/\/alzira.es\/wp-content\/uploads\/2020\/08\/perez_galdos-680x306.jpg 680w, https:\/\/alzira.es\/wp-content\/uploads\/2020\/08\/perez_galdos-768x346.jpg 768w\" data-sizes=\"(max-width: 500px) 100vw, 500px\" src=\"data:image\/svg+xml;base64,PHN2ZyB3aWR0aD0iMSIgaGVpZ2h0PSIxIiB4bWxucz0iaHR0cDovL3d3dy53My5vcmcvMjAwMC9zdmciPjwvc3ZnPg==\" \/><\/p>\n<p>&nbsp;<\/p>\n<p style=\"text-align: center;\">&nbsp;<\/p>\n","protected":false},"excerpt":{"rendered":"<p>Al llarg del primer semestre del 2017 una de les principals vies de la ciutat d&#8217;Alzira, Benito P\u00e9rez Gald\u00f3s, va iniciar la seua transformaci\u00f3 per tal de passar a ser un carrer amb voreres estretes i dos carrils, un per a la circulaci\u00f3 i un per a l&#8217;estacionament, a un carrer d&#8217;amples voreres, amb arbres &hellip; <\/p>\n<p class=\"link-more\"><a href=\"https:\/\/alzira.es\/es\/del-17-al-24-d-agost-en-obres-per-reparacio-del-ferm-el-primer-tram-de-benito-perez-galdos-de-placa-major-a-reis-catolics-2\/\" class=\"more-link\">Continuar leyendo<span class=\"screen-reader-text\"> \u00abDel 17 al 24 d&#8217;agost en obres per reparaci\u00f3 del ferm el primer tram de Benito P\u00e9rez Gald\u00f3s, de pla\u00e7a Major a Reis Cat\u00f2lics\u00bb<\/span><\/a><\/p>\n","protected":false},"author":36,"featured_media":51211,"comment_status":"","ping_status":"","sticky":false,"template":"","format":"standard","meta":{"_acf_changed":false,"footnotes":""},"categories":[],"tags":[],"class_list":["post-51217","post","type-post","status-publish","format-standard","has-post-thumbnail","hentry"],"acf":[],"_links":{"self":[{"href":"https:\/\/alzira.es\/es\/wp-json\/wp\/v2\/posts\/51217","targetHints":{"allow":["GET"]}}],"collection":[{"href":"https:\/\/alzira.es\/es\/wp-json\/wp\/v2\/posts"}],"about":[{"href":"https:\/\/alzira.es\/es\/wp-json\/wp\/v2\/types\/post"}],"author":[{"embeddable":true,"href":"https:\/\/alzira.es\/es\/wp-json\/wp\/v2\/users\/36"}],"replies":[{"embeddable":true,"href":"https:\/\/alzira.es\/es\/wp-json\/wp\/v2\/comments?post=51217"}],"version-history":[{"count":0,"href":"https:\/\/alzira.es\/es\/wp-json\/wp\/v2\/posts\/51217\/revisions"}],"wp:featuredmedia":[{"embeddable":true,"href":"https:\/\/alzira.es\/es\/wp-json\/wp\/v2\/media\/51211"}],"wp:attachment":[{"href":"https:\/\/alzira.es\/es\/wp-json\/wp\/v2\/media?parent=51217"}],"wp:term":[{"taxonomy":"category","embeddable":true,"href":"https:\/\/alzira.es\/es\/wp-json\/wp\/v2\/categories?post=51217"},{"taxonomy":"post_tag","embeddable":true,"href":"https:\/\/alzira.es\/es\/wp-json\/wp\/v2\/tags?post=51217"}],"curies":[{"name":"wp","href":"https:\/\/api.w.org\/{rel}","templated":true}]}}