{"id":51203,"date":"2020-08-11T11:12:13","date_gmt":"2020-08-11T09:12:13","guid":{"rendered":"https:\/\/alzira.es\/biblio-contactareg-als-parterres-2\/"},"modified":"2020-08-11T11:12:13","modified_gmt":"2020-08-11T09:12:13","slug":"biblio-contactareg-als-parterres-2","status":"publish","type":"post","link":"https:\/\/alzira.es\/es\/biblio-contactareg-als-parterres-2\/","title":{"rendered":"Augmenta el reg als parterres del parc de l&#8217;Alquen\u00e8ncia dins del pla d&#8217;emerg\u00e8ncia per les elevades temperatures"},"content":{"rendered":"<p style=\"text-align: justify;\"><strong>Alzira, 11 d&#8217;agost de 2020.-<\/strong> Alzira compta amb una gran quantitat de zones enjardinades, sent la m\u00e9s extensa la del parc de l&#8217;Alquen\u00e8ncia, un quil\u00f2metre quadrat de vegetaci\u00f3 que cal cuidar de manera especial en esta \u00e8poca de l&#8217;any on les temperatures s\u00f3n molt elevades.<\/p>\n<p style=\"text-align: justify;\">Per a mantindre en condicions tota la vegetaci\u00f3 del parc s&#8217;est\u00e0 procedint a dur endavant una mesura d&#8217;emerg\u00e8ncia consistent en regar per mitj\u00e0 de l&#8217;estil &#8216;manta&#8217; tots els parterres. Este sistema de reg nom\u00e9s \u00e9s aplicable en circumst\u00e0ncies especials com en estos dies de calor.<\/p>\n<p style=\"text-align: justify;\"><em>\u00abUn dels objectius des que vam accedir a les tasques del govern municipal va ser incrementar el nombre d&#8217;arbres a la ciutat, aix\u00ed com la preservaci\u00f3, potenciaci\u00f3 i posada en valor de totes les zones verdes i rotondes d&#8217;Alzira. Crec que estem aconseguint tindre una ciutat molt m\u00e9s verda, cuidada i amb molta m\u00e9s vegetaci\u00f3, encara que per a\u00e7\u00f2 cal realitzar un treball constant i ferm per part de la Regidoria de Serveis Urbans i lNDITEC, l&#8217;empresa del manteniment dels parcs i jardins d&#8217;Alzira\u00bb<\/em>, segons ha manifestat <strong>Fernando Pascual<\/strong>, regidor encarregat de l&#8217;\u00e0rea.<\/p>\n<p style=\"text-align: justify;\">Com que encara queden dies d&#8217;estiu i les temperatures poden elevar-se puntualment m\u00e9s dels valors habituals, tant des de la Regidoria de Serveis Urbans com d&#8217;INDITEC, estem preparats per realitzat actuacions puntuals i d&#8217;emerg\u00e8ncia per a evitat que els arbres i plantes del nucli urb\u00e0 patisquen les inclem\u00e8ncies de les elevades pujades de temperatura.<\/p>\n<p style=\"text-align: center;\"><a class=\"jcepopup\" href=\"https:\/\/alzira.es\/wp-content\/uploads\/2020\/08\/IMG_3266.jpg\" target=\"_blank\" rel=\"noopener\"><img fetchpriority=\"high\" decoding=\"async\" class=\" size-full wp-image-51195\" src=\"https:\/\/alzira.es\/wp-content\/uploads\/2020\/08\/IMG_3266.jpg\" alt=\"IMG 3266\" width=\"400\" height=\"300\" \/><\/a>&nbsp;<a class=\"jcepopup\" style=\"text-align: center;\" type=\"image\" href=\"https:\/\/alzira.es\/wp-content\/uploads\/2020\/08\/IMG_3267.jpg\" target=\"_blank\" rel=\"noopener\"><img decoding=\"async\" class=\"size-full wp-image-51197 lazyload\" data-src=\"https:\/\/alzira.es\/wp-content\/uploads\/2020\/08\/IMG_3267.jpg\" alt=\"IMG 3267\" width=\"400\" height=\"300\" src=\"data:image\/svg+xml;base64,PHN2ZyB3aWR0aD0iMSIgaGVpZ2h0PSIxIiB4bWxucz0iaHR0cDovL3d3dy53My5vcmcvMjAwMC9zdmciPjwvc3ZnPg==\" style=\"--smush-placeholder-width: 400px; --smush-placeholder-aspect-ratio: 400\/300;\" \/><\/a>&nbsp;<a class=\"jcepopup\" style=\"text-align: center;\" type=\"image\" href=\"https:\/\/alzira.es\/wp-content\/uploads\/2020\/08\/IMG_3268.jpg\" target=\"_blank\" rel=\"noopener\"><img decoding=\"async\" class=\"size-full wp-image-51199 lazyload\" data-src=\"https:\/\/alzira.es\/wp-content\/uploads\/2020\/08\/IMG_3268.jpg\" alt=\"IMG 3268\" width=\"225\" height=\"300\" src=\"data:image\/svg+xml;base64,PHN2ZyB3aWR0aD0iMSIgaGVpZ2h0PSIxIiB4bWxucz0iaHR0cDovL3d3dy53My5vcmcvMjAwMC9zdmciPjwvc3ZnPg==\" style=\"--smush-placeholder-width: 225px; --smush-placeholder-aspect-ratio: 225\/300;\" \/><\/a><\/p>\n","protected":false},"excerpt":{"rendered":"<p>Alzira, 11 d&#8217;agost de 2020.- Alzira compta amb una gran quantitat de zones enjardinades, sent la m\u00e9s extensa la del parc de l&#8217;Alquen\u00e8ncia, un quil\u00f2metre quadrat de vegetaci\u00f3 que cal cuidar de manera especial en esta \u00e8poca de l&#8217;any on les temperatures s\u00f3n molt elevades. Per a mantindre en condicions tota la vegetaci\u00f3 del parc &hellip; <\/p>\n<p class=\"link-more\"><a href=\"https:\/\/alzira.es\/es\/biblio-contactareg-als-parterres-2\/\" class=\"more-link\">Continuar leyendo<span class=\"screen-reader-text\"> \u00abAugmenta el reg als parterres del parc de l&#8217;Alquen\u00e8ncia dins del pla d&#8217;emerg\u00e8ncia per les elevades temperatures\u00bb<\/span><\/a><\/p>\n","protected":false},"author":29,"featured_media":51195,"comment_status":"","ping_status":"","sticky":false,"template":"","format":"standard","meta":{"_acf_changed":false,"footnotes":""},"categories":[],"tags":[],"class_list":["post-51203","post","type-post","status-publish","format-standard","has-post-thumbnail","hentry"],"acf":[],"_links":{"self":[{"href":"https:\/\/alzira.es\/es\/wp-json\/wp\/v2\/posts\/51203","targetHints":{"allow":["GET"]}}],"collection":[{"href":"https:\/\/alzira.es\/es\/wp-json\/wp\/v2\/posts"}],"about":[{"href":"https:\/\/alzira.es\/es\/wp-json\/wp\/v2\/types\/post"}],"author":[{"embeddable":true,"href":"https:\/\/alzira.es\/es\/wp-json\/wp\/v2\/users\/29"}],"replies":[{"embeddable":true,"href":"https:\/\/alzira.es\/es\/wp-json\/wp\/v2\/comments?post=51203"}],"version-history":[{"count":0,"href":"https:\/\/alzira.es\/es\/wp-json\/wp\/v2\/posts\/51203\/revisions"}],"wp:featuredmedia":[{"embeddable":true,"href":"https:\/\/alzira.es\/es\/wp-json\/wp\/v2\/media\/51195"}],"wp:attachment":[{"href":"https:\/\/alzira.es\/es\/wp-json\/wp\/v2\/media?parent=51203"}],"wp:term":[{"taxonomy":"category","embeddable":true,"href":"https:\/\/alzira.es\/es\/wp-json\/wp\/v2\/categories?post=51203"},{"taxonomy":"post_tag","embeddable":true,"href":"https:\/\/alzira.es\/es\/wp-json\/wp\/v2\/tags?post=51203"}],"curies":[{"name":"wp","href":"https:\/\/api.w.org\/{rel}","templated":true}]}}