{"id":51192,"date":"2020-08-10T17:49:44","date_gmt":"2020-08-10T15:49:44","guid":{"rendered":"https:\/\/alzira.es\/51-persones-netegen-els-barrancs-2\/"},"modified":"2020-08-10T17:49:44","modified_gmt":"2020-08-10T15:49:44","slug":"51-persones-netegen-els-barrancs-2","status":"publish","type":"post","link":"https:\/\/alzira.es\/es\/51-persones-netegen-els-barrancs-2\/","title":{"rendered":"51 persones netegen els barrancs d\u2019Alzira gr\u00e0cies a una subvenci\u00f3 de m\u00e9s de 220.000\u202f\u20ac provinents de l\u2019Estat."},"content":{"rendered":"<p style=\"text-align: justify;\">Al llarg del mat\u00ed s&#8217;han revisat les tasques de neteja realitzades on tamb\u00e9 s&#8217;ha constru\u00eft un mur en el cam\u00ed de l&#8217;Almunia.<\/p>\n<p style=\"text-align: justify;\"><strong>Alzira, 10 d&#8217;agost de 2020.-<\/strong> L&#8217;Alcalde d&#8217;Alzira, <strong>Diego G\u00f3mez<\/strong>, acompanyat pel regidor responsable de Medi Ambient, Agricultura i Transici\u00f3 Ecol\u00f2gica, <strong>Pep Carreres<\/strong>, han revisat les tasques realitzades fins hui per les 51 persones adscrites al Programa de concessi\u00f3 de subvencions del Servei P\u00fablic d&#8217;Ocupaci\u00f3 Estatal en l&#8217;\u00e0mbit de col\u2022laboraci\u00f3 amb les Corporacions Locals per a pal\u2022liar la desocupaci\u00f3 agr\u00edcola eventual mitjan\u00e7ant projectes, la finalitat dels quals, siga garantir als treballadors un complement de renda, a trav\u00e9s de Plans Especials d&#8217;Ocupaci\u00f3 en zones rurals deprimides.<\/p>\n<p style=\"text-align: justify;\">A trav\u00e9s d&#8217;este programa, <strong>l&#8217;Ajuntament d&#8217;Alzira ha rebut una subvenci\u00f3 de 220.813 \u20ac per a la contractaci\u00f3 de 51 persones durant tres mesos<\/strong>, des de l&#8217;1 de Juliol. Pr\u00f2xims a l&#8217;equador d&#8217;este programa, <em>fins ara s&#8217;han fet tasques de manteniment en, entre altres, els barrancs de La Falzia, Vilella, Tora, Fosc i Les Estrelles, i en els camins de Toro, Rumbau, Hort de Mengual, Malec\u00f3, Sant Bernab\u00e9, Hort del Llidoner, Piletes, Eixabeg\u00f3 i Carasol de La Casella<\/em>.<\/p>\n<p style=\"text-align: justify;\">Esta neteja de barrancs tamb\u00e9 s&#8217;engloba de les mesures preventives de cara a futurs episodis de fortes pluges i inundacions.<\/p>\n<p style=\"text-align: justify;\">Tamb\u00e9 s&#8217;est\u00e0 construint un mur en el Cam\u00ed de l&#8217;Almunia, i s&#8217;estan realitzar obres de manteniment en una caseta representativa del patrimoni hidr\u00e0ulic d&#8217;Alzira.<\/p>\n<p style=\"text-align: justify;\">Hui s&#8217;han visitat les brigades que estan fent tasques de neteja del <em>barranc de Tora<\/em>, <em>Barranc de les Estrelles<\/em>,<em> Cam\u00ed del Malec\u00f3 i els camins de servei de la CV-572<\/em>, popularment coneguda com a<em> \u00abRuta del Colesterol\u00bb<\/em>.<\/p>\n<p style=\"text-align: center;\"><a class=\"jcepopup\" href=\"https:\/\/alzira.es\/wp-content\/uploads\/2020\/08\/IMG_5633.jpg\" target=\"_blank\" rel=\"noopener\"><img fetchpriority=\"high\" decoding=\"async\" class=\" size-full wp-image-51179\" src=\"https:\/\/alzira.es\/wp-content\/uploads\/2020\/08\/IMG_5633.jpg\" alt=\"IMG 5633\" width=\"300\" height=\"225\" srcset=\"https:\/\/alzira.es\/wp-content\/uploads\/2020\/08\/IMG_5633.jpg 2016w, https:\/\/alzira.es\/wp-content\/uploads\/2020\/08\/IMG_5633-680x510.jpg 680w, https:\/\/alzira.es\/wp-content\/uploads\/2020\/08\/IMG_5633-1430x1072.jpg 1430w, https:\/\/alzira.es\/wp-content\/uploads\/2020\/08\/IMG_5633-768x576.jpg 768w, https:\/\/alzira.es\/wp-content\/uploads\/2020\/08\/IMG_5633-1536x1152.jpg 1536w\" sizes=\"(max-width: 300px) 100vw, 300px\" \/><\/a>&nbsp;<a class=\"jcepopup\" style=\"text-align: center;\" type=\"image\" href=\"https:\/\/alzira.es\/wp-content\/uploads\/2020\/08\/IMG_5655.jpg\" target=\"_blank\" rel=\"noopener\"><img decoding=\"async\" class=\"size-full wp-image-51181 lazyload\" data-src=\"https:\/\/alzira.es\/wp-content\/uploads\/2020\/08\/IMG_5655.jpg\" alt=\"IMG 5655\" width=\"225\" height=\"225\" data-srcset=\"https:\/\/alzira.es\/wp-content\/uploads\/2020\/08\/IMG_5655.jpg 2190w, https:\/\/alzira.es\/wp-content\/uploads\/2020\/08\/IMG_5655-510x510.jpg 510w, https:\/\/alzira.es\/wp-content\/uploads\/2020\/08\/IMG_5655-1072x1072.jpg 1072w, https:\/\/alzira.es\/wp-content\/uploads\/2020\/08\/IMG_5655-350x350.jpg 350w, https:\/\/alzira.es\/wp-content\/uploads\/2020\/08\/IMG_5655-768x768.jpg 768w, https:\/\/alzira.es\/wp-content\/uploads\/2020\/08\/IMG_5655-300x300.jpg 300w, https:\/\/alzira.es\/wp-content\/uploads\/2020\/08\/IMG_5655-1536x1536.jpg 1536w, https:\/\/alzira.es\/wp-content\/uploads\/2020\/08\/IMG_5655-2048x2048.jpg 2048w, https:\/\/alzira.es\/wp-content\/uploads\/2020\/08\/IMG_5655-100x100.jpg 100w\" data-sizes=\"(max-width: 225px) 100vw, 225px\" src=\"data:image\/svg+xml;base64,PHN2ZyB3aWR0aD0iMSIgaGVpZ2h0PSIxIiB4bWxucz0iaHR0cDovL3d3dy53My5vcmcvMjAwMC9zdmciPjwvc3ZnPg==\" style=\"--smush-placeholder-width: 225px; --smush-placeholder-aspect-ratio: 225\/225;\" \/><\/a>&nbsp;<a class=\"jcepopup\" style=\"text-align: center;\" type=\"image\" href=\"https:\/\/alzira.es\/wp-content\/uploads\/2020\/08\/IMG_5750.jpg\" target=\"_blank\" rel=\"noopener\"><img decoding=\"async\" class=\"size-full wp-image-51184 lazyload\" data-src=\"https:\/\/alzira.es\/wp-content\/uploads\/2020\/08\/IMG_5750.jpg\" alt=\"IMG 5750\" width=\"300\" height=\"225\" data-srcset=\"https:\/\/alzira.es\/wp-content\/uploads\/2020\/08\/IMG_5750.jpg 2016w, https:\/\/alzira.es\/wp-content\/uploads\/2020\/08\/IMG_5750-680x510.jpg 680w, https:\/\/alzira.es\/wp-content\/uploads\/2020\/08\/IMG_5750-1430x1072.jpg 1430w, https:\/\/alzira.es\/wp-content\/uploads\/2020\/08\/IMG_5750-768x576.jpg 768w, https:\/\/alzira.es\/wp-content\/uploads\/2020\/08\/IMG_5750-1536x1152.jpg 1536w\" data-sizes=\"(max-width: 300px) 100vw, 300px\" src=\"data:image\/svg+xml;base64,PHN2ZyB3aWR0aD0iMSIgaGVpZ2h0PSIxIiB4bWxucz0iaHR0cDovL3d3dy53My5vcmcvMjAwMC9zdmciPjwvc3ZnPg==\" style=\"--smush-placeholder-width: 300px; --smush-placeholder-aspect-ratio: 300\/225;\" \/><\/a>&nbsp;<a class=\"jcepopup\" style=\"text-align: center;\" type=\"image\" href=\"https:\/\/alzira.es\/wp-content\/uploads\/2020\/08\/IMG_5758.jpg\" target=\"_blank\" rel=\"noopener\"><img decoding=\"async\" class=\"size-full wp-image-51187 lazyload\" data-src=\"https:\/\/alzira.es\/wp-content\/uploads\/2020\/08\/IMG_5758.jpg\" alt=\"IMG 5758\" width=\"112\" height=\"225\" data-srcset=\"https:\/\/alzira.es\/wp-content\/uploads\/2020\/08\/IMG_5758.jpg 799w, https:\/\/alzira.es\/wp-content\/uploads\/2020\/08\/IMG_5758-255x510.jpg 255w, https:\/\/alzira.es\/wp-content\/uploads\/2020\/08\/IMG_5758-536x1072.jpg 536w, https:\/\/alzira.es\/wp-content\/uploads\/2020\/08\/IMG_5758-768x1536.jpg 768w\" data-sizes=\"(max-width: 112px) 100vw, 112px\" src=\"data:image\/svg+xml;base64,PHN2ZyB3aWR0aD0iMSIgaGVpZ2h0PSIxIiB4bWxucz0iaHR0cDovL3d3dy53My5vcmcvMjAwMC9zdmciPjwvc3ZnPg==\" style=\"--smush-placeholder-width: 112px; --smush-placeholder-aspect-ratio: 112\/225;\" \/><\/a><\/p>\n","protected":false},"excerpt":{"rendered":"<p>Al llarg del mat\u00ed s&#8217;han revisat les tasques de neteja realitzades on tamb\u00e9 s&#8217;ha constru\u00eft un mur en el cam\u00ed de l&#8217;Almunia. Alzira, 10 d&#8217;agost de 2020.- L&#8217;Alcalde d&#8217;Alzira, Diego G\u00f3mez, acompanyat pel regidor responsable de Medi Ambient, Agricultura i Transici\u00f3 Ecol\u00f2gica, Pep Carreres, han revisat les tasques realitzades fins hui per les 51 persones &hellip; <\/p>\n<p class=\"link-more\"><a href=\"https:\/\/alzira.es\/es\/51-persones-netegen-els-barrancs-2\/\" class=\"more-link\">Continuar leyendo<span class=\"screen-reader-text\"> \u00ab51 persones netegen els barrancs d\u2019Alzira gr\u00e0cies a una subvenci\u00f3 de m\u00e9s de 220.000\u202f\u20ac provinents de l\u2019Estat.\u00bb<\/span><\/a><\/p>\n","protected":false},"author":29,"featured_media":51179,"comment_status":"","ping_status":"","sticky":false,"template":"","format":"standard","meta":{"_acf_changed":false,"footnotes":""},"categories":[],"tags":[],"class_list":["post-51192","post","type-post","status-publish","format-standard","has-post-thumbnail","hentry"],"acf":[],"_links":{"self":[{"href":"https:\/\/alzira.es\/es\/wp-json\/wp\/v2\/posts\/51192","targetHints":{"allow":["GET"]}}],"collection":[{"href":"https:\/\/alzira.es\/es\/wp-json\/wp\/v2\/posts"}],"about":[{"href":"https:\/\/alzira.es\/es\/wp-json\/wp\/v2\/types\/post"}],"author":[{"embeddable":true,"href":"https:\/\/alzira.es\/es\/wp-json\/wp\/v2\/users\/29"}],"replies":[{"embeddable":true,"href":"https:\/\/alzira.es\/es\/wp-json\/wp\/v2\/comments?post=51192"}],"version-history":[{"count":0,"href":"https:\/\/alzira.es\/es\/wp-json\/wp\/v2\/posts\/51192\/revisions"}],"wp:featuredmedia":[{"embeddable":true,"href":"https:\/\/alzira.es\/es\/wp-json\/wp\/v2\/media\/51179"}],"wp:attachment":[{"href":"https:\/\/alzira.es\/es\/wp-json\/wp\/v2\/media?parent=51192"}],"wp:term":[{"taxonomy":"category","embeddable":true,"href":"https:\/\/alzira.es\/es\/wp-json\/wp\/v2\/categories?post=51192"},{"taxonomy":"post_tag","embeddable":true,"href":"https:\/\/alzira.es\/es\/wp-json\/wp\/v2\/tags?post=51192"}],"curies":[{"name":"wp","href":"https:\/\/api.w.org\/{rel}","templated":true}]}}