{"id":51147,"date":"2020-08-06T13:29:49","date_gmt":"2020-08-06T11:29:49","guid":{"rendered":"https:\/\/alzira.es\/obres-de-reparacio-en-la-seu-d-apesorial-2\/"},"modified":"2020-08-06T13:29:49","modified_gmt":"2020-08-06T11:29:49","slug":"obres-de-reparacio-en-la-seu-d-apesorial-2","status":"publish","type":"post","link":"https:\/\/alzira.es\/es\/obres-de-reparacio-en-la-seu-d-apesorial-2\/","title":{"rendered":"Finalitzades les obres de reparaci\u00f3 en la seu d&#8217;APESORIAL l\u2019Associaci\u00f3 de Persones Sordes de la Ribera Alta"},"content":{"rendered":"<p style=\"text-align: justify;\"><strong>Alzira, 6 d&#8217;agost de 2020.-<\/strong> Des de la regidoria de Serveis Urbans i Obres P\u00fabliques s&#8217;ha procedit al llarg d&#8217;estes \u00faltimes setmanes a les tasques de reparaci\u00f3 i adequaci\u00f3 de l&#8217;immoble de titularitat municipal que ocupa <strong>APESORIAL<\/strong>, la casa est\u00e0 ubicada al carrer Hort dels Frares i compta amb m\u00e9s d&#8217;un segle.<\/p>\n<p style=\"text-align: justify;\">Esta instal\u00b7laci\u00f3 municipal es va veure afectada pels danys produ\u00efts pels vents i les fortes pluges de desembre de 2019 pel que era necessari procedir a reparar els desperfectes provocats, ja que en les condicions en qu\u00e8 es trobava no reunia les condicions necess\u00e0ries perqu\u00e8 els membres d&#8217;APESORIAL realitzaren el seu normal funcionament.<\/p>\n<p style=\"text-align: justify;\">L&#8217;actuaci\u00f3 ha consistit en la reparaci\u00f3 de les cobertes, afectades en la seua totalitat, on s&#8217;han substitu\u00eft els revestiments i elements constructius afectats per tal d&#8217;acabar amb les filtracions de l&#8217;aigua. S&#8217;ha estat treballant en el cos total de les cobertes de la primera planta que dona al pati interior i que havia col\u00b7lapsat, ja que es tractava de planxes de policarbonat que ara han sigut reempla\u00e7ades per cristall laminar sobre fusteria de suport d&#8217;alumini.<\/p>\n<p style=\"text-align: justify;\">Tamb\u00e9 s&#8217;ha solucionat la problem\u00e0tica del revestiment superior de les escales d&#8217;acc\u00e9s a la primera planta; s&#8217;han reparat les impermeabilitzacions de la canal interior de la fa\u00e7ana i la canal del pati interior; i finalment s&#8217;ha intervingut en tota la fa\u00e7ana recuperant revestiments de pintures exteriors, la fusteria deteriorada, baixants d&#8217;evacuaci\u00f3 d&#8217;aig\u00fces i arrebossats interiors.<\/p>\n<p style=\"text-align: justify;\">Un dels punts importants de la millora ha sigut la intervenci\u00f3 en les l\u00ednies de vida en cobertes, la qual cosa facilita les properes intervencions en el seu manteniment i conservaci\u00f3.<\/p>\n<p style=\"text-align: justify;\">El regidor responsable de Serveis Urbans i Obres P\u00fabliques, <strong>Fernando Pascual<\/strong>, ha destacat que <em>\u00abamb esta intervenci\u00f3 hem complit la nostra paraula amb l&#8217;associaci\u00f3 APESORIAL, amb els quals ens vam comprometre a reparar i adequar este edifici municipal despr\u00e9s dels danys provocats pels forts temporals de la tardor i hivern. Una de les finalitats del govern municipal \u00e9s mantindre els immobles de la seua titularitat\u00bb<\/em>.<\/p>\n<p style=\"text-align: justify;\">A m\u00e9s el regidor ha assenyalat la important tasca que desenvolupen des d&#8217;APESORIAL oferint un servici de mediaci\u00f3 social i d&#8217;interpretaci\u00f3 del llenguatge de signes.<\/p>\n<p style=\"text-align: center;\"><a class=\"jcepopup\" style=\"text-align: center;\" type=\"image\" href=\"https:\/\/alzira.es\/wp-content\/uploads\/2020\/08\/IMG-20200806-WA0001.jpg\" target=\"_blank\" rel=\"noopener\"><img fetchpriority=\"high\" decoding=\"async\" class=\" size-full wp-image-51137\" src=\"https:\/\/alzira.es\/wp-content\/uploads\/2020\/08\/IMG-20200806-WA0001.jpg\" alt=\"IMG-20200806-WA0001\" width=\"400\" height=\"300\" srcset=\"https:\/\/alzira.es\/wp-content\/uploads\/2020\/08\/IMG-20200806-WA0001.jpg 1600w, https:\/\/alzira.es\/wp-content\/uploads\/2020\/08\/IMG-20200806-WA0001-680x510.jpg 680w, https:\/\/alzira.es\/wp-content\/uploads\/2020\/08\/IMG-20200806-WA0001-1430x1072.jpg 1430w, https:\/\/alzira.es\/wp-content\/uploads\/2020\/08\/IMG-20200806-WA0001-768x576.jpg 768w, https:\/\/alzira.es\/wp-content\/uploads\/2020\/08\/IMG-20200806-WA0001-1536x1152.jpg 1536w\" sizes=\"(max-width: 400px) 100vw, 400px\" \/><\/a>&nbsp;<a class=\"jcepopup\" href=\"https:\/\/alzira.es\/wp-content\/uploads\/2020\/08\/IMG-20200805-WA0009.jpg\" target=\"_blank\" rel=\"noopener\"><img decoding=\"async\" class=\"size-full wp-image-51140 lazyload\" data-src=\"https:\/\/alzira.es\/wp-content\/uploads\/2020\/08\/IMG-20200805-WA0009.jpg\" alt=\"IMG-20200805-WA0009\" width=\"400\" height=\"300\" data-srcset=\"https:\/\/alzira.es\/wp-content\/uploads\/2020\/08\/IMG-20200805-WA0009.jpg 1024w, https:\/\/alzira.es\/wp-content\/uploads\/2020\/08\/IMG-20200805-WA0009-680x510.jpg 680w, https:\/\/alzira.es\/wp-content\/uploads\/2020\/08\/IMG-20200805-WA0009-768x576.jpg 768w\" data-sizes=\"(max-width: 400px) 100vw, 400px\" src=\"data:image\/svg+xml;base64,PHN2ZyB3aWR0aD0iMSIgaGVpZ2h0PSIxIiB4bWxucz0iaHR0cDovL3d3dy53My5vcmcvMjAwMC9zdmciPjwvc3ZnPg==\" style=\"--smush-placeholder-width: 400px; --smush-placeholder-aspect-ratio: 400\/300;\" \/><\/a>&nbsp;<a class=\"jcepopup\" style=\"text-align: center;\" type=\"image\" href=\"https:\/\/alzira.es\/wp-content\/uploads\/2020\/08\/IMG-20200806-WA0003.jpg\" target=\"_blank\" rel=\"noopener\"><img decoding=\"async\" class=\"size-full wp-image-51142 lazyload\" data-src=\"https:\/\/alzira.es\/wp-content\/uploads\/2020\/08\/IMG-20200806-WA0003.jpg\" alt=\"IMG-20200806-WA0003\" width=\"225\" height=\"300\" data-srcset=\"https:\/\/alzira.es\/wp-content\/uploads\/2020\/08\/IMG-20200806-WA0003.jpg 1200w, https:\/\/alzira.es\/wp-content\/uploads\/2020\/08\/IMG-20200806-WA0003-383x510.jpg 383w, https:\/\/alzira.es\/wp-content\/uploads\/2020\/08\/IMG-20200806-WA0003-804x1072.jpg 804w, https:\/\/alzira.es\/wp-content\/uploads\/2020\/08\/IMG-20200806-WA0003-768x1024.jpg 768w, https:\/\/alzira.es\/wp-content\/uploads\/2020\/08\/IMG-20200806-WA0003-300x400.jpg 300w, https:\/\/alzira.es\/wp-content\/uploads\/2020\/08\/IMG-20200806-WA0003-1152x1536.jpg 1152w\" data-sizes=\"(max-width: 225px) 100vw, 225px\" src=\"data:image\/svg+xml;base64,PHN2ZyB3aWR0aD0iMSIgaGVpZ2h0PSIxIiB4bWxucz0iaHR0cDovL3d3dy53My5vcmcvMjAwMC9zdmciPjwvc3ZnPg==\" style=\"--smush-placeholder-width: 225px; --smush-placeholder-aspect-ratio: 225\/300;\" \/><\/a><\/p>\n","protected":false},"excerpt":{"rendered":"<p>Alzira, 6 d&#8217;agost de 2020.- Des de la regidoria de Serveis Urbans i Obres P\u00fabliques s&#8217;ha procedit al llarg d&#8217;estes \u00faltimes setmanes a les tasques de reparaci\u00f3 i adequaci\u00f3 de l&#8217;immoble de titularitat municipal que ocupa APESORIAL, la casa est\u00e0 ubicada al carrer Hort dels Frares i compta amb m\u00e9s d&#8217;un segle. Esta instal\u00b7laci\u00f3 municipal &hellip; <\/p>\n<p class=\"link-more\"><a href=\"https:\/\/alzira.es\/es\/obres-de-reparacio-en-la-seu-d-apesorial-2\/\" class=\"more-link\">Continuar leyendo<span class=\"screen-reader-text\"> \u00abFinalitzades les obres de reparaci\u00f3 en la seu d&#8217;APESORIAL l\u2019Associaci\u00f3 de Persones Sordes de la Ribera Alta\u00bb<\/span><\/a><\/p>\n","protected":false},"author":29,"featured_media":51137,"comment_status":"","ping_status":"","sticky":false,"template":"","format":"standard","meta":{"_acf_changed":false,"footnotes":""},"categories":[],"tags":[],"class_list":["post-51147","post","type-post","status-publish","format-standard","has-post-thumbnail","hentry"],"acf":[],"_links":{"self":[{"href":"https:\/\/alzira.es\/es\/wp-json\/wp\/v2\/posts\/51147","targetHints":{"allow":["GET"]}}],"collection":[{"href":"https:\/\/alzira.es\/es\/wp-json\/wp\/v2\/posts"}],"about":[{"href":"https:\/\/alzira.es\/es\/wp-json\/wp\/v2\/types\/post"}],"author":[{"embeddable":true,"href":"https:\/\/alzira.es\/es\/wp-json\/wp\/v2\/users\/29"}],"replies":[{"embeddable":true,"href":"https:\/\/alzira.es\/es\/wp-json\/wp\/v2\/comments?post=51147"}],"version-history":[{"count":0,"href":"https:\/\/alzira.es\/es\/wp-json\/wp\/v2\/posts\/51147\/revisions"}],"wp:featuredmedia":[{"embeddable":true,"href":"https:\/\/alzira.es\/es\/wp-json\/wp\/v2\/media\/51137"}],"wp:attachment":[{"href":"https:\/\/alzira.es\/es\/wp-json\/wp\/v2\/media?parent=51147"}],"wp:term":[{"taxonomy":"category","embeddable":true,"href":"https:\/\/alzira.es\/es\/wp-json\/wp\/v2\/categories?post=51147"},{"taxonomy":"post_tag","embeddable":true,"href":"https:\/\/alzira.es\/es\/wp-json\/wp\/v2\/tags?post=51147"}],"curies":[{"name":"wp","href":"https:\/\/api.w.org\/{rel}","templated":true}]}}