{"id":51129,"date":"2020-08-04T16:51:49","date_gmt":"2020-08-04T14:51:49","guid":{"rendered":"https:\/\/alzira.es\/instal-lacions-municipals-baix-les-mesures-d-esport-2\/"},"modified":"2020-08-04T16:51:49","modified_gmt":"2020-08-04T14:51:49","slug":"instal-lacions-municipals-baix-les-mesures-d-esport-2","status":"publish","type":"post","link":"https:\/\/alzira.es\/es\/instal-lacions-municipals-baix-les-mesures-d-esport-2\/","title":{"rendered":"Els Clubs Esportius d&#8217;Alzira utilitzen en agost les instal\u2022lacions municipals baix les mesures d&#8217;esport segur"},"content":{"rendered":"<p style=\"text-align: justify;\"><strong>Alzira, 4 d&#8217;agost de 2020.-<\/strong> Les instal\u00b7lacions esportives de la ciutat d&#8217;Alzira estan obertes en agost per a la pr\u00e0ctica de l&#8217;esport a totes aquelles entitats que ho han sol\u00b7licitat, acollint-se a les mesures front a la Covid-19.<\/p>\n<p style=\"text-align: justify;\"><strong>Fernando Pascual<\/strong>, regidor d&#8217;Esports, manifesta que <em>\u00abEntre tots hem fet un esfor\u00e7 per tal de no aturar l&#8217;activitat esportiva en el mes d&#8217;agost, ja que \u00e9s l&#8217;\u00e8poca de l&#8217;any en la que es sol disposar de major temps per les vacances, \u00e9s per aix\u00f2 que des de la Regidoria hem fet possible que totes les sol\u00b7licituds que hem rebut al departament d&#8217;Esports hi hagen sigut aprovades despr\u00e9s de determinar que compleixen les mesures de seguretat que no hem d&#8217;obviar en cap moment per seguir fer front a la pand\u00e8mia\u00bb.<\/em><\/p>\n<p style=\"text-align: justify;\"><strong>Llistat de clubs i instal\u00b7lacions esportives de els que faran \u00fas al llarg d&#8217;este mes:<\/strong><\/p>\n<p style=\"text-align: justify; margin-left: 30px;\"><span style=\"text-decoration: underline;\">Club Associaci\u00f3 Ajuda al Futbol Base U.D. Alzira<\/span>, el juvenil A i B, el cadet A, Infantil A, i el femen\u00ed A i B, utilitzaran la Ciutat Esportiva Jorge Mart\u00ednez Aspar per les vesprades bona part del mes.<\/p>\n<p style=\"text-align: justify; margin-left: 30px;\"><span style=\"text-decoration: underline;\">Club Nataci\u00f3 Trencaones<\/span>, dilluns, dimecres i divendres, de 10.30 a 12.30, ocuparan tres carrers de la piscina coberta.<\/p>\n<p style=\"text-align: justify; margin-left: 30px;\"><span style=\"text-decoration: underline;\">Club Halterof\u00edlia Alzira<\/span>, dilluns i divendres, de 18.00 a 21.00 hores, Palau d&#8217;Esports.<\/p>\n<p style=\"text-align: justify; margin-left: 30px;\"><span style=\"text-decoration: underline;\">Club de Tennis Taula Alzira<\/span>, dies 25 i27 d&#8217;agost, de 19.00 a 22.00 hores, entrenaments al Poliesportiu P\u00e9rez Puig.<\/p>\n<p style=\"text-align: justify; margin-left: 30px;\"><span style=\"text-decoration: underline;\">Club Futbol Ciutat d&#8217;Alzira<\/span>, dies 25, 26, 27 i 31, entrenament de porters i proves de cadet, de 18.30 a 21.00 hores.<\/p>\n<p style=\"text-align: justify; margin-left: 30px;\"><span style=\"text-decoration: underline;\">Club Taekwondo F\u00e8nix Alzira<\/span>, del 3 al 13 d&#8217;agost, entrenaments a la sala funcional del Fontana Mogort, de 10.30 a 12.00 hores.<\/p>\n<p style=\"text-align: justify; margin-left: 30px;\"><span style=\"text-decoration: underline;\">Club Alzira Futbol Sala<\/span>, des del 17 d&#8217;agost entrenament del primer equip, dilluns, dimarts, dimecres i divendres, de 19.30 a 21.30 hores.<\/p>\n<p style=\"text-align: justify; margin-left: 30px;\"><span style=\"text-decoration: underline;\">Club Rugby Alzira<\/span>, des del 18 d&#8217;agost entrenament de l&#8217;equip s\u00e8nior, dimarts, dijous i divendres, de 20.00 a 22.00 hores.<\/p>\n<p style=\"text-align: justify; margin-left: 30px;\"><span style=\"text-decoration: underline;\">Club Atletisme la Rabosa<\/span>, dilluns, dimecres i dijous, de 19.00 a 21.00 hores, entrenaments a la Ciutat Esportiva Jorge Mart\u00ednez Aspar.<\/p>\n<p style=\"text-align: justify; margin-left: 30px;\"><span style=\"text-decoration: underline;\">Club Pilota Valenciana Alzira<\/span>, dissabtes 8, 22 i 29, de 17.00 a 21.00 hores, competicions en el Trinquet Municipal.<\/p>\n<p style=\"text-align: justify;\">Les instal\u00b7lacions esportives estan perfectament senyalitzades i dotades de les mesures de seguretat necess\u00e0ries i correspon a les entitats esportives velar pel compliment dels protocols sanitaris pertinents.<\/p>\n<p style=\"text-align: center;\"><img fetchpriority=\"high\" decoding=\"async\" width=\"1200\" height=\"540\" class=\" size-full wp-image-51125\" src=\"https:\/\/alzira.es\/wp-content\/uploads\/2020\/08\/ciutat_esportiva.jpg\" alt=\"ciutat esportiva\" srcset=\"https:\/\/alzira.es\/wp-content\/uploads\/2020\/08\/ciutat_esportiva.jpg 1200w, https:\/\/alzira.es\/wp-content\/uploads\/2020\/08\/ciutat_esportiva-680x306.jpg 680w, https:\/\/alzira.es\/wp-content\/uploads\/2020\/08\/ciutat_esportiva-768x346.jpg 768w\" sizes=\"(max-width: 706px) 89vw, (max-width: 767px) 82vw, 740px\" \/><\/p>\n","protected":false},"excerpt":{"rendered":"<p>Alzira, 4 d&#8217;agost de 2020.- Les instal\u00b7lacions esportives de la ciutat d&#8217;Alzira estan obertes en agost per a la pr\u00e0ctica de l&#8217;esport a totes aquelles entitats que ho han sol\u00b7licitat, acollint-se a les mesures front a la Covid-19. Fernando Pascual, regidor d&#8217;Esports, manifesta que \u00abEntre tots hem fet un esfor\u00e7 per tal de no aturar &hellip; <\/p>\n<p class=\"link-more\"><a href=\"https:\/\/alzira.es\/es\/instal-lacions-municipals-baix-les-mesures-d-esport-2\/\" class=\"more-link\">Continuar leyendo<span class=\"screen-reader-text\"> \u00abEls Clubs Esportius d&#8217;Alzira utilitzen en agost les instal\u2022lacions municipals baix les mesures d&#8217;esport segur\u00bb<\/span><\/a><\/p>\n","protected":false},"author":29,"featured_media":51125,"comment_status":"","ping_status":"","sticky":false,"template":"","format":"standard","meta":{"_acf_changed":false,"footnotes":""},"categories":[],"tags":[],"class_list":["post-51129","post","type-post","status-publish","format-standard","has-post-thumbnail","hentry"],"acf":[],"_links":{"self":[{"href":"https:\/\/alzira.es\/es\/wp-json\/wp\/v2\/posts\/51129","targetHints":{"allow":["GET"]}}],"collection":[{"href":"https:\/\/alzira.es\/es\/wp-json\/wp\/v2\/posts"}],"about":[{"href":"https:\/\/alzira.es\/es\/wp-json\/wp\/v2\/types\/post"}],"author":[{"embeddable":true,"href":"https:\/\/alzira.es\/es\/wp-json\/wp\/v2\/users\/29"}],"replies":[{"embeddable":true,"href":"https:\/\/alzira.es\/es\/wp-json\/wp\/v2\/comments?post=51129"}],"version-history":[{"count":0,"href":"https:\/\/alzira.es\/es\/wp-json\/wp\/v2\/posts\/51129\/revisions"}],"wp:featuredmedia":[{"embeddable":true,"href":"https:\/\/alzira.es\/es\/wp-json\/wp\/v2\/media\/51125"}],"wp:attachment":[{"href":"https:\/\/alzira.es\/es\/wp-json\/wp\/v2\/media?parent=51129"}],"wp:term":[{"taxonomy":"category","embeddable":true,"href":"https:\/\/alzira.es\/es\/wp-json\/wp\/v2\/categories?post=51129"},{"taxonomy":"post_tag","embeddable":true,"href":"https:\/\/alzira.es\/es\/wp-json\/wp\/v2\/tags?post=51129"}],"curies":[{"name":"wp","href":"https:\/\/api.w.org\/{rel}","templated":true}]}}