{"id":51124,"date":"2020-08-04T09:15:54","date_gmt":"2020-08-04T07:15:54","guid":{"rendered":"https:\/\/alzira.es\/comenca-el-pla-d-ocupacio-social-amb-20-treballadors-que-perderen-la-seua-feina-a-causa-de-la-covid19\/"},"modified":"2020-08-04T09:15:54","modified_gmt":"2020-08-04T07:15:54","slug":"comenca-el-pla-d-ocupacio-social-amb-20-treballadors-que-perderen-la-seua-feina-a-causa-de-la-covid19","status":"publish","type":"post","link":"https:\/\/alzira.es\/es\/comenca-el-pla-d-ocupacio-social-amb-20-treballadors-que-perderen-la-seua-feina-a-causa-de-la-covid19\/","title":{"rendered":"Comen\u00e7a el Pla d\u2019Ocupaci\u00f3 Social amb 20 treballadors que perderen la seua feina a causa de la COVID19"},"content":{"rendered":"<p style=\"text-align: justify;\">El Pla d&#8217;Ocupaci\u00f3 Social es va crear per tal de mitigar la desocupaci\u00f3 a la nostra ciutat a causa de la crisi sanit\u00e0ria, social i econ\u00f2mica de la COVID19. L&#8217;objectiu \u00e9s aproximar al mercat laboral les persones desocupades mitjan\u00e7ant contractes temporals en els diferents departaments municipals.<\/p>\n<p>No es tracta \u00fanicament d&#8217;adquirir experi\u00e8ncia en un treball determinat, sin\u00f3 tamb\u00e9 que esta experi\u00e8ncia actue en benefici personal, i tinga un apropament a la reincorporaci\u00f3 al mercat laboral a trav\u00e9s de la realitzaci\u00f3 de l&#8217;Itinerari Vital Individualitzat, per tal de millorar la seua ocupabilitat.<\/p>\n<p>Dins d&#8217;este programa es poden diferenciar dues modalitats. Per una banda, treballs per a personal no qualificat amb un total de 20 treballadors. El dimecres 5 d&#8217;agost comen\u00e7aran a treballar amb un per\u00edode m\u00ednim de 6 mesos prorrogables segons les necessitats del servei, per a realitzar les funcions d&#8217;ajudant de manteniment, neteja, jardineria, obra, pintura, personal de magatzem, c\u00e0rrega i desc\u00e0rrega.<\/p>\n<p>D&#8217;altra banda, una segona modalitat dirigida a persones qualificades amb un total de 13 llocs, sent una estimaci\u00f3, que podr\u00e0 ampliar-se, segons les necessitats. Esta modalitat est\u00e0 en proc\u00e9s de baremaci\u00f3 de les sol\u00b7licituds presentades, comen\u00e7aran al mes de setembre amb per\u00edode m\u00ednim de 6 mesos prorrogables per a realitzar les seg\u00fcents funcions, segons perfil:<\/p>\n<p>\u00b7 oficial de 1\u00aa d&#8217;electromec\u00e0nica,<br \/>\u00b7 t\u00e8cnic en mitjans audiovisuals i comunicaci\u00f3,<br \/>\u00b7 t\u00e8cnic de formaci\u00f3,<br \/>\u00b7 t\u00e8cnic en orientaci\u00f3 laboral,<br \/>\u00b7 administratiu\/va,<br \/>\u00b7 auxiliar d&#8217;atenci\u00f3 a l&#8217;usuari,<br \/>\u00b7 oficial de 1\u00aa d&#8217;obra,<br \/>\u00b7 oficial de 1\u00aa d&#8217;electricista,<br \/>\u00b7 enginyer\/a industrial electricitat,<br \/>\u00b7 t\u00e8cnic de comunicaci\u00f3 i,<br \/>\u00b7 t\u00e8cnic de prevenci\u00f3 de riscos laborals.<\/p>\n<p>El pressupost del programa \u00e9s de 500.000\u20ac. Part d&#8217;esta quantitat \u00e9s finan\u00e7ada per les partides que estaven dedicades a les festes de la ciutat anul\u00b7lades per la situaci\u00f3 provocada per la COVID19.<\/p>\n<p>Segons ha declarat l&#8217;alcalde Diego G\u00f3mez: \u00abEl Pla d&#8217;Ocupaci\u00f3 Social dona resposta a una estrat\u00e8gia aprovada al Consell Econ\u00f2mic i Social a proposta dels sindicats\u00bb.<\/p>\n<p><a href=\"https:\/\/alzira.es\/wp-content\/uploads\/2020\/08\/idea_3_pequena.jpg\" target=\"_blank\" rel=\"noopener\"><img fetchpriority=\"high\" decoding=\"async\" class=\" size-full wp-image-51120\" src=\"https:\/\/alzira.es\/wp-content\/uploads\/2020\/08\/idea_3_pequena.jpg\" alt=\"idea 3 peque\u00f1a\" width=\"500\" height=\"334\" srcset=\"https:\/\/alzira.es\/wp-content\/uploads\/2020\/08\/idea_3_pequena.jpg 1000w, https:\/\/alzira.es\/wp-content\/uploads\/2020\/08\/idea_3_pequena-680x454.jpg 680w, https:\/\/alzira.es\/wp-content\/uploads\/2020\/08\/idea_3_pequena-768x512.jpg 768w, https:\/\/alzira.es\/wp-content\/uploads\/2020\/08\/idea_3_pequena-391x260.jpg 391w\" sizes=\"(max-width: 500px) 100vw, 500px\" \/><\/a><\/p>\n","protected":false},"excerpt":{"rendered":"<p>El Pla d&#8217;Ocupaci\u00f3 Social es va crear per tal de mitigar la desocupaci\u00f3 a la nostra ciutat a causa de la crisi sanit\u00e0ria, social i econ\u00f2mica de la COVID19. L&#8217;objectiu \u00e9s aproximar al mercat laboral les persones desocupades mitjan\u00e7ant contractes temporals en els diferents departaments municipals. No es tracta \u00fanicament d&#8217;adquirir experi\u00e8ncia en un treball &hellip; <\/p>\n<p class=\"link-more\"><a href=\"https:\/\/alzira.es\/es\/comenca-el-pla-d-ocupacio-social-amb-20-treballadors-que-perderen-la-seua-feina-a-causa-de-la-covid19\/\" class=\"more-link\">Continuar leyendo<span class=\"screen-reader-text\"> \u00abComen\u00e7a el Pla d\u2019Ocupaci\u00f3 Social amb 20 treballadors que perderen la seua feina a causa de la COVID19\u00bb<\/span><\/a><\/p>\n","protected":false},"author":29,"featured_media":51120,"comment_status":"","ping_status":"","sticky":false,"template":"","format":"standard","meta":{"_acf_changed":false,"footnotes":""},"categories":[],"tags":[],"class_list":["post-51124","post","type-post","status-publish","format-standard","has-post-thumbnail","hentry"],"acf":[],"_links":{"self":[{"href":"https:\/\/alzira.es\/es\/wp-json\/wp\/v2\/posts\/51124","targetHints":{"allow":["GET"]}}],"collection":[{"href":"https:\/\/alzira.es\/es\/wp-json\/wp\/v2\/posts"}],"about":[{"href":"https:\/\/alzira.es\/es\/wp-json\/wp\/v2\/types\/post"}],"author":[{"embeddable":true,"href":"https:\/\/alzira.es\/es\/wp-json\/wp\/v2\/users\/29"}],"replies":[{"embeddable":true,"href":"https:\/\/alzira.es\/es\/wp-json\/wp\/v2\/comments?post=51124"}],"version-history":[{"count":0,"href":"https:\/\/alzira.es\/es\/wp-json\/wp\/v2\/posts\/51124\/revisions"}],"wp:featuredmedia":[{"embeddable":true,"href":"https:\/\/alzira.es\/es\/wp-json\/wp\/v2\/media\/51120"}],"wp:attachment":[{"href":"https:\/\/alzira.es\/es\/wp-json\/wp\/v2\/media?parent=51124"}],"wp:term":[{"taxonomy":"category","embeddable":true,"href":"https:\/\/alzira.es\/es\/wp-json\/wp\/v2\/categories?post=51124"},{"taxonomy":"post_tag","embeddable":true,"href":"https:\/\/alzira.es\/es\/wp-json\/wp\/v2\/tags?post=51124"}],"curies":[{"name":"wp","href":"https:\/\/api.w.org\/{rel}","templated":true}]}}