{"id":51110,"date":"2020-07-31T15:19:01","date_gmt":"2020-07-31T13:19:01","guid":{"rendered":"https:\/\/alzira.es\/conveni-per-a-completar-la-recuperacio-del-tracat-de-l-antic-trenet\/"},"modified":"2020-07-31T15:19:01","modified_gmt":"2020-07-31T13:19:01","slug":"conveni-per-a-completar-la-recuperacio-del-tracat-de-l-antic-trenet","status":"publish","type":"post","link":"https:\/\/alzira.es\/es\/conveni-per-a-completar-la-recuperacio-del-tracat-de-l-antic-trenet\/","title":{"rendered":"Conveni per a completar la recuperaci\u00f3 del tra\u00e7at de l&#8217;Antic Trenet"},"content":{"rendered":"<p style=\"text-align: justify;\">La Mancomunitat de la Ribera Alta i l&#8217;Ajuntament d&#8217;Alzira han signat un conveni de col\u2022laboraci\u00f3 per a l&#8217;adequaci\u00f3 i recuperaci\u00f3 del cam\u00ed natural de l&#8217;Antic Trenet, i m\u00e9s concretament el tram que actualment est\u00e0 pendent d&#8217;execuci\u00f3 entre el barranc de l&#8217;estret i la caseta del guardabarreres, en el creuament del cam\u00ed natural amb la carretera CV-50.<\/p>\n<p>Aquesta intervenci\u00f3 tindr\u00e0 un cost total de 823.000 euros, i es realitzar\u00e0 amb el finan\u00e7ament de l&#8217;Institut per a la Diversificaci\u00f3 i Estalvi Energ\u00e8tic, depenent del Ministeri per a la Transici\u00f3 Ecol\u00f2gica i el Repte Demogr\u00e0fic, que aporta el 50% de la despesa de les obres, mentre que la resta ser\u00e0 finan\u00e7ada per l&#8217;Ajuntament d&#8217;Alzira i la Mancomunitat de la Ribera Alta. Pr\u00f2ximament s&#8217;iniciaran els treballs d&#8217;expropiaci\u00f3 de terrenys i la finalitzaci\u00f3 de les obres est\u00e0 prevista per a 2023.<\/p>\n<p>El recorregut del tra\u00e7at de l&#8217;Antic Trenet t\u00e9 una longitud total de 27 km, des de les actuals estacions de tren de Carcaixent i Alzira fins a l&#8217;estaci\u00f3 de Tavernes de la Valldigna. Actualment ja s&#8217;han recuperat 12 km, i est\u00e0 previst que per a 2021 es complete el cam\u00ed des del Portitxol fins a l&#8217;estaci\u00f3 de Tavernes. Aix\u00ed, amb l&#8217;adequaci\u00f3 i recuperaci\u00f3 de la part del tra\u00e7at de l&#8217;Antic Trenet signat en el conveni de hui, d&#8217;1,9 km. conjuntament amb la recuperaci\u00f3 del tram que uneix el cam\u00ed amb el nucli de Carcaixent i que realitzar\u00e0 pr\u00f2ximament la Diputaci\u00f3 de Val\u00e8ncia, es completa tot el recorregut quer transita per la Ribera Alta i la Valldigna.<\/p>\n<p style=\"text-align: center;\"><a class=\"jcepopup\" href=\"https:\/\/alzira.es\/wp-content\/uploads\/2020\/07\/signatura_conveni_1.jpg\" target=\"_blank\" rel=\"noopener\"><img fetchpriority=\"high\" decoding=\"async\" class=\" size-full wp-image-51095\" src=\"https:\/\/alzira.es\/wp-content\/uploads\/2020\/07\/signatura_conveni_1.jpg\" alt=\"signatura conveni 1\" width=\"600\" height=\"375\" srcset=\"https:\/\/alzira.es\/wp-content\/uploads\/2020\/07\/signatura_conveni_1.jpg 1413w, https:\/\/alzira.es\/wp-content\/uploads\/2020\/07\/signatura_conveni_1-680x425.jpg 680w, https:\/\/alzira.es\/wp-content\/uploads\/2020\/07\/signatura_conveni_1-768x480.jpg 768w\" sizes=\"(max-width: 600px) 100vw, 600px\" \/><\/a>&nbsp;<a class=\"jcepopup\" style=\"text-align: center;\" type=\"image\" href=\"https:\/\/alzira.es\/wp-content\/uploads\/2020\/07\/Signatura_conveni_2.jpg\" target=\"_blank\" rel=\"noopener\"><img decoding=\"async\" class=\"size-full wp-image-51097 lazyload\" data-src=\"https:\/\/alzira.es\/wp-content\/uploads\/2020\/07\/Signatura_conveni_2.jpg\" alt=\"Signatura conveni 2\" width=\"598\" height=\"375\" src=\"data:image\/svg+xml;base64,PHN2ZyB3aWR0aD0iMSIgaGVpZ2h0PSIxIiB4bWxucz0iaHR0cDovL3d3dy53My5vcmcvMjAwMC9zdmciPjwvc3ZnPg==\" style=\"--smush-placeholder-width: 598px; --smush-placeholder-aspect-ratio: 598\/375;\" \/><\/a><\/p>\n<p style=\"text-align: center;\"><a class=\"jcepopup\" style=\"text-align: center;\" type=\"image\" href=\"https:\/\/alzira.es\/wp-content\/uploads\/2020\/07\/Signatura_conveni_3.jpg\" target=\"_blank\" rel=\"noopener\"><img decoding=\"async\" class=\"size-full wp-image-51100 lazyload\" data-src=\"https:\/\/alzira.es\/wp-content\/uploads\/2020\/07\/Signatura_conveni_3.jpg\" alt=\"Signatura conveni 3\" width=\"600\" height=\"314\" src=\"data:image\/svg+xml;base64,PHN2ZyB3aWR0aD0iMSIgaGVpZ2h0PSIxIiB4bWxucz0iaHR0cDovL3d3dy53My5vcmcvMjAwMC9zdmciPjwvc3ZnPg==\" style=\"--smush-placeholder-width: 600px; --smush-placeholder-aspect-ratio: 600\/314;\" \/><\/a>&nbsp;<a class=\"jcepopup\" style=\"text-align: center;\" type=\"image\" href=\"https:\/\/alzira.es\/wp-content\/uploads\/2020\/07\/Signatura_conveni_4.jpg\" target=\"_blank\" rel=\"noopener\"><img decoding=\"async\" class=\"size-full wp-image-51103 lazyload\" data-src=\"https:\/\/alzira.es\/wp-content\/uploads\/2020\/07\/Signatura_conveni_4.jpg\" alt=\"Signatura conveni 4\" width=\"470\" height=\"314\" src=\"data:image\/svg+xml;base64,PHN2ZyB3aWR0aD0iMSIgaGVpZ2h0PSIxIiB4bWxucz0iaHR0cDovL3d3dy53My5vcmcvMjAwMC9zdmciPjwvc3ZnPg==\" style=\"--smush-placeholder-width: 470px; --smush-placeholder-aspect-ratio: 470\/314;\" \/><\/a><\/p>\n<p style=\"text-align: center;\"><a class=\"jcepopup\" style=\"text-align: center;\" type=\"image\" href=\"https:\/\/alzira.es\/wp-content\/uploads\/2020\/07\/signatura_conveni_7.jpg\" target=\"_blank\" rel=\"noopener\"><img decoding=\"async\" class=\"size-full wp-image-51105 lazyload\" data-src=\"https:\/\/alzira.es\/wp-content\/uploads\/2020\/07\/signatura_conveni_7.jpg\" alt=\"signatura conveni 7\" width=\"543\" height=\"326\" data-srcset=\"https:\/\/alzira.es\/wp-content\/uploads\/2020\/07\/signatura_conveni_7.jpg 1108w, https:\/\/alzira.es\/wp-content\/uploads\/2020\/07\/signatura_conveni_7-680x408.jpg 680w, https:\/\/alzira.es\/wp-content\/uploads\/2020\/07\/signatura_conveni_7-768x461.jpg 768w\" data-sizes=\"(max-width: 543px) 100vw, 543px\" src=\"data:image\/svg+xml;base64,PHN2ZyB3aWR0aD0iMSIgaGVpZ2h0PSIxIiB4bWxucz0iaHR0cDovL3d3dy53My5vcmcvMjAwMC9zdmciPjwvc3ZnPg==\" style=\"--smush-placeholder-width: 543px; --smush-placeholder-aspect-ratio: 543\/326;\" \/><\/a><\/p>\n","protected":false},"excerpt":{"rendered":"<p>La Mancomunitat de la Ribera Alta i l&#8217;Ajuntament d&#8217;Alzira han signat un conveni de col\u2022laboraci\u00f3 per a l&#8217;adequaci\u00f3 i recuperaci\u00f3 del cam\u00ed natural de l&#8217;Antic Trenet, i m\u00e9s concretament el tram que actualment est\u00e0 pendent d&#8217;execuci\u00f3 entre el barranc de l&#8217;estret i la caseta del guardabarreres, en el creuament del cam\u00ed natural amb la carretera &hellip; <\/p>\n<p class=\"link-more\"><a href=\"https:\/\/alzira.es\/es\/conveni-per-a-completar-la-recuperacio-del-tracat-de-l-antic-trenet\/\" class=\"more-link\">Continuar leyendo<span class=\"screen-reader-text\"> \u00abConveni per a completar la recuperaci\u00f3 del tra\u00e7at de l&#8217;Antic Trenet\u00bb<\/span><\/a><\/p>\n","protected":false},"author":29,"featured_media":51095,"comment_status":"","ping_status":"","sticky":false,"template":"","format":"standard","meta":{"_acf_changed":false,"footnotes":""},"categories":[],"tags":[],"class_list":["post-51110","post","type-post","status-publish","format-standard","has-post-thumbnail","hentry"],"acf":[],"_links":{"self":[{"href":"https:\/\/alzira.es\/es\/wp-json\/wp\/v2\/posts\/51110","targetHints":{"allow":["GET"]}}],"collection":[{"href":"https:\/\/alzira.es\/es\/wp-json\/wp\/v2\/posts"}],"about":[{"href":"https:\/\/alzira.es\/es\/wp-json\/wp\/v2\/types\/post"}],"author":[{"embeddable":true,"href":"https:\/\/alzira.es\/es\/wp-json\/wp\/v2\/users\/29"}],"replies":[{"embeddable":true,"href":"https:\/\/alzira.es\/es\/wp-json\/wp\/v2\/comments?post=51110"}],"version-history":[{"count":0,"href":"https:\/\/alzira.es\/es\/wp-json\/wp\/v2\/posts\/51110\/revisions"}],"wp:featuredmedia":[{"embeddable":true,"href":"https:\/\/alzira.es\/es\/wp-json\/wp\/v2\/media\/51095"}],"wp:attachment":[{"href":"https:\/\/alzira.es\/es\/wp-json\/wp\/v2\/media?parent=51110"}],"wp:term":[{"taxonomy":"category","embeddable":true,"href":"https:\/\/alzira.es\/es\/wp-json\/wp\/v2\/categories?post=51110"},{"taxonomy":"post_tag","embeddable":true,"href":"https:\/\/alzira.es\/es\/wp-json\/wp\/v2\/tags?post=51110"}],"curies":[{"name":"wp","href":"https:\/\/api.w.org\/{rel}","templated":true}]}}