{"id":51094,"date":"2020-07-31T14:59:33","date_gmt":"2020-07-31T12:59:33","guid":{"rendered":"https:\/\/alzira.es\/l-ajuntament-d-alzira-presenta-la-plataforma-de-venda-en-linia-alziraescomercio-com\/"},"modified":"2020-07-31T14:59:33","modified_gmt":"2020-07-31T12:59:33","slug":"l-ajuntament-d-alzira-presenta-la-plataforma-de-venda-en-linia-alziraescomercio-com","status":"publish","type":"post","link":"https:\/\/alzira.es\/es\/l-ajuntament-d-alzira-presenta-la-plataforma-de-venda-en-linia-alziraescomercio-com\/","title":{"rendered":"L\u2019Ajuntament d\u2019Alzira presenta la plataforma de venda en l\u00ednia Alziraescomercio.com"},"content":{"rendered":"<p style=\"text-align: justify;\">Hui ha arrancat la formaci\u00f3 per als comer\u00e7os del que ser\u00e0 la futura plataforma de venda en l\u00ednia del comer\u00e7 local d&#8217;Alzira www.alziraescomercio.com<\/p>\n<p>M\u00e9s de 80 establiments formaran part d&#8217;esta plataforma, que s&#8217;espera que estiga operativa a mitjan setembre, i que es preveu m\u00e9s necess\u00e0ria que mai, en el moment de crisi sanit\u00e0ria actual.<\/p>\n<p>En la primera sessi\u00f3 formativa, m\u00e9s de 40 comer\u00e7os han pogut assistir telem\u00e0ticament, per a formalitzar la seua alta en la plataforma i omplir-la de contingut.<\/p>\n<p>La venda en l\u00ednia t\u00e9 un creixement exponencial cada any, les maneres de comprar han canviat i els canals de venda s&#8217;han transformat, per\u00f2 el xicotet comer\u00e7 continua sent essencial per a l&#8217;economia local i per a mantindre viva la nostra ciutat. Al seu torn, el consumidor tamb\u00e9 busca ser un consumidor responsable i comprom\u00e9s amb el seu entorn, i vol contribuir a la sostenibilitat i al consum de productes de proximitat.<\/p>\n<p>A continuaci\u00f3, l&#8217;alcalde, Diego G\u00f3mez, ha presentat en roda de premsa als mitjans de comunicaci\u00f3 la imatge de www.alziraescomercio.com. Segons ha declarat: \u00abAjudar a la digitalitzaci\u00f3 del xicotet comer\u00e7 local i impulsar les seues vendes \u00e9s una de les m\u00e0ximes prioritats de l&#8217;Ajuntament d&#8217;Alzira i d&#8217;IDEA Alzira. Trobar l&#8217;equilibri entre les vendes digitals i les vendes f\u00edsiques pot ser el cam\u00ed per a refor\u00e7ar la perman\u00e8ncia dels nostres comer\u00e7os, que s\u00f3n essencials per a l&#8217;economia local i per a la vida de la ciutat\u00bb.<\/p>\n<p>La plataforma compta amb el suport de comerciants i del Consell Assessor de Comer\u00e7, per tal d&#8217;implantar este ambici\u00f3s projecte que engloba \u00abmarketplace local\u00bb i log\u00edstica sostenible, que es far\u00e0 amb moto el\u00e8ctrica en l&#8217;\u00e0mbit local, i que tamb\u00e9 tindr\u00e0 log\u00edstica d&#8217;\u00e0mbit nacional.<\/p>\n<p style=\"text-align: center;\"><img fetchpriority=\"high\" decoding=\"async\" class=\" size-full wp-image-51090\" src=\"https:\/\/alzira.es\/wp-content\/uploads\/2020\/07\/IMG_20200731_101436.jpg\" alt=\"IMG 20200731 101436\" width=\"500\" height=\"375\" srcset=\"https:\/\/alzira.es\/wp-content\/uploads\/2020\/07\/IMG_20200731_101436.jpg 2000w, https:\/\/alzira.es\/wp-content\/uploads\/2020\/07\/IMG_20200731_101436-680x510.jpg 680w, https:\/\/alzira.es\/wp-content\/uploads\/2020\/07\/IMG_20200731_101436-1430x1072.jpg 1430w, https:\/\/alzira.es\/wp-content\/uploads\/2020\/07\/IMG_20200731_101436-768x576.jpg 768w, https:\/\/alzira.es\/wp-content\/uploads\/2020\/07\/IMG_20200731_101436-1536x1152.jpg 1536w\" sizes=\"(max-width: 500px) 100vw, 500px\" \/><\/p>\n","protected":false},"excerpt":{"rendered":"<p>Hui ha arrancat la formaci\u00f3 per als comer\u00e7os del que ser\u00e0 la futura plataforma de venda en l\u00ednia del comer\u00e7 local d&#8217;Alzira www.alziraescomercio.com M\u00e9s de 80 establiments formaran part d&#8217;esta plataforma, que s&#8217;espera que estiga operativa a mitjan setembre, i que es preveu m\u00e9s necess\u00e0ria que mai, en el moment de crisi sanit\u00e0ria actual. En &hellip; <\/p>\n<p class=\"link-more\"><a href=\"https:\/\/alzira.es\/es\/l-ajuntament-d-alzira-presenta-la-plataforma-de-venda-en-linia-alziraescomercio-com\/\" class=\"more-link\">Continuar leyendo<span class=\"screen-reader-text\"> \u00abL\u2019Ajuntament d\u2019Alzira presenta la plataforma de venda en l\u00ednia Alziraescomercio.com\u00bb<\/span><\/a><\/p>\n","protected":false},"author":29,"featured_media":51090,"comment_status":"","ping_status":"","sticky":false,"template":"","format":"standard","meta":{"_acf_changed":false,"footnotes":""},"categories":[],"tags":[],"class_list":["post-51094","post","type-post","status-publish","format-standard","has-post-thumbnail","hentry"],"acf":[],"_links":{"self":[{"href":"https:\/\/alzira.es\/es\/wp-json\/wp\/v2\/posts\/51094","targetHints":{"allow":["GET"]}}],"collection":[{"href":"https:\/\/alzira.es\/es\/wp-json\/wp\/v2\/posts"}],"about":[{"href":"https:\/\/alzira.es\/es\/wp-json\/wp\/v2\/types\/post"}],"author":[{"embeddable":true,"href":"https:\/\/alzira.es\/es\/wp-json\/wp\/v2\/users\/29"}],"replies":[{"embeddable":true,"href":"https:\/\/alzira.es\/es\/wp-json\/wp\/v2\/comments?post=51094"}],"version-history":[{"count":0,"href":"https:\/\/alzira.es\/es\/wp-json\/wp\/v2\/posts\/51094\/revisions"}],"wp:featuredmedia":[{"embeddable":true,"href":"https:\/\/alzira.es\/es\/wp-json\/wp\/v2\/media\/51090"}],"wp:attachment":[{"href":"https:\/\/alzira.es\/es\/wp-json\/wp\/v2\/media?parent=51094"}],"wp:term":[{"taxonomy":"category","embeddable":true,"href":"https:\/\/alzira.es\/es\/wp-json\/wp\/v2\/categories?post=51094"},{"taxonomy":"post_tag","embeddable":true,"href":"https:\/\/alzira.es\/es\/wp-json\/wp\/v2\/tags?post=51094"}],"curies":[{"name":"wp","href":"https:\/\/api.w.org\/{rel}","templated":true}]}}