{"id":51064,"date":"2020-07-30T16:00:00","date_gmt":"2020-07-30T14:00:00","guid":{"rendered":"https:\/\/alzira.es\/l-ajuntament-d-alzira-paga-en-9-dies-als-seus-proveidors\/"},"modified":"2020-07-30T16:00:00","modified_gmt":"2020-07-30T14:00:00","slug":"l-ajuntament-d-alzira-paga-en-9-dies-als-seus-proveidors","status":"publish","type":"post","link":"https:\/\/alzira.es\/es\/l-ajuntament-d-alzira-paga-en-9-dies-als-seus-proveidors\/","title":{"rendered":"L\u2019Ajuntament d\u2019Alzira paga en 9 dies als seus prove\u00efdors"},"content":{"rendered":"<p>El Ple de l&#8217;Ajuntament d&#8217;Alzira celebrat ahir va prendre coneixement de l&#8217;informe de tresoreria sobre morositat i per\u00edode mitj\u00e0 de pagament del segon trimestre del 2020, que es remet als \u00f2rgans competents del Ministeri d&#8217;Hisenda i de la Generalitat Valenciana.<\/p>\n<p>Quant al per\u00edode mitj\u00e0 de pagament, \u00e9s un concepte introdu\u00eft per la Llei Org\u00e0nica 2\/2012, de 27 d&#8217;abril, d&#8217;estabilitat pressupost\u00e0ria i sostenibilitat financera, com a expressi\u00f3 del temps de pagament del deute comercial.<\/p>\n<p>En el segon trimestre de l&#8217;any, el per\u00edode mitj\u00e0 de pagament als prove\u00efdors municipals \u00e9s de 9,49 dies. Cal tindre en compte que la Llei Org\u00e0nica 9\/2013, de 20 de desembre, de control del deute comercial en el sector p\u00fablic, fixa en 30 dies el per\u00edode legal de pagament per a l&#8217;any 2020.<\/p>\n<p>Albert Furi\u00f3, regidor d&#8217;Hisenda, Contractaci\u00f3 i Recursos Humans, ha destacat: \u00abEl fet de pagar als prove\u00efdors de l&#8217;Ajuntament en 9 dies \u00e9s resultat de la bona gesti\u00f3 que est\u00e0 fent-se des de l&#8217;equip d&#8217;intervenci\u00f3 i des del Govern de la Vila\u00bb.<\/p>\n<p><a href=\"https:\/\/alzira.es\/wp-content\/uploads\/2020\/07\/ajuntament_paga_en_9_dies_a_proveidors.jpg\" target=\"_blank\" rel=\"noopener\"><img fetchpriority=\"high\" decoding=\"async\" class=\" size-full wp-image-51061\" src=\"https:\/\/alzira.es\/wp-content\/uploads\/2020\/07\/ajuntament_paga_en_9_dies_a_proveidors.jpg\" alt=\"ajuntament paga en 9 dies a prove\u00efdors\" width=\"500\" height=\"406\" \/><\/a><\/p>\n","protected":false},"excerpt":{"rendered":"<p>El Ple de l&#8217;Ajuntament d&#8217;Alzira celebrat ahir va prendre coneixement de l&#8217;informe de tresoreria sobre morositat i per\u00edode mitj\u00e0 de pagament del segon trimestre del 2020, que es remet als \u00f2rgans competents del Ministeri d&#8217;Hisenda i de la Generalitat Valenciana. Quant al per\u00edode mitj\u00e0 de pagament, \u00e9s un concepte introdu\u00eft per la Llei Org\u00e0nica 2\/2012, &hellip; <\/p>\n<p class=\"link-more\"><a href=\"https:\/\/alzira.es\/es\/l-ajuntament-d-alzira-paga-en-9-dies-als-seus-proveidors\/\" class=\"more-link\">Continuar leyendo<span class=\"screen-reader-text\"> \u00abL\u2019Ajuntament d\u2019Alzira paga en 9 dies als seus prove\u00efdors\u00bb<\/span><\/a><\/p>\n","protected":false},"author":29,"featured_media":51061,"comment_status":"","ping_status":"","sticky":false,"template":"","format":"standard","meta":{"_acf_changed":false,"footnotes":""},"categories":[],"tags":[],"class_list":["post-51064","post","type-post","status-publish","format-standard","has-post-thumbnail","hentry"],"acf":[],"_links":{"self":[{"href":"https:\/\/alzira.es\/es\/wp-json\/wp\/v2\/posts\/51064","targetHints":{"allow":["GET"]}}],"collection":[{"href":"https:\/\/alzira.es\/es\/wp-json\/wp\/v2\/posts"}],"about":[{"href":"https:\/\/alzira.es\/es\/wp-json\/wp\/v2\/types\/post"}],"author":[{"embeddable":true,"href":"https:\/\/alzira.es\/es\/wp-json\/wp\/v2\/users\/29"}],"replies":[{"embeddable":true,"href":"https:\/\/alzira.es\/es\/wp-json\/wp\/v2\/comments?post=51064"}],"version-history":[{"count":0,"href":"https:\/\/alzira.es\/es\/wp-json\/wp\/v2\/posts\/51064\/revisions"}],"wp:featuredmedia":[{"embeddable":true,"href":"https:\/\/alzira.es\/es\/wp-json\/wp\/v2\/media\/51061"}],"wp:attachment":[{"href":"https:\/\/alzira.es\/es\/wp-json\/wp\/v2\/media?parent=51064"}],"wp:term":[{"taxonomy":"category","embeddable":true,"href":"https:\/\/alzira.es\/es\/wp-json\/wp\/v2\/categories?post=51064"},{"taxonomy":"post_tag","embeddable":true,"href":"https:\/\/alzira.es\/es\/wp-json\/wp\/v2\/tags?post=51064"}],"curies":[{"name":"wp","href":"https:\/\/api.w.org\/{rel}","templated":true}]}}