{"id":51060,"date":"2020-07-16T22:00:00","date_gmt":"2020-07-16T20:00:00","guid":{"rendered":"https:\/\/alzira.es\/commemoracio-de-les-victimes-de-la-covid-19-3\/"},"modified":"2020-07-16T22:00:00","modified_gmt":"2020-07-16T20:00:00","slug":"commemoracio-de-les-victimes-de-la-covid-19-3","status":"publish","type":"post","link":"https:\/\/alzira.es\/es\/commemoracio-de-les-victimes-de-la-covid-19-3\/","title":{"rendered":"Acte Institucional en Commemoraci\u00f3 de les v\u00edctimes de la Covid-19 i en reconeixement al personal sanitari i de serveis"},"content":{"rendered":"<p><strong>Alzira, 16 de juliol de 2020.<\/strong><br \/>Esta crisi deixa const\u00e0ncia, una vegada m\u00e9s, l\u2019impacte m\u00e9s gran entre les persones m\u00e9s vulnerables, entre les quals es troben les persones majors, amb discapacitat, depend\u00e8ncia i aquelles que no tenen xarxa familiar ni social o no en poden disposar donada l\u2019alarmant situaci\u00f3 actual.<\/p>\n<p>Per aix\u00f2, hem organitzat este acte per tal de recordar a les 6 persones d\u2019Alzira v\u00edctimes de la COVID-19, amb la corresponent solidaritat cap a les seues fam\u00edlies i amistats pels moments tan durs que han passat, per les especials circumst\u00e0ncies de comiat que han hagut de passar. Des d\u2019ac\u00ed, el nostre m\u00e9s sincer condol. Tamb\u00e9 volem mostrar el nostre afecte a les 86 persones que han estat confirmades com a casos positius i que esperem que recuperen la seua salut i normalitat com m\u00e9s aviat possible si \u00e9s que no s\u2019han recuperat encara.<\/p>\n<p>L\u2019altre motiu que ens reuneix hui ac\u00ed \u00e9s donar les gr\u00e0cies, amb paraules maj\u00fascules, als i les professionals de la Salut, de les resid\u00e8ncies de la nostra ciutat, les persones del Serveis Socials en general i les d\u2019atenci\u00f3 a domicili en particular, els serveis de neteja, Farm\u00e0cies, Cossos de Seguretat, l\u00b4Ex\u00e8rcit, Protecci\u00f3 Civil, treballadors i treballadores del sector alimentari, i totes les entitats i les persones que han treballat durant l\u2019estat d\u2019alarma i que estan treballant per atendre a cobrir les necessitats de la poblaci\u00f3 en general, i en especial de les persones m\u00e9s vulnerables.<\/p>\n<p>Davant la situaci\u00f3 de crisi excepcional provocada per la COVID-19, les entitats locals, tornem a ser la primera porta a la qual crida el nostre ve\u00efnat. Com sempre, amb la m\u00e0xima responsabilitat de l&#8217;administraci\u00f3 local per la seua proximitat a la ciutadania, els ajuntaments donem resposta a les dif\u00edcils situacions que est\u00e0 generant esta crisi, atenent tamb\u00e9 els diferents estats de necessitat. Davant l&#8217;impacte del Coronavirus hem de fer front a la pand\u00e8mia i lluitar units contra ella.<\/p>\n<p>Els ajuntaments assumeixen amb lleialtat el seu paper dins de l&#8217;estructura institucional, som Estat, i oferim a la ciutadania la responsabilitat, la gesti\u00f3, els serveis i l\u2019al\u00e9 de seguretat que contribueix a mitigar, en la mesura del possible, els problemes, adversitats i preocupacions dels nostres ve\u00efns i ve\u00efnes.<\/p>\n<p>La uni\u00f3 del municipalisme i la coordinaci\u00f3 amb la resta de les administracions ha de ser el nostre capital social i el nostre eix d&#8217;actuaci\u00f3. La uni\u00f3 i la solidaritat s\u00f3n imprescindibles perqu\u00e8 la democr\u00e0cia funcione i nom\u00e9s des de les sin\u00e8rgies institucionals i de la societat civil podrem fer front a esta situaci\u00f3.<\/p>\n<p>A l\u2019Ajuntament d\u2019Alzira, des del temps de confinament, no hem deixat de prendre mesures i accions fer front a l\u2019impacte que la crisi sociosanit\u00e0ria i econ\u00f2mica ha causat en la societat alzirenya.<\/p>\n<p>Menci\u00f3 especial mereix l\u2019esfor\u00e7 portat a terme per l\u2019\u00e0rea de Pol\u00edtiques Inclusives i Serveis Socials per tal d\u2019acompanyar i no deixar darrere a les persones m\u00e9s vulnerables, treball que ha comptat amb la tasca feta pels voluntaris i volunt\u00e0ries de l\u2019Agrupaci\u00f3 de Protecci\u00f3 Civil, Creu Roja i altres organitzacions solidaries de la ciutat. Tamb\u00e9 hem de recon\u00e9ixer la tasca i el gran treball de la Policia Local, amb un gran risc al carrer, fent respectar les mesures de confinament<br \/>La solidaritat del poble alzireny s\u2019ha reflexat tamb\u00e9 en el Fons solidari Som Alzira on els ciutadans, agrupacions, entitats i el mateix ajuntament han fet les seues aportacions.<\/p>\n<p>Per aix\u00f2, la import\u00e0ncia de la uni\u00f3 del municipalisme i seguir les instruccions establides per les autoritats sanit\u00e0ries, establir mesures sempre conforme al nostre marc legal, respectant l&#8217;autonomia local, mesures d&#8217;ajuda i d&#8217;acompanyament a les mesures estatals i auton\u00f2miques, la conscienciaci\u00f3 de la ciutadania i per descomptat, les reivindicacions municipalistes, dels aspectes que entenem s\u00f3n necessaris per a l&#8217;acompliment del paper que ens demanen, que ens exigixen els nostres ve\u00efns i ve\u00efnes, que ara m\u00e9s que mai es fan m\u00e9s visibles.<\/p>\n<p>A vegades, l&#8217;\u00fas desafortunat de xarxes socials per a desinformar, juguen en contra de tots i especialment dels ciutadans, dels nostres ve\u00efns, sumen confusi\u00f3 a una situaci\u00f3 d&#8217;extrema gravetat. No es pot improvisar el futur amb decisions sense cap base, hem de ser solidaris, all\u00f2 que es fa\u00e7a durant el Coronavirus ser\u00e0 decisiu per all\u00f2 que vindr\u00e0&nbsp;despr\u00e9s. Per aix\u00f2, hem de rebutjar aquest tipus de conductes, sense que aix\u00f2 s&#8217;interprete en cap moment com un menyscapte a la llibertat d&#8217;expressi\u00f3 i opini\u00f3.<\/p>\n<p>La coordinaci\u00f3 institucional i la cerca de solucions, sempre en el marc de la legalitat, lluny d&#8217;individualismes que no condueixen a cap cam\u00ed, ha de ser per damunt de tot l\u2019emblema en l&#8217;\u00e0rdua tasca de salvaguardar la salut de les persones dels nostres pobles i les terribles conseq\u00fc\u00e8ncies econ\u00f2miques i socials que arribaran. La for\u00e7a municipal est\u00e0 subjecta a la gesti\u00f3 del servei p\u00fablic que presta.<\/p>\n<p>Les entitats locals estan fent un esfor\u00e7 molt major de l&#8217;habitual, compleixen amb el seu deure p\u00fablic, pol\u00edtic i social, assumint compromisos m\u00e9s enll\u00e0 del seu marc competencial; adaptant-se a aquesta situaci\u00f3 din\u00e0mica pr\u00f2pia de l&#8217;excepcionalitat que la pand\u00e8mia significa per imprevista i sobrevinguda. \u00c9s evident que les entitats locals de la Comunitat Valenciana estan capacitades per a assumir les compet\u00e8ncies i finan\u00e7ament que permeta escometre el desenvolupament i creixement de les nostres ciutats, com sempre s&#8217;ha demostrat perqu\u00e8 som els primers a respondre i sempre amb immediatesa i efic\u00e0cia.<\/p>\n<p>Des de l\u2019Ajuntament d\u2019Alzira, donant suport al municipalisme valenci\u00e0, considerem necessari mantindre la reivindicaci\u00f3 de determinats aspectes que s\u00f3n claus per a albirar la nostra Comunitat en un escenari de construcci\u00f3 positiva, per aix\u00f2 donem el nostre suport a les reivindicacions fetes des de la Federaci\u00f3 Valenciana de Municipis i Prov\u00edncies per les quals:<\/p>\n<p>\u27a2 Instem al Govern d&#8217;Espanya que els ajuntaments puguen disposar del 100% del super\u00e0vit, flexibilitzant la regla de despesa per a totes les entitats locals amb super\u00e0vit amb independ\u00e8ncia que complisquen o no els requisits establits en la Disposici\u00f3 Addicional sisena de la Llei org\u00e0nica d&#8217;Estabilitat Pressupost\u00e0ria i Sostenibilitat Financera, amb la finalitat de pal\u00b7liar els danys econ\u00f2mics provocats per l&#8217;Estat d&#8217;Alarma.<\/p>\n<p>\u27a2 Permetre que els romanents de tresoreria obtinguts per les entitats locals s&#8217;utilitzen per a afrontar les mesures que la situaci\u00f3 actual requereix, disposant del super\u00e0vit de 2019 i els romanents acumulats d&#8217;anys anteriors.<\/p>\n<p>\u27a2 Instar a l&#8217;administraci\u00f3 estatal i auton\u00f2mica a establir la participaci\u00f3 de les entitats locals en els Plans i Fons que es disposen per al restabliment econ\u00f2mic i social de les nostres ciutats. La coparticipaci\u00f3 a tots els nivells, europeu, estatal, auton\u00f2mic i local, en els Plans de dinamitzaci\u00f3 per a reconstrucci\u00f3 de les nostres economies, \u00e9s la base per a activar i reparar el sistema productiu dels nostres pobles.<\/p>\n<p>\u27a2 Sol\u00b7licitem una major participaci\u00f3 en els Fons Europeus per a atendre amb efic\u00e0cia les dif\u00edcils circumst\u00e0ncies econ\u00f2miques despr\u00e9s de la pand\u00e8mia<\/p>\n<p>\u27a2 Instar a la Generalitat Valenciana a estudiar un nou model que permeta compaginar amb els ajuntaments l&#8217;establiment d&#8217;ajudes i subvencions, per a arbitrar mesures compatibles i complement\u00e0ries d&#8217;est\u00edmul i desenvolupament de les PIMES, aut\u00f2noms i altres col\u00b7lectius.<\/p>\n<p>\u27a2 Mantindre la coordinaci\u00f3 amb l&#8217;administraci\u00f3 auton\u00f2mica, especialment amb presid\u00e8ncia de la Generalitat, per a salvaguardar els interessos col\u00b7lectius del nostre poble. La col\u00b7laboraci\u00f3, i la gesti\u00f3 conjunta s\u00f3n necess\u00e0ries per a afrontar la resoluci\u00f3 d&#8217;aquesta crisi sanit\u00e0ria.<\/p>\n<p><em>La lluita contra el Coronavirus en tots els seus \u00e0mbits \u00e9s ara priorit\u00e0ria, per a aix\u00f2 tots hem d&#8217;atendre les recomanacions de les autoritats sanit\u00e0ries i ser responsables de forma individual i col\u00b7lectivament. Nom\u00e9s amb la uni\u00f3, col\u00b7laboraci\u00f3 i solidaritat de tots podrem frenar aquesta pand\u00e8mia. La riquesa de la nostra terra \u00e9s el nostre valor col\u00b7lectiu, per tant, m\u00e9s enll\u00e0 de signes pol\u00edtics, amb l&#8217;esperit i l\u2019entrega de la corporaci\u00f3 municipal, dels seus treballadors i treballadores i el seu comprom\u00eds al costat de la tenacitat, valentia i coratge de la ciutadania alzirenya donen la seguretat i esperan\u00e7a al fet que tirarem avant<\/em>.<strong> \u00c9s el moment de la uni\u00f3 per a lluitar contra la COVID 19, fora de partidismes, tots som Alzira.<\/strong><\/p>\n<p style=\"text-align: center;\"><a class=\"jcepopup\" href=\"https:\/\/alzira.es\/wp-content\/uploads\/2020\/07\/COVID-19_5120.jpg\" target=\"_blank\" rel=\"noopener\"><img fetchpriority=\"high\" decoding=\"async\" class=\" size-full wp-image-50956\" src=\"https:\/\/alzira.es\/wp-content\/uploads\/2020\/07\/COVID-19_5120.jpg\" alt=\"COVID-19 5120\" width=\"600\" height=\"400\" \/><\/a>&nbsp;<a class=\"jcepopup\" style=\"font-size: 14.4px; text-align: center;\" type=\"image\" href=\"https:\/\/alzira.es\/wp-content\/uploads\/2020\/07\/COVID-19_5138.jpg\" target=\"_blank\" rel=\"noopener\"><img decoding=\"async\" class=\"size-full wp-image-50958 lazyload\" data-src=\"https:\/\/alzira.es\/wp-content\/uploads\/2020\/07\/COVID-19_5138.jpg\" alt=\"COVID-19 5138\" width=\"600\" height=\"400\" src=\"data:image\/svg+xml;base64,PHN2ZyB3aWR0aD0iMSIgaGVpZ2h0PSIxIiB4bWxucz0iaHR0cDovL3d3dy53My5vcmcvMjAwMC9zdmciPjwvc3ZnPg==\" style=\"--smush-placeholder-width: 600px; --smush-placeholder-aspect-ratio: 600\/400;\" \/><\/a><\/p>\n<p style=\"text-align: center;\"><a class=\"jcepopup\" style=\"font-size: 14.4px; text-align: center;\" type=\"image\" href=\"https:\/\/alzira.es\/wp-content\/uploads\/2020\/07\/COVID-19_5147.jpg\" target=\"_blank\" rel=\"noopener\"><img decoding=\"async\" class=\"size-full wp-image-50960 lazyload\" data-src=\"https:\/\/alzira.es\/wp-content\/uploads\/2020\/07\/COVID-19_5147.jpg\" alt=\"COVID-19 5147\" width=\"400\" height=\"267\" src=\"data:image\/svg+xml;base64,PHN2ZyB3aWR0aD0iMSIgaGVpZ2h0PSIxIiB4bWxucz0iaHR0cDovL3d3dy53My5vcmcvMjAwMC9zdmciPjwvc3ZnPg==\" style=\"--smush-placeholder-width: 400px; --smush-placeholder-aspect-ratio: 400\/267;\" \/><\/a>&nbsp;<a class=\"jcepopup\" style=\"font-size: 14.4px; text-align: center;\" type=\"image\" href=\"https:\/\/alzira.es\/wp-content\/uploads\/2020\/07\/COVID-19_5162.jpg\" target=\"_blank\" rel=\"noopener\"><img decoding=\"async\" class=\"size-full wp-image-50962 lazyload\" data-src=\"https:\/\/alzira.es\/wp-content\/uploads\/2020\/07\/COVID-19_5162.jpg\" alt=\"COVID-19 5162\" width=\"400\" height=\"267\" src=\"data:image\/svg+xml;base64,PHN2ZyB3aWR0aD0iMSIgaGVpZ2h0PSIxIiB4bWxucz0iaHR0cDovL3d3dy53My5vcmcvMjAwMC9zdmciPjwvc3ZnPg==\" style=\"--smush-placeholder-width: 400px; --smush-placeholder-aspect-ratio: 400\/267;\" \/><\/a>&nbsp;<a class=\"jcepopup\" style=\"font-size: 14.4px; text-align: center;\" type=\"image\" href=\"https:\/\/alzira.es\/wp-content\/uploads\/2020\/07\/COVID-19_5173.jpg\" target=\"_blank\" rel=\"noopener\"><img decoding=\"async\" class=\"size-full wp-image-50964 lazyload\" data-src=\"https:\/\/alzira.es\/wp-content\/uploads\/2020\/07\/COVID-19_5173.jpg\" alt=\"COVID-19 5173\" width=\"400\" height=\"267\" src=\"data:image\/svg+xml;base64,PHN2ZyB3aWR0aD0iMSIgaGVpZ2h0PSIxIiB4bWxucz0iaHR0cDovL3d3dy53My5vcmcvMjAwMC9zdmciPjwvc3ZnPg==\" style=\"--smush-placeholder-width: 400px; --smush-placeholder-aspect-ratio: 400\/267;\" \/><\/a><\/p>\n","protected":false},"excerpt":{"rendered":"<p>Alzira, 16 de juliol de 2020.Esta crisi deixa const\u00e0ncia, una vegada m\u00e9s, l\u2019impacte m\u00e9s gran entre les persones m\u00e9s vulnerables, entre les quals es troben les persones majors, amb discapacitat, depend\u00e8ncia i aquelles que no tenen xarxa familiar ni social o no en poden disposar donada l\u2019alarmant situaci\u00f3 actual. Per aix\u00f2, hem organitzat este acte &hellip; <\/p>\n<p class=\"link-more\"><a href=\"https:\/\/alzira.es\/es\/commemoracio-de-les-victimes-de-la-covid-19-3\/\" class=\"more-link\">Continuar leyendo<span class=\"screen-reader-text\"> \u00abActe Institucional en Commemoraci\u00f3 de les v\u00edctimes de la Covid-19 i en reconeixement al personal sanitari i de serveis\u00bb<\/span><\/a><\/p>\n","protected":false},"author":29,"featured_media":50956,"comment_status":"","ping_status":"","sticky":false,"template":"","format":"standard","meta":{"_acf_changed":false,"footnotes":""},"categories":[],"tags":[],"class_list":["post-51060","post","type-post","status-publish","format-standard","has-post-thumbnail","hentry"],"acf":[],"_links":{"self":[{"href":"https:\/\/alzira.es\/es\/wp-json\/wp\/v2\/posts\/51060","targetHints":{"allow":["GET"]}}],"collection":[{"href":"https:\/\/alzira.es\/es\/wp-json\/wp\/v2\/posts"}],"about":[{"href":"https:\/\/alzira.es\/es\/wp-json\/wp\/v2\/types\/post"}],"author":[{"embeddable":true,"href":"https:\/\/alzira.es\/es\/wp-json\/wp\/v2\/users\/29"}],"replies":[{"embeddable":true,"href":"https:\/\/alzira.es\/es\/wp-json\/wp\/v2\/comments?post=51060"}],"version-history":[{"count":0,"href":"https:\/\/alzira.es\/es\/wp-json\/wp\/v2\/posts\/51060\/revisions"}],"wp:featuredmedia":[{"embeddable":true,"href":"https:\/\/alzira.es\/es\/wp-json\/wp\/v2\/media\/50956"}],"wp:attachment":[{"href":"https:\/\/alzira.es\/es\/wp-json\/wp\/v2\/media?parent=51060"}],"wp:term":[{"taxonomy":"category","embeddable":true,"href":"https:\/\/alzira.es\/es\/wp-json\/wp\/v2\/categories?post=51060"},{"taxonomy":"post_tag","embeddable":true,"href":"https:\/\/alzira.es\/es\/wp-json\/wp\/v2\/tags?post=51060"}],"curies":[{"name":"wp","href":"https:\/\/api.w.org\/{rel}","templated":true}]}}