{"id":51059,"date":"2020-07-30T10:29:09","date_gmt":"2020-07-30T08:29:09","guid":{"rendered":"https:\/\/alzira.es\/voreres-del-carrer-verge-de-la-murta-2\/"},"modified":"2020-07-30T10:29:09","modified_gmt":"2020-07-30T08:29:09","slug":"voreres-del-carrer-verge-de-la-murta-2","status":"publish","type":"post","link":"https:\/\/alzira.es\/es\/voreres-del-carrer-verge-de-la-murta-2\/","title":{"rendered":"S&#8217;estan realitzant rebaixos en les voreres del carrer Verge de la Murta"},"content":{"rendered":"<p style=\"text-align: justify;\"><strong>Alzira, 30 de juliol de 2020.-<\/strong> La millora de l&#8217;accessibilitat en les voreres de la ciutat d&#8217;Alzira \u00e9s una constant que ha experimentat un notable abans en els \u00faltims cinc anys. Des de la Regidoria de Serveis Urbans es continua actuant en les zones d&#8217;Alzira on encara cal millorar l&#8217;accessibilitat, cas del carrer Verge de la Murta, on en estos dies s&#8217;est\u00e0 procedint a la realitzaci\u00f3 dels rebaixos en les voreres que est\u00e0 previst finalitzen la pr\u00f2xima setmana.<\/p>\n<p style=\"text-align: justify;\"><strong>Fernando Pascual<\/strong>, regidor de Serveis Urbans, ha manifestat que<em> \u00abDes de l&#8217;Ajuntament tenim com a objectiu el condicionar l&#8217;accessibilitat de la nostra ciutat al cent per cent, per aix\u00f2 no deixem de realitzar obres d&#8217;adequaci\u00f3 en els carrers que ho necessiten, com el cas dels rebaixos de les voreres del carrer Verge de la Murta. Estes obres de millora faciliten la mobilitat de les persones de m\u00e9s edat; les de mobilitat redu\u00efda; aix\u00ed com la de la ciutadania en general\u00bb<\/em>.<\/p>\n<p style=\"text-align: center;\"><a class=\"jcepopup\" href=\"https:\/\/alzira.es\/wp-content\/uploads\/2020\/07\/IMG-20200730-WA0000.jpg\" target=\"_blank\" rel=\"noopener\"><img fetchpriority=\"high\" decoding=\"async\" class=\" size-full wp-image-51051\" src=\"https:\/\/alzira.es\/wp-content\/uploads\/2020\/07\/IMG-20200730-WA0000.jpg\" alt=\"IMG-20200730-WA0000\" width=\"400\" height=\"300\" srcset=\"https:\/\/alzira.es\/wp-content\/uploads\/2020\/07\/IMG-20200730-WA0000.jpg 1600w, https:\/\/alzira.es\/wp-content\/uploads\/2020\/07\/IMG-20200730-WA0000-680x510.jpg 680w, https:\/\/alzira.es\/wp-content\/uploads\/2020\/07\/IMG-20200730-WA0000-1430x1072.jpg 1430w, https:\/\/alzira.es\/wp-content\/uploads\/2020\/07\/IMG-20200730-WA0000-768x576.jpg 768w, https:\/\/alzira.es\/wp-content\/uploads\/2020\/07\/IMG-20200730-WA0000-1536x1152.jpg 1536w\" sizes=\"(max-width: 400px) 100vw, 400px\" \/><\/a>&nbsp;<a class=\"jcepopup\" style=\"text-align: center;\" type=\"image\" href=\"https:\/\/alzira.es\/wp-content\/uploads\/2020\/07\/IMG-20200730-WA0001.jpg\" target=\"_blank\" rel=\"noopener\"><img decoding=\"async\" class=\"size-full wp-image-51053 lazyload\" data-src=\"https:\/\/alzira.es\/wp-content\/uploads\/2020\/07\/IMG-20200730-WA0001.jpg\" alt=\"IMG-20200730-WA0001\" width=\"225\" height=\"300\" data-srcset=\"https:\/\/alzira.es\/wp-content\/uploads\/2020\/07\/IMG-20200730-WA0001.jpg 1200w, https:\/\/alzira.es\/wp-content\/uploads\/2020\/07\/IMG-20200730-WA0001-383x510.jpg 383w, https:\/\/alzira.es\/wp-content\/uploads\/2020\/07\/IMG-20200730-WA0001-804x1072.jpg 804w, https:\/\/alzira.es\/wp-content\/uploads\/2020\/07\/IMG-20200730-WA0001-768x1024.jpg 768w, https:\/\/alzira.es\/wp-content\/uploads\/2020\/07\/IMG-20200730-WA0001-300x400.jpg 300w, https:\/\/alzira.es\/wp-content\/uploads\/2020\/07\/IMG-20200730-WA0001-1152x1536.jpg 1152w\" data-sizes=\"(max-width: 225px) 100vw, 225px\" src=\"data:image\/svg+xml;base64,PHN2ZyB3aWR0aD0iMSIgaGVpZ2h0PSIxIiB4bWxucz0iaHR0cDovL3d3dy53My5vcmcvMjAwMC9zdmciPjwvc3ZnPg==\" style=\"--smush-placeholder-width: 225px; --smush-placeholder-aspect-ratio: 225\/300;\" \/><\/a>&nbsp;<a class=\"jcepopup\" style=\"text-align: center;\" type=\"image\" href=\"https:\/\/alzira.es\/wp-content\/uploads\/2020\/07\/IMG-20200730-WA0002.jpg\" target=\"_blank\" rel=\"noopener\"><img decoding=\"async\" class=\"size-full wp-image-51055 lazyload\" data-src=\"https:\/\/alzira.es\/wp-content\/uploads\/2020\/07\/IMG-20200730-WA0002.jpg\" alt=\"IMG-20200730-WA0002\" width=\"225\" height=\"300\" data-srcset=\"https:\/\/alzira.es\/wp-content\/uploads\/2020\/07\/IMG-20200730-WA0002.jpg 1200w, https:\/\/alzira.es\/wp-content\/uploads\/2020\/07\/IMG-20200730-WA0002-383x510.jpg 383w, https:\/\/alzira.es\/wp-content\/uploads\/2020\/07\/IMG-20200730-WA0002-804x1072.jpg 804w, https:\/\/alzira.es\/wp-content\/uploads\/2020\/07\/IMG-20200730-WA0002-768x1024.jpg 768w, https:\/\/alzira.es\/wp-content\/uploads\/2020\/07\/IMG-20200730-WA0002-300x400.jpg 300w, https:\/\/alzira.es\/wp-content\/uploads\/2020\/07\/IMG-20200730-WA0002-1152x1536.jpg 1152w\" data-sizes=\"(max-width: 225px) 100vw, 225px\" src=\"data:image\/svg+xml;base64,PHN2ZyB3aWR0aD0iMSIgaGVpZ2h0PSIxIiB4bWxucz0iaHR0cDovL3d3dy53My5vcmcvMjAwMC9zdmciPjwvc3ZnPg==\" style=\"--smush-placeholder-width: 225px; --smush-placeholder-aspect-ratio: 225\/300;\" \/><\/a><\/p>\n","protected":false},"excerpt":{"rendered":"<p>Alzira, 30 de juliol de 2020.- La millora de l&#8217;accessibilitat en les voreres de la ciutat d&#8217;Alzira \u00e9s una constant que ha experimentat un notable abans en els \u00faltims cinc anys. Des de la Regidoria de Serveis Urbans es continua actuant en les zones d&#8217;Alzira on encara cal millorar l&#8217;accessibilitat, cas del carrer Verge de &hellip; <\/p>\n<p class=\"link-more\"><a href=\"https:\/\/alzira.es\/es\/voreres-del-carrer-verge-de-la-murta-2\/\" class=\"more-link\">Continuar leyendo<span class=\"screen-reader-text\"> \u00abS&#8217;estan realitzant rebaixos en les voreres del carrer Verge de la Murta\u00bb<\/span><\/a><\/p>\n","protected":false},"author":29,"featured_media":51051,"comment_status":"","ping_status":"","sticky":false,"template":"","format":"standard","meta":{"_acf_changed":false,"footnotes":""},"categories":[],"tags":[],"class_list":["post-51059","post","type-post","status-publish","format-standard","has-post-thumbnail","hentry"],"acf":[],"_links":{"self":[{"href":"https:\/\/alzira.es\/es\/wp-json\/wp\/v2\/posts\/51059","targetHints":{"allow":["GET"]}}],"collection":[{"href":"https:\/\/alzira.es\/es\/wp-json\/wp\/v2\/posts"}],"about":[{"href":"https:\/\/alzira.es\/es\/wp-json\/wp\/v2\/types\/post"}],"author":[{"embeddable":true,"href":"https:\/\/alzira.es\/es\/wp-json\/wp\/v2\/users\/29"}],"replies":[{"embeddable":true,"href":"https:\/\/alzira.es\/es\/wp-json\/wp\/v2\/comments?post=51059"}],"version-history":[{"count":0,"href":"https:\/\/alzira.es\/es\/wp-json\/wp\/v2\/posts\/51059\/revisions"}],"wp:featuredmedia":[{"embeddable":true,"href":"https:\/\/alzira.es\/es\/wp-json\/wp\/v2\/media\/51051"}],"wp:attachment":[{"href":"https:\/\/alzira.es\/es\/wp-json\/wp\/v2\/media?parent=51059"}],"wp:term":[{"taxonomy":"category","embeddable":true,"href":"https:\/\/alzira.es\/es\/wp-json\/wp\/v2\/categories?post=51059"},{"taxonomy":"post_tag","embeddable":true,"href":"https:\/\/alzira.es\/es\/wp-json\/wp\/v2\/tags?post=51059"}],"curies":[{"name":"wp","href":"https:\/\/api.w.org\/{rel}","templated":true}]}}