{"id":51057,"date":"2020-07-16T22:00:00","date_gmt":"2020-07-16T20:00:00","guid":{"rendered":"https:\/\/alzira.es\/commemoracio-de-les-victimes-de-la-covid-19-2\/"},"modified":"2020-07-16T22:00:00","modified_gmt":"2020-07-16T20:00:00","slug":"commemoracio-de-les-victimes-de-la-covid-19-2","status":"publish","type":"post","link":"https:\/\/alzira.es\/es\/commemoracio-de-les-victimes-de-la-covid-19-2\/","title":{"rendered":"Acto Institucional en Conmemoraci\u00f3n de las v\u00edctimas de la Covid-19 y en reconocimiento al personal sanitario y de servicios"},"content":{"rendered":"<p><strong>Alzira, 16 de julio de 2020.<\/strong><br \/>Esta crisis deja constancia, una vez m\u00e1s, el impacto m\u00e1s grande entre las personas m\u00e1s vulnerables, entre las cuales se encuentran las personas mayores, con discapacidad, dependencia y aquellas que no tienen red familiar ni social o no pueden disponer dada la alarmante situaci\u00f3n actual.<\/p>\n<p>Por eso, hemos organizado este acto para recordar a las 6 personas de Alzira v\u00edctimas de la COVID-19, con la correspondiente solidaridad hacia sus familias y amistades por los momentos tan duros que han pasado, por las especiales circunstancias de despedida que han tenido que pasar. Desde aqu\u00ed, nuestro m\u00e1s sincero p\u00e9same. Tambi\u00e9n queremos mostrar nuestro afecto a las 86 personas que han sido confirmadas como casos positivos y que esperamos que recuperen su salud y normalidad cuanto antes posible si es que no se han recuperado todav\u00eda.<\/p>\n<p>El otro motivo que nos re\u00fane hoy aqu\u00ed es dar las gracias, con palabras may\u00fasculas, a los y las profesionales de la Salud, de las residencias de nuestra ciudad, las personas del Servicios Sociales en general y las de atenci\u00f3n a domicilio en particular, los servicios de limpieza, Farmacias, Cuerpos de Seguridad, el Ej\u00e9rcito, Protecci\u00f3n Civil, trabajadores y trabajadoras del sector alimentario, y todas las entidades y las personas que han trabajado durante el estado de alarma y que est\u00e1n trabajando para atender a cubrir las necesidades de la poblaci\u00f3n en general, y en especial de las personas m\u00e1s vulnerables.<\/p>\n<p>Ante la situaci\u00f3n de crisis excepcional provocada por la COVID-19, las entidades locales, volvemos a ser la primera puerta a la cual grita nuestro vecindario. Como siempre, con la m\u00e1xima responsabilidad de la administraci\u00f3n local por su proximidad a la ciudadan\u00eda, los ayuntamientos damos respuesta a las dif\u00edciles situaciones que est\u00e1 generando esta crisis, atendiendo tambi\u00e9n los diferentes estados de necesidad. Ante el impacto del Coronavirus tenemos que hacer frente a la pandemia y luchar unidos contra ella.<\/p>\n<p>Los ayuntamientos asumen con lealtad su papel dentro de la estructura institucional, somos Estado, y ofrecemos a la ciudadan\u00eda la responsabilidad, la gesti\u00f3n, los servicios y el aliento de seguridad que contribuye a mitigar, en lo posible, los problemas, adversidades y preocupaciones de nuestros vecinos y vecinas.<\/p>\n<p>La uni\u00f3n del municipalismo y la coordinaci\u00f3n con el resto de las administraciones tiene que ser nuestro capital social y nuestro eje de actuaci\u00f3n. La uni\u00f3n y la solidaridad son imprescindibles porque la democracia funciono y solo desde las sin\u00e8rgias institucionales y de la sociedad civil podremos hacer frente a esta situaci\u00f3n.<br \/>En el Ayuntamiento de Alzira, desde el tiempo de confinamiento, no hemos dejado de tomar medidas y acciones para hacer frente al impacto que la crisis sociosanitaria y econ\u00f3mica ha causado en la sociedad alzire\u00f1a.<\/p>\n<p>Menci\u00f3n especial merece el esfuerzo llevado a cabo por el \u00e1rea de Pol\u00edticas Inclusivas y Servicios Sociales para acompa\u00f1ar y no dejar detr\u00e1s a las personas m\u00e1s vulnerables, trabajo que ha contado con la tarea hecha por los voluntarios y voluntarias de la Agrupaci\u00f3n de Protecci\u00f3n Civil, Cruz Roja y otras organizaciones solidarias de la ciudad. Tambi\u00e9n tenemos que reconocer la tarea y el gran trabajo de la Polic\u00eda Local, con un gran riesgo en la calle, haciendo respetar las medidas de confinamiento.<\/p>\n<p>La solidaridad del pueblo alzire\u00f1o se ha reflejado tambi\u00e9n en el Fondo solidario Somos Alzira donde los ciudadanos, agrupaciones, entidades y el mismo ayuntamiento han hecho sus aportaciones.<\/p>\n<p>Por eso, la importancia de la uni\u00f3n del municipalismo y seguir las instrucciones establecidas por las autoridades sanitarias, establecer medidas siempre conforme a nuestro marco legal, respetando la autonom\u00eda local, medidas de ayuda y de acompa\u00f1amiento a las medidas estatales y auton\u00f3micas, la concienciaci\u00f3n de la ciudadan\u00eda y por supuesto, las reivindicaciones municipalistas, de los aspectos que entendemos son necesarios para el desempe\u00f1o del papel que nos piden, que nos exigen nuestros vecinos y vecinas, que ahora m\u00e1s que nunca se hacen m\u00e1s visibles.<\/p>\n<p>A veces, el uso desafortunado de redes sociales para desinformar, juegan en contra de todos y especialmente de los ciudadanos, de nuestros vecinos, suman confusi\u00f3n a una situaci\u00f3n de extrema gravedad. No se puede improvisar el futuro con decisiones sin ninguna base, tenemos que ser solidarios, aquello que se haga durante el Coronavirus ser\u00e1 decisivo por aquello que vendr\u00e1 despu\u00e9s. Por eso, tenemos que rechazar este tipo de conductas, sin que esto se interprete en ning\u00fan momento como un menoscabo a la libertad de expresi\u00f3n y opini\u00f3n.<\/p>\n<p>La coordinaci\u00f3n institucional y la busca de soluciones, siempre en el marco de la legalidad, lejos de individualismos que no conducen a ning\u00fan camino, tiene que ser por encima de todo el emblema en la ardua tarea de salvaguardar la salud de las personas de nuestros pueblos y las terribles consecuencias econ\u00f3micas y sociales que llegar\u00e1n. La fuerza municipal est\u00e1 sujeta a la gesti\u00f3n del servicio p\u00fablico que presta.<\/p>\n<p>Las entidades locales est\u00e1n haciendo un esfuerzo muy mayor del habitual, cumplen con su deber p\u00fablico, pol\u00edtico y social, asumiendo compromisos m\u00e1s all\u00e1 de su marco competencial; adapt\u00e1ndose a esta situaci\u00f3n din\u00e1mica propia de la excepcionalidad que la pandemia significa por imprevista y sobrevenida. Es evidente que las entidades locales de la Comunidad Valenciana est\u00e1n capacitadas para asumir las competencias y financiaci\u00f3n que permita acometer el desarrollo y crecimiento de nuestras ciudades, como siempre se ha demostrado porque somos los primeros a responder y siempre con inmediatez y eficacia.<\/p>\n<p>Desde el Ayuntamiento de Alzira, apoyando al municipalismo valenciano, consideramos necesario mantener la reivindicaci\u00f3n de determinados aspectos que son claves para divisar nuestra Comunidad en un escenario de construcci\u00f3n positiva, por eso damos nuestro apoyo a las reivindicaciones hechas desde la Federaci\u00f3n Valenciana de Municipios y Provincias por las cuales:<\/p>\n<p>\u27a2 Instamos en el Gobierno de Espa\u00f1a que los ayuntamientos puedan disponer del 100% del super\u00e1vit, flexibilizando la regla de gasto para todas las entidades locales con super\u00e1vit con independencia que cumplan o no los requisitos establecidos en la Disposici\u00f3n Adicional sexta de la Ley Org\u00e1nica de Estabilidad Presupuestaria y Sostenibilidad Financiera, con el fin de paliar los da\u00f1os econ\u00f3micos provocados por el Estado de Alarma.<\/p>\n<p>\u27a2 Permitir que los remanentes de tesorer\u00eda obtenidos por las entidades locales se utilizan para afrontar las medidas que la situaci\u00f3n actual requiere, disponiendo del super\u00e1vit de 2019 y los remanentes acumulados de a\u00f1os anteriores.<\/p>\n<p>\u27a2 Instar a la administraci\u00f3n estatal y auton\u00f3mica a establecer la participaci\u00f3n de las entidades locales en los Planes y Fondos que se disponen para el restablecimiento econ\u00f3mico y social de nuestras ciudades. La coparticipaci\u00f3n a todos los niveles, europeo, estatal, auton\u00f3mico y local, en los Planes de dinamizaci\u00f3n para reconstrucci\u00f3n de nuestras econom\u00edas, es la base para activar y reparar el sistema productivo de nuestros pueblos.<\/p>\n<p>\u27a2 Solicitamos una mayor participaci\u00f3n en los Fondos Europeos para atender con eficacia las dif\u00edciles circunstancias econ\u00f3micas despu\u00e9s de la pandemia<\/p>\n<p>\u27a2 Instar en la Generalitat Valenciana a estudiar un nuevo modelo que permita compaginar con los ayuntamientos el establecimiento de ayudas y subvenciones, para arbitrar medidas compatibles y complementarias de est\u00edmulo y desarrollo de las PYMES, aut\u00f3nomos y otros colectivos.<\/p>\n<p>\u27a2 Mantener la coordinaci\u00f3n con la administraci\u00f3n auton\u00f3mica, especialmente con presidencia de la Generalitat, para salvaguardar los intereses colectivos de nuestro pueblo. La colaboraci\u00f3n, y la gesti\u00f3n conjunta son necesarias para afrontar la resoluci\u00f3n de esta crisis sanitaria.<\/p>\n<p><em>La lucha contra el Coronavirus en todos sus \u00e1mbitos es ahora prioritaria, para lo cual todos tenemos que atender las recomendaciones de las autoridades sanitarias y ser responsables de forma individual y colectivamente. Solo con la uni\u00f3n, colaboraci\u00f3n y solidaridad de todos podremos frenar esta pandemia. La riqueza de nuestra tierra es nuestro valor colectivo, por lo tanto, m\u00e1s all\u00e1 de signos pol\u00edticos, con el esp\u00edritu y la entrega de la corporaci\u00f3n municipal, de sus trabajadores y trabajadoras y su compromiso junto a la tenacidad, valent\u00eda y coraje de la ciudadan\u00eda alzire\u00f1a dan la seguridad y esperanza al hecho que saldremos adelante. <\/em><strong>Es el momento de la uni\u00f3n para luchar contra la COVID 19, fuera de partidismos, todos somos Alzira<\/strong>.<\/p>\n<p>&nbsp;<\/p>\n<p style=\"text-align: center;\"><a class=\"jcepopup\" href=\"https:\/\/alzira.es\/wp-content\/uploads\/2020\/07\/COVID-19_5120.jpg\" target=\"_blank\" rel=\"noopener\"><img fetchpriority=\"high\" decoding=\"async\" class=\" size-full wp-image-50956\" src=\"https:\/\/alzira.es\/wp-content\/uploads\/2020\/07\/COVID-19_5120.jpg\" alt=\"COVID-19 5120\" width=\"600\" height=\"400\" \/><\/a>&nbsp;<a class=\"jcepopup\" style=\"font-size: 14.4px; text-align: center;\" type=\"image\" href=\"https:\/\/alzira.es\/wp-content\/uploads\/2020\/07\/COVID-19_5138.jpg\" target=\"_blank\" rel=\"noopener\"><img decoding=\"async\" class=\"size-full wp-image-50958 lazyload\" data-src=\"https:\/\/alzira.es\/wp-content\/uploads\/2020\/07\/COVID-19_5138.jpg\" alt=\"COVID-19 5138\" width=\"600\" height=\"400\" src=\"data:image\/svg+xml;base64,PHN2ZyB3aWR0aD0iMSIgaGVpZ2h0PSIxIiB4bWxucz0iaHR0cDovL3d3dy53My5vcmcvMjAwMC9zdmciPjwvc3ZnPg==\" style=\"--smush-placeholder-width: 600px; --smush-placeholder-aspect-ratio: 600\/400;\" \/><\/a><\/p>\n<p style=\"text-align: center;\"><a class=\"jcepopup\" style=\"font-size: 14.4px; text-align: center;\" type=\"image\" href=\"https:\/\/alzira.es\/wp-content\/uploads\/2020\/07\/COVID-19_5147.jpg\" target=\"_blank\" rel=\"noopener\"><img decoding=\"async\" class=\"size-full wp-image-50960 lazyload\" data-src=\"https:\/\/alzira.es\/wp-content\/uploads\/2020\/07\/COVID-19_5147.jpg\" alt=\"COVID-19 5147\" width=\"400\" height=\"267\" src=\"data:image\/svg+xml;base64,PHN2ZyB3aWR0aD0iMSIgaGVpZ2h0PSIxIiB4bWxucz0iaHR0cDovL3d3dy53My5vcmcvMjAwMC9zdmciPjwvc3ZnPg==\" style=\"--smush-placeholder-width: 400px; --smush-placeholder-aspect-ratio: 400\/267;\" \/><\/a>&nbsp;<a class=\"jcepopup\" style=\"font-size: 14.4px; text-align: center;\" type=\"image\" href=\"https:\/\/alzira.es\/wp-content\/uploads\/2020\/07\/COVID-19_5162.jpg\" target=\"_blank\" rel=\"noopener\"><img decoding=\"async\" class=\"size-full wp-image-50962 lazyload\" data-src=\"https:\/\/alzira.es\/wp-content\/uploads\/2020\/07\/COVID-19_5162.jpg\" alt=\"COVID-19 5162\" width=\"400\" height=\"267\" src=\"data:image\/svg+xml;base64,PHN2ZyB3aWR0aD0iMSIgaGVpZ2h0PSIxIiB4bWxucz0iaHR0cDovL3d3dy53My5vcmcvMjAwMC9zdmciPjwvc3ZnPg==\" style=\"--smush-placeholder-width: 400px; --smush-placeholder-aspect-ratio: 400\/267;\" \/><\/a>&nbsp;<a class=\"jcepopup\" style=\"font-size: 14.4px; text-align: center;\" type=\"image\" href=\"https:\/\/alzira.es\/wp-content\/uploads\/2020\/07\/COVID-19_5173.jpg\" target=\"_blank\" rel=\"noopener\"><img decoding=\"async\" class=\"size-full wp-image-50964 lazyload\" data-src=\"https:\/\/alzira.es\/wp-content\/uploads\/2020\/07\/COVID-19_5173.jpg\" alt=\"COVID-19 5173\" width=\"400\" height=\"267\" src=\"data:image\/svg+xml;base64,PHN2ZyB3aWR0aD0iMSIgaGVpZ2h0PSIxIiB4bWxucz0iaHR0cDovL3d3dy53My5vcmcvMjAwMC9zdmciPjwvc3ZnPg==\" style=\"--smush-placeholder-width: 400px; --smush-placeholder-aspect-ratio: 400\/267;\" \/><\/a><\/p>\n","protected":false},"excerpt":{"rendered":"<p>Alzira, 16 de julio de 2020.Esta crisis deja constancia, una vez m\u00e1s, el impacto m\u00e1s grande entre las personas m\u00e1s vulnerables, entre las cuales se encuentran las personas mayores, con discapacidad, dependencia y aquellas que no tienen red familiar ni social o no pueden disponer dada la alarmante situaci\u00f3n actual. Por eso, hemos organizado este &hellip; <\/p>\n<p class=\"link-more\"><a href=\"https:\/\/alzira.es\/es\/commemoracio-de-les-victimes-de-la-covid-19-2\/\" class=\"more-link\">Continuar leyendo<span class=\"screen-reader-text\"> \u00abActo Institucional en Conmemoraci\u00f3n de las v\u00edctimas de la Covid-19 y en reconocimiento al personal sanitario y de servicios\u00bb<\/span><\/a><\/p>\n","protected":false},"author":29,"featured_media":50956,"comment_status":"","ping_status":"","sticky":false,"template":"","format":"standard","meta":{"_acf_changed":false,"footnotes":""},"categories":[4936],"tags":[],"class_list":["post-51057","post","type-post","status-publish","format-standard","has-post-thumbnail","hentry","category-hemeroteca-es"],"acf":[],"_links":{"self":[{"href":"https:\/\/alzira.es\/es\/wp-json\/wp\/v2\/posts\/51057","targetHints":{"allow":["GET"]}}],"collection":[{"href":"https:\/\/alzira.es\/es\/wp-json\/wp\/v2\/posts"}],"about":[{"href":"https:\/\/alzira.es\/es\/wp-json\/wp\/v2\/types\/post"}],"author":[{"embeddable":true,"href":"https:\/\/alzira.es\/es\/wp-json\/wp\/v2\/users\/29"}],"replies":[{"embeddable":true,"href":"https:\/\/alzira.es\/es\/wp-json\/wp\/v2\/comments?post=51057"}],"version-history":[{"count":0,"href":"https:\/\/alzira.es\/es\/wp-json\/wp\/v2\/posts\/51057\/revisions"}],"wp:featuredmedia":[{"embeddable":true,"href":"https:\/\/alzira.es\/es\/wp-json\/wp\/v2\/media\/50956"}],"wp:attachment":[{"href":"https:\/\/alzira.es\/es\/wp-json\/wp\/v2\/media?parent=51057"}],"wp:term":[{"taxonomy":"category","embeddable":true,"href":"https:\/\/alzira.es\/es\/wp-json\/wp\/v2\/categories?post=51057"},{"taxonomy":"post_tag","embeddable":true,"href":"https:\/\/alzira.es\/es\/wp-json\/wp\/v2\/tags?post=51057"}],"curies":[{"name":"wp","href":"https:\/\/api.w.org\/{rel}","templated":true}]}}