{"id":51050,"date":"2020-07-30T12:32:01","date_gmt":"2020-07-30T10:32:01","guid":{"rendered":"https:\/\/alzira.es\/comencen-els-treballs-de-digitalitzacio-dels-padrons-municipals-d-alzira-entre-1921-1950\/"},"modified":"2020-07-30T12:32:01","modified_gmt":"2020-07-30T10:32:01","slug":"comencen-els-treballs-de-digitalitzacio-dels-padrons-municipals-d-alzira-entre-1921-1950","status":"publish","type":"post","link":"https:\/\/alzira.es\/es\/comencen-els-treballs-de-digitalitzacio-dels-padrons-municipals-d-alzira-entre-1921-1950\/","title":{"rendered":"Comencen els treballs de digitalitzaci\u00f3 dels Padrons Municipals d\u2019Alzira entre 1921-1950"},"content":{"rendered":"<p>Hui s&#8217;han iniciat els treballs de digitalitzaci\u00f3 dels registres originals dels Padrons Municipals d&#8217;habitants d&#8217;entre els anys 1921 i 1950 aix\u00ed com dels documents de la secci\u00f3 de Quintes del mateix per\u00edode cronol\u00f2gic que formen part de la documentaci\u00f3 hist\u00f2rica de l&#8217;Arxiu Municipal.<\/p>\n<p>Es dona compliment aix\u00ed al Conveni de Col\u00b7laboraci\u00f3 signat en el seu dia per l&#8217;Ajuntament d&#8217;Alzira i l&#8217;empresa FamilySearch International ubicada a l&#8217;estat d&#8217;Utah (EUA), aprovat per la Junta de Govern Municipal el passat 2 de juny.<\/p>\n<p>A trav\u00e9s de la Societat Geneal\u00f2gica d&#8217;Utah (que va iniciar la microfilmaci\u00f3 de fonts documentals d&#8217;id\u00e8ntiques caracter\u00edstiques del nostre arxiu l&#8217;any 2003) i de l&#8217;Ajuntament es facilitar\u00e0 a tots els interessats la consulta d&#8217;eixos documents, molt importants pel que fa a la recerca de not\u00edcies dels nostres avantpassats i l&#8217;elaboraci\u00f3 d&#8217;arbres geneal\u00f2gics.<\/p>\n<p>&nbsp;<\/p>\n<p><a href=\"https:\/\/alzira.es\/wp-content\/uploads\/2020\/07\/5ba7b53e-b71d-497c-8849-f404848c42c1.jpg\" target=\"_blank\" rel=\"noopener\"><img fetchpriority=\"high\" decoding=\"async\" class=\" size-full wp-image-51046\" src=\"https:\/\/alzira.es\/wp-content\/uploads\/2020\/07\/5ba7b53e-b71d-497c-8849-f404848c42c1.jpg\" alt=\"5ba7b53e-b71d-497c-8849-f404848c42c1\" width=\"500\" height=\"281\" srcset=\"https:\/\/alzira.es\/wp-content\/uploads\/2020\/07\/5ba7b53e-b71d-497c-8849-f404848c42c1.jpg 1600w, https:\/\/alzira.es\/wp-content\/uploads\/2020\/07\/5ba7b53e-b71d-497c-8849-f404848c42c1-680x383.jpg 680w, https:\/\/alzira.es\/wp-content\/uploads\/2020\/07\/5ba7b53e-b71d-497c-8849-f404848c42c1-1430x804.jpg 1430w, https:\/\/alzira.es\/wp-content\/uploads\/2020\/07\/5ba7b53e-b71d-497c-8849-f404848c42c1-768x432.jpg 768w, https:\/\/alzira.es\/wp-content\/uploads\/2020\/07\/5ba7b53e-b71d-497c-8849-f404848c42c1-1536x864.jpg 1536w\" sizes=\"(max-width: 500px) 100vw, 500px\" \/><\/a><\/p>\n","protected":false},"excerpt":{"rendered":"<p>Hui s&#8217;han iniciat els treballs de digitalitzaci\u00f3 dels registres originals dels Padrons Municipals d&#8217;habitants d&#8217;entre els anys 1921 i 1950 aix\u00ed com dels documents de la secci\u00f3 de Quintes del mateix per\u00edode cronol\u00f2gic que formen part de la documentaci\u00f3 hist\u00f2rica de l&#8217;Arxiu Municipal. Es dona compliment aix\u00ed al Conveni de Col\u00b7laboraci\u00f3 signat en el seu &hellip; <\/p>\n<p class=\"link-more\"><a href=\"https:\/\/alzira.es\/es\/comencen-els-treballs-de-digitalitzacio-dels-padrons-municipals-d-alzira-entre-1921-1950\/\" class=\"more-link\">Continuar leyendo<span class=\"screen-reader-text\"> \u00abComencen els treballs de digitalitzaci\u00f3 dels Padrons Municipals d\u2019Alzira entre 1921-1950\u00bb<\/span><\/a><\/p>\n","protected":false},"author":29,"featured_media":51046,"comment_status":"","ping_status":"","sticky":false,"template":"","format":"standard","meta":{"_acf_changed":false,"footnotes":""},"categories":[],"tags":[],"class_list":["post-51050","post","type-post","status-publish","format-standard","has-post-thumbnail","hentry"],"acf":[],"_links":{"self":[{"href":"https:\/\/alzira.es\/es\/wp-json\/wp\/v2\/posts\/51050","targetHints":{"allow":["GET"]}}],"collection":[{"href":"https:\/\/alzira.es\/es\/wp-json\/wp\/v2\/posts"}],"about":[{"href":"https:\/\/alzira.es\/es\/wp-json\/wp\/v2\/types\/post"}],"author":[{"embeddable":true,"href":"https:\/\/alzira.es\/es\/wp-json\/wp\/v2\/users\/29"}],"replies":[{"embeddable":true,"href":"https:\/\/alzira.es\/es\/wp-json\/wp\/v2\/comments?post=51050"}],"version-history":[{"count":0,"href":"https:\/\/alzira.es\/es\/wp-json\/wp\/v2\/posts\/51050\/revisions"}],"wp:featuredmedia":[{"embeddable":true,"href":"https:\/\/alzira.es\/es\/wp-json\/wp\/v2\/media\/51046"}],"wp:attachment":[{"href":"https:\/\/alzira.es\/es\/wp-json\/wp\/v2\/media?parent=51050"}],"wp:term":[{"taxonomy":"category","embeddable":true,"href":"https:\/\/alzira.es\/es\/wp-json\/wp\/v2\/categories?post=51050"},{"taxonomy":"post_tag","embeddable":true,"href":"https:\/\/alzira.es\/es\/wp-json\/wp\/v2\/tags?post=51050"}],"curies":[{"name":"wp","href":"https:\/\/api.w.org\/{rel}","templated":true}]}}