{"id":51043,"date":"2020-07-30T08:59:27","date_gmt":"2020-07-30T06:59:27","guid":{"rendered":"https:\/\/alzira.es\/l-ajuntament-d-alzira-davant-la-previsio-de-l-augment-de-les-temperatures-recomana-extremar-les-precaucions-i-restringix-l-acces-al-paratge-natural-murta-casella\/"},"modified":"2020-07-30T08:59:27","modified_gmt":"2020-07-30T06:59:27","slug":"l-ajuntament-d-alzira-davant-la-previsio-de-l-augment-de-les-temperatures-recomana-extremar-les-precaucions-i-restringix-l-acces-al-paratge-natural-murta-casella","status":"publish","type":"post","link":"https:\/\/alzira.es\/es\/l-ajuntament-d-alzira-davant-la-previsio-de-l-augment-de-les-temperatures-recomana-extremar-les-precaucions-i-restringix-l-acces-al-paratge-natural-murta-casella\/","title":{"rendered":"L\u2019Ajuntament d\u2019Alzira, davant la previsi\u00f3 de l\u2019augment de les temperatures, recomana extremar les precaucions i restringix l\u2019acc\u00e9s al paratge natural Murta-Casella"},"content":{"rendered":"<p style=\"text-align: justify;\"><span style=\"font-size: 11pt; font-family: Arial, sans-serif; color: #000000;\">La Regidoria de Medi Ambient, Agricultura i Transici\u00f3 Ecol\u00f2gica informa que entre el divendres 31 de juliol i el dissabte 1 d\u2019agost, s\u2019espera una intensa pujada de les temperatures, que arribaran en el nostre terme a valors al voltant dels 40\u00baC, per tant es prega a tota la ciutadania que s\u2019extremen les precaucions en urbanitzacions i nuclis habitats envoltades d\u2019entorn forestal com en els mateixos sols agr\u00edcoles i forestals, per tal d\u2019evitar l\u2019aparici\u00f3 incendis forestals.<\/span><\/p>\n<p class=\"Default\" style=\"text-align: justify; line-height: 150%;\"><span style=\"color: #000000;\"><span style=\"font-size: 11pt; line-height: 150%; font-family: Arial, sans-serif;\">El regidor de l\u2019\u00e0rea, Pep Carreres, sol\u2022licita que es tinguen en compte les mesures de prevenci\u00f3 lligades a l\u2019\u00fas del foc tant en l\u2019\u00fas dom\u00e8stic <\/span><span style=\"font-size: 11pt; line-height: 150%; font-family: Arial, sans-serif;\">en<\/span><span style=\"font-size: 11pt; line-height: 150%; font-family: Arial, sans-serif;\"> xalets i casetes de camp, recordant que baix <\/span><span style=\"font-size: 11pt; line-height: 150%; font-family: Arial, sans-serif;\">estes<\/span><span style=\"font-size: 11pt; line-height: 150%; font-family: Arial, sans-serif;\"> condicions de calor extrema no es recomana cuinar a l\u2019aire lliure, sols es podr\u00e0 cuinar a l\u2019aire lliure si el paeller o el torrador est\u00e0 habilitat i normalitzat a tal efecte, i <\/span><span style=\"font-size: 11pt; line-height: 150%; font-family: Arial, sans-serif;\">amb<\/span><span style=\"font-size: 11pt; line-height: 150%; font-family: Arial, sans-serif;\"> estrictes mesures de seguretat.<\/span><\/span><\/p>\n<p class=\"Default\" style=\"text-align: justify; line-height: 150%;\"><span style=\"font-size: 11pt; line-height: 150%; font-family: Arial, sans-serif; color: #000000;\">La crema de restes de poda agr\u00edcola o forestal, estan completament prohibides en tot el terme municipal fins al 30 de setembre.<\/span><\/p>\n<p class=\"Default\" style=\"text-align: justify; line-height: 150%;\"><span style=\"font-size: 11pt; line-height: 150%; font-family: Arial, sans-serif; color: #000000;\">Tots els dispositius de vigil\u00e0ncia auton\u00f2mics, provincials i municipals intensificaran els treballs per a augmentar la probabilitat de detecci\u00f3 immediata de conats d\u2019incendis.<\/span><\/p>\n<p class=\"Default\" style=\"text-align: justify; line-height: 150%;\"><span style=\"color: #000000;\"><span style=\"font-size: 11pt; line-height: 150%; font-family: Arial, sans-serif;\">Tots els accessos a les zones forestals estaran controlats i es restring<\/span><span style=\"font-size: 11pt; line-height: 150%; font-family: Arial, sans-serif;\">ix<\/span><span style=\"font-size: 11pt; line-height: 150%; font-family: Arial, sans-serif;\"> l\u2019acc\u00e9s al p\u00fablic en el paratge natural municipal <\/span><span style=\"font-size: 11pt; line-height: 150%; font-family: Arial, sans-serif;\">Murta-Casella<\/span><span style=\"font-size: 11pt; line-height: 150%; font-family: Arial, sans-serif;\">. La Murta estar\u00e0 tancada al p\u00fablic <\/span><span style=\"font-size: 11pt; line-height: 150%; font-family: Arial, sans-serif;\">divendres<\/span><span style=\"font-size: 11pt; line-height: 150%; font-family: Arial, sans-serif;\"> i <\/span><span style=\"font-size: 11pt; line-height: 150%; font-family: Arial, sans-serif;\">dissabte<\/span><span style=\"font-size: 11pt; line-height: 150%; font-family: Arial, sans-serif;\">, i durant <\/span><span style=\"font-size: 11pt; line-height: 150%; font-family: Arial, sans-serif;\">estos<\/span><span style=\"font-size: 11pt; line-height: 150%; font-family: Arial, sans-serif;\"> dies, l\u2019acc\u00e9s a la Casella sols estar\u00e0 habilitat fins al <\/span><span style=\"font-size: 11pt; line-height: 150%; font-family: Arial, sans-serif;\">b<\/span><span style=\"font-size: 11pt; line-height: 150%; font-family: Arial, sans-serif;\">ar i l\u2019\u00e0rea recreativa del camp de tir.<\/span><\/span><\/p>\n<p class=\"Default\" style=\"text-align: justify; line-height: 150%;\">&nbsp;<\/p>\n<p style=\"text-align: justify;\"><a href=\"https:\/\/alzira.es\/wp-content\/uploads\/2020\/07\/valors_ceam_divendres_i_dissabte.png\" target=\"_blank\" rel=\"noopener\"><img fetchpriority=\"high\" decoding=\"async\" class=\" size-full wp-image-51035\" src=\"https:\/\/alzira.es\/wp-content\/uploads\/2020\/07\/valors_ceam_divendres_i_dissabte.png\" alt=\"valors ceam divendres i dissabte\" width=\"500\" height=\"297\" srcset=\"https:\/\/alzira.es\/wp-content\/uploads\/2020\/07\/valors_ceam_divendres_i_dissabte.png 1060w, https:\/\/alzira.es\/wp-content\/uploads\/2020\/07\/valors_ceam_divendres_i_dissabte-680x404.png 680w, https:\/\/alzira.es\/wp-content\/uploads\/2020\/07\/valors_ceam_divendres_i_dissabte-768x456.png 768w\" sizes=\"(max-width: 500px) 100vw, 500px\" \/><\/a>&nbsp;&nbsp;<a href=\"https:\/\/alzira.es\/wp-content\/uploads\/2020\/07\/Paeller_NP.png\" target=\"_blank\" rel=\"noopener\"><img decoding=\"async\" class=\"size-full wp-image-51038 lazyload\" data-src=\"https:\/\/alzira.es\/wp-content\/uploads\/2020\/07\/Paeller_NP.png\" alt=\"Paeller NP\" width=\"500\" height=\"344\" src=\"data:image\/svg+xml;base64,PHN2ZyB3aWR0aD0iMSIgaGVpZ2h0PSIxIiB4bWxucz0iaHR0cDovL3d3dy53My5vcmcvMjAwMC9zdmciPjwvc3ZnPg==\" style=\"--smush-placeholder-width: 500px; --smush-placeholder-aspect-ratio: 500\/344;\" \/><\/a><\/p>\n<p>&nbsp;<\/p>\n","protected":false},"excerpt":{"rendered":"<p>La Regidoria de Medi Ambient, Agricultura i Transici\u00f3 Ecol\u00f2gica informa que entre el divendres 31 de juliol i el dissabte 1 d\u2019agost, s\u2019espera una intensa pujada de les temperatures, que arribaran en el nostre terme a valors al voltant dels 40\u00baC, per tant es prega a tota la ciutadania que s\u2019extremen les precaucions en urbanitzacions &hellip; <\/p>\n<p class=\"link-more\"><a href=\"https:\/\/alzira.es\/es\/l-ajuntament-d-alzira-davant-la-previsio-de-l-augment-de-les-temperatures-recomana-extremar-les-precaucions-i-restringix-l-acces-al-paratge-natural-murta-casella\/\" class=\"more-link\">Continuar leyendo<span class=\"screen-reader-text\"> \u00abL\u2019Ajuntament d\u2019Alzira, davant la previsi\u00f3 de l\u2019augment de les temperatures, recomana extremar les precaucions i restringix l\u2019acc\u00e9s al paratge natural Murta-Casella\u00bb<\/span><\/a><\/p>\n","protected":false},"author":29,"featured_media":51035,"comment_status":"","ping_status":"","sticky":false,"template":"","format":"standard","meta":{"_acf_changed":false,"footnotes":""},"categories":[],"tags":[],"class_list":["post-51043","post","type-post","status-publish","format-standard","has-post-thumbnail","hentry"],"acf":[],"_links":{"self":[{"href":"https:\/\/alzira.es\/es\/wp-json\/wp\/v2\/posts\/51043","targetHints":{"allow":["GET"]}}],"collection":[{"href":"https:\/\/alzira.es\/es\/wp-json\/wp\/v2\/posts"}],"about":[{"href":"https:\/\/alzira.es\/es\/wp-json\/wp\/v2\/types\/post"}],"author":[{"embeddable":true,"href":"https:\/\/alzira.es\/es\/wp-json\/wp\/v2\/users\/29"}],"replies":[{"embeddable":true,"href":"https:\/\/alzira.es\/es\/wp-json\/wp\/v2\/comments?post=51043"}],"version-history":[{"count":0,"href":"https:\/\/alzira.es\/es\/wp-json\/wp\/v2\/posts\/51043\/revisions"}],"wp:featuredmedia":[{"embeddable":true,"href":"https:\/\/alzira.es\/es\/wp-json\/wp\/v2\/media\/51035"}],"wp:attachment":[{"href":"https:\/\/alzira.es\/es\/wp-json\/wp\/v2\/media?parent=51043"}],"wp:term":[{"taxonomy":"category","embeddable":true,"href":"https:\/\/alzira.es\/es\/wp-json\/wp\/v2\/categories?post=51043"},{"taxonomy":"post_tag","embeddable":true,"href":"https:\/\/alzira.es\/es\/wp-json\/wp\/v2\/tags?post=51043"}],"curies":[{"name":"wp","href":"https:\/\/api.w.org\/{rel}","templated":true}]}}