{"id":51034,"date":"2020-07-30T08:44:22","date_gmt":"2020-07-30T06:44:22","guid":{"rendered":"https:\/\/alzira.es\/el-ple-de-l-ajuntament-d-alzira-aprova-una-ordenanca-per-al-control-del-mosquit-tigre-amb-rellevancia-per-a-la-salut-publica\/"},"modified":"2020-07-30T08:44:22","modified_gmt":"2020-07-30T06:44:22","slug":"el-ple-de-l-ajuntament-d-alzira-aprova-una-ordenanca-per-al-control-del-mosquit-tigre-amb-rellevancia-per-a-la-salut-publica","status":"publish","type":"post","link":"https:\/\/alzira.es\/es\/el-ple-de-l-ajuntament-d-alzira-aprova-una-ordenanca-per-al-control-del-mosquit-tigre-amb-rellevancia-per-a-la-salut-publica\/","title":{"rendered":"El Ple de l\u2019Ajuntament d\u2019Alzira aprova una ordenan\u00e7a per al control del mosquit tigre amb rellev\u00e0ncia per a la salut p\u00fablica"},"content":{"rendered":"<p style=\"text-align: justify;\">Ahir el Ple de l&#8217;Ajuntament va votar a favor de l&#8217;aprovaci\u00f3 inicial de l&#8217;Ordenan\u00e7a per al control del mosquit tigre, que t\u00e9 com a objectiu principal aportar informaci\u00f3, consells i solucions per a evitar tant la pres\u00e8ncia com l&#8217;expansi\u00f3 del mosquit tigre en el nostre municipi. Es tracta del primer consistori de la comarca en aprovar una normativa d&#8217;este tipus, i que implica una lluita global tant en espais p\u00fablics com privats.<\/p>\n<p style=\"text-align: justify;\">L&#8217;Ordenan\u00e7a recull les normes que els ciutadans i les ciutadanes han de complir per a garantir que la pres\u00e8ncia d&#8217;este vector siga m\u00ednima, ja que es tracta d&#8217;un insecte que pot generar problemes per a la salut p\u00fablica si no es controla la seua reproducci\u00f3. A m\u00e9s, es tipifiquen els llocs que hem de revisar, s&#8217;especifica la periodicitat i s&#8217;aporten possibles solucions depenent de si els elements amb perill d&#8217;acumulaci\u00f3 d&#8217;aigua s\u00f3n fixos o es poden retirar.<\/p>\n<p style=\"text-align: justify;\">La finalitat d&#8217;esta ordenan\u00e7a \u00e9s \u00abque la ciutadania s&#8217;implique en la lluita contra el mosquit tigre, ja que com hem dit moltes voltes, es reprodu\u00efx preferentment en espais privats\u00bb, tal com indica la Regidora de Sanitat Gemma Al\u00f3s.<\/p>\n<p style=\"text-align: justify;\">La regidora ha aclarit tamb\u00e9 que \u00abdes del Departament de Salut es continuar\u00e0 treballant com fins ara, amb el suport de la Mancomunitat, i realitzant tractaments mensuals contra les larves que es detecten en els espais p\u00fablics. No obstant aix\u00f2, necessitem la col\u00b7laboraci\u00f3 de la ciutadania perqu\u00e8 la lluita contra este insecte siga molt m\u00e9s efica\u00e7\u00bb.<\/p>\n<p style=\"text-align: justify;\">L&#8217;Ordenan\u00e7a contempla tamb\u00e9 sancions encara que, com explica la regidora de Salut, \u00abes tracta d&#8217;un aspecte secundari, ja que la finalitat que es perseguix amb l&#8217;ordenan\u00e7a \u00e9s posar fi a esta plaga tan molesta\u00bb.<\/p>\n<p style=\"text-align: justify;\"><a href=\"https:\/\/alzira.es\/wp-content\/uploads\/2020\/07\/mosquitotigre_trazado-03.jpg\" target=\"_blank\" rel=\"noopener\"><img fetchpriority=\"high\" decoding=\"async\" class=\" size-full wp-image-51029\" src=\"https:\/\/alzira.es\/wp-content\/uploads\/2020\/07\/mosquitotigre_trazado-03.jpg\" alt=\"mosquitotigre trazado-03\" width=\"500\" height=\"706\" srcset=\"https:\/\/alzira.es\/wp-content\/uploads\/2020\/07\/mosquitotigre_trazado-03.jpg 596w, https:\/\/alzira.es\/wp-content\/uploads\/2020\/07\/mosquitotigre_trazado-03-361x510.jpg 361w\" sizes=\"(max-width: 500px) 100vw, 500px\" \/><\/a>&nbsp; &nbsp; &nbsp;<a href=\"https:\/\/alzira.es\/wp-content\/uploads\/2020\/07\/mosquitotigre_trazado-04.jpg\" target=\"_blank\" rel=\"noopener\"><img decoding=\"async\" class=\"size-full wp-image-51031 lazyload\" data-src=\"https:\/\/alzira.es\/wp-content\/uploads\/2020\/07\/mosquitotigre_trazado-04.jpg\" alt=\"mosquitotigre trazado-04\" width=\"500\" height=\"707\" data-srcset=\"https:\/\/alzira.es\/wp-content\/uploads\/2020\/07\/mosquitotigre_trazado-04.jpg 596w, https:\/\/alzira.es\/wp-content\/uploads\/2020\/07\/mosquitotigre_trazado-04-361x510.jpg 361w\" data-sizes=\"(max-width: 500px) 100vw, 500px\" src=\"data:image\/svg+xml;base64,PHN2ZyB3aWR0aD0iMSIgaGVpZ2h0PSIxIiB4bWxucz0iaHR0cDovL3d3dy53My5vcmcvMjAwMC9zdmciPjwvc3ZnPg==\" style=\"--smush-placeholder-width: 500px; --smush-placeholder-aspect-ratio: 500\/707;\" \/><\/a><\/p>\n","protected":false},"excerpt":{"rendered":"<p>Ahir el Ple de l&#8217;Ajuntament va votar a favor de l&#8217;aprovaci\u00f3 inicial de l&#8217;Ordenan\u00e7a per al control del mosquit tigre, que t\u00e9 com a objectiu principal aportar informaci\u00f3, consells i solucions per a evitar tant la pres\u00e8ncia com l&#8217;expansi\u00f3 del mosquit tigre en el nostre municipi. Es tracta del primer consistori de la comarca en &hellip; <\/p>\n<p class=\"link-more\"><a href=\"https:\/\/alzira.es\/es\/el-ple-de-l-ajuntament-d-alzira-aprova-una-ordenanca-per-al-control-del-mosquit-tigre-amb-rellevancia-per-a-la-salut-publica\/\" class=\"more-link\">Continuar leyendo<span class=\"screen-reader-text\"> \u00abEl Ple de l\u2019Ajuntament d\u2019Alzira aprova una ordenan\u00e7a per al control del mosquit tigre amb rellev\u00e0ncia per a la salut p\u00fablica\u00bb<\/span><\/a><\/p>\n","protected":false},"author":29,"featured_media":51029,"comment_status":"","ping_status":"","sticky":false,"template":"","format":"standard","meta":{"_acf_changed":false,"footnotes":""},"categories":[],"tags":[],"class_list":["post-51034","post","type-post","status-publish","format-standard","has-post-thumbnail","hentry"],"acf":[],"_links":{"self":[{"href":"https:\/\/alzira.es\/es\/wp-json\/wp\/v2\/posts\/51034","targetHints":{"allow":["GET"]}}],"collection":[{"href":"https:\/\/alzira.es\/es\/wp-json\/wp\/v2\/posts"}],"about":[{"href":"https:\/\/alzira.es\/es\/wp-json\/wp\/v2\/types\/post"}],"author":[{"embeddable":true,"href":"https:\/\/alzira.es\/es\/wp-json\/wp\/v2\/users\/29"}],"replies":[{"embeddable":true,"href":"https:\/\/alzira.es\/es\/wp-json\/wp\/v2\/comments?post=51034"}],"version-history":[{"count":0,"href":"https:\/\/alzira.es\/es\/wp-json\/wp\/v2\/posts\/51034\/revisions"}],"wp:featuredmedia":[{"embeddable":true,"href":"https:\/\/alzira.es\/es\/wp-json\/wp\/v2\/media\/51029"}],"wp:attachment":[{"href":"https:\/\/alzira.es\/es\/wp-json\/wp\/v2\/media?parent=51034"}],"wp:term":[{"taxonomy":"category","embeddable":true,"href":"https:\/\/alzira.es\/es\/wp-json\/wp\/v2\/categories?post=51034"},{"taxonomy":"post_tag","embeddable":true,"href":"https:\/\/alzira.es\/es\/wp-json\/wp\/v2\/tags?post=51034"}],"curies":[{"name":"wp","href":"https:\/\/api.w.org\/{rel}","templated":true}]}}