{"id":51023,"date":"2020-07-29T13:43:44","date_gmt":"2020-07-29T11:43:44","guid":{"rendered":"https:\/\/alzira.es\/ecomobil-al-raco-de-les-vinyes-2\/"},"modified":"2020-07-29T13:43:44","modified_gmt":"2020-07-29T11:43:44","slug":"ecomobil-al-raco-de-les-vinyes-2","status":"publish","type":"post","link":"https:\/\/alzira.es\/es\/ecomobil-al-raco-de-les-vinyes-2\/","title":{"rendered":"L&#8217;Ecom\u00f2bil realitza una parada al  Rac\u00f3 de les Vinyes i al Forn de Carrascosa el divendres 31 de juliol"},"content":{"rendered":"<p style=\"text-align: justify;\"><strong>Alzira, 29 de juliol de 2020.-<\/strong> El Consorci Ribera i Valldigna, amb la col\u00b7laboraci\u00f3 de l&#8217;Ajuntament d&#8217;Alzira, posa a disposici\u00f3 dels usuaris <strong>l&#8217;Ecom\u00f2bil Educatiu del Consorci<\/strong> en dos punts de la ciutat d&#8217;Alzira, <strong>el Rac\u00f3 de les Vinyes<\/strong>, <em>de 8,30 a 11 hores<\/em>, i al <strong>Forn de Carrascosa<\/strong>, <em>d&#8217;11,30 a 14,00 hores<\/em>.<\/p>\n<p style=\"text-align: justify;\"><em>\u00abL&#8217;objectiu \u00e9s que els ve\u00efns que en \u00e8poca estival residixen en estes zones pugen acostar-se fins a l&#8217;Ecom\u00f2bil per tal de dipositat tots els objectes que ja no siguen d&#8217;utilitat. El residus generats derivaran en Ecopunts, que permeten tindre una bonificaci\u00f3 en la taxa del tractament de residus\u00bb<\/em>, manifesta <strong>Fernando Pascual<\/strong>, regidor de Serveis Urbans.<\/p>\n<p style=\"text-align: justify;\">Recordar que si encara no t&#8217;has donat d&#8217;alta per a obtenir els Ecopunts, pots informar-te en l&#8217;Ecom\u00f2bil o en la p\u00e0gina web del consorci. Fernando Pascual ha remarcat que <em>\u00abHem de realitzar un esfor\u00e7 col\u00b7lectiu per a poder aconseguir una bona gesti\u00f3 dels residus, no sols a Alzira ciutat, sin\u00f3 tamb\u00e9 a la platja i a la muntanya. Reciclar \u00e9s cosa de totes i tots, a m\u00e9s contribu\u00efm amb esta acci\u00f3 a conservar els espais naturals. L&#8217;edil invita a totes i tots a gaudir d&#8217;unes vacances practicant les 3R: \u00ab<strong>reduint, reutilitzant i reciclant<\/strong>\u00ab.<\/em><\/p>\n<p style=\"text-align: justify;\">Per \u00faltim assenyalar, una vegada m\u00e9s, que el paper i el cart\u00f3 van al contenidor blau; els envasos de pl\u00e0stic, llandes, brics i aerosols al contenidor groc; els envasos de vidre al contenidor verd i els residus especials a l&#8217;Ecom\u00f2bil i Ecoparcs. Des del Consorci Ribera i Valldigna i l&#8217;Ajuntament d&#8217;Alzira, es sol\u00b7licita la col\u00b7laboraci\u00f3 ciutadana perqu\u00e8 l&#8217;extraradi de la ciutat estiga net d&#8217;andr\u00f2mines i poda.<\/p>\n<p style=\"text-align: center;\"><img fetchpriority=\"high\" decoding=\"async\" width=\"960\" height=\"594\" class=\" size-full wp-image-51020\" src=\"https:\/\/alzira.es\/wp-content\/uploads\/2020\/07\/FB_IMG_1596010704703.jpg\" alt=\"FB IMG 1596010704703\" srcset=\"https:\/\/alzira.es\/wp-content\/uploads\/2020\/07\/FB_IMG_1596010704703.jpg 960w, https:\/\/alzira.es\/wp-content\/uploads\/2020\/07\/FB_IMG_1596010704703-680x421.jpg 680w, https:\/\/alzira.es\/wp-content\/uploads\/2020\/07\/FB_IMG_1596010704703-768x475.jpg 768w\" sizes=\"(max-width: 706px) 89vw, (max-width: 767px) 82vw, 740px\" \/><\/p>\n","protected":false},"excerpt":{"rendered":"<p>Alzira, 29 de juliol de 2020.- El Consorci Ribera i Valldigna, amb la col\u00b7laboraci\u00f3 de l&#8217;Ajuntament d&#8217;Alzira, posa a disposici\u00f3 dels usuaris l&#8217;Ecom\u00f2bil Educatiu del Consorci en dos punts de la ciutat d&#8217;Alzira, el Rac\u00f3 de les Vinyes, de 8,30 a 11 hores, i al Forn de Carrascosa, d&#8217;11,30 a 14,00 hores. \u00abL&#8217;objectiu \u00e9s que &hellip; <\/p>\n<p class=\"link-more\"><a href=\"https:\/\/alzira.es\/es\/ecomobil-al-raco-de-les-vinyes-2\/\" class=\"more-link\">Continuar leyendo<span class=\"screen-reader-text\"> \u00abL&#8217;Ecom\u00f2bil realitza una parada al  Rac\u00f3 de les Vinyes i al Forn de Carrascosa el divendres 31 de juliol\u00bb<\/span><\/a><\/p>\n","protected":false},"author":29,"featured_media":51020,"comment_status":"","ping_status":"","sticky":false,"template":"","format":"standard","meta":{"_acf_changed":false,"footnotes":""},"categories":[],"tags":[],"class_list":["post-51023","post","type-post","status-publish","format-standard","has-post-thumbnail","hentry"],"acf":[],"_links":{"self":[{"href":"https:\/\/alzira.es\/es\/wp-json\/wp\/v2\/posts\/51023","targetHints":{"allow":["GET"]}}],"collection":[{"href":"https:\/\/alzira.es\/es\/wp-json\/wp\/v2\/posts"}],"about":[{"href":"https:\/\/alzira.es\/es\/wp-json\/wp\/v2\/types\/post"}],"author":[{"embeddable":true,"href":"https:\/\/alzira.es\/es\/wp-json\/wp\/v2\/users\/29"}],"replies":[{"embeddable":true,"href":"https:\/\/alzira.es\/es\/wp-json\/wp\/v2\/comments?post=51023"}],"version-history":[{"count":0,"href":"https:\/\/alzira.es\/es\/wp-json\/wp\/v2\/posts\/51023\/revisions"}],"wp:featuredmedia":[{"embeddable":true,"href":"https:\/\/alzira.es\/es\/wp-json\/wp\/v2\/media\/51020"}],"wp:attachment":[{"href":"https:\/\/alzira.es\/es\/wp-json\/wp\/v2\/media?parent=51023"}],"wp:term":[{"taxonomy":"category","embeddable":true,"href":"https:\/\/alzira.es\/es\/wp-json\/wp\/v2\/categories?post=51023"},{"taxonomy":"post_tag","embeddable":true,"href":"https:\/\/alzira.es\/es\/wp-json\/wp\/v2\/tags?post=51023"}],"curies":[{"name":"wp","href":"https:\/\/api.w.org\/{rel}","templated":true}]}}