{"id":51013,"date":"2020-07-27T12:24:18","date_gmt":"2020-07-27T10:24:18","guid":{"rendered":"https:\/\/alzira.es\/oberta-la-matricula-per-a-unisocietat-2020-2021\/"},"modified":"2020-07-27T12:24:18","modified_gmt":"2020-07-27T10:24:18","slug":"oberta-la-matricula-per-a-unisocietat-2020-2021","status":"publish","type":"post","link":"https:\/\/alzira.es\/es\/oberta-la-matricula-per-a-unisocietat-2020-2021\/","title":{"rendered":"Oberta la matr\u00edcula per a UNISOCIETAT 2020-2021"},"content":{"rendered":"<p><span style=\"color: #000000;\"><span style=\"color: #ff0000;\"><strong>Obert el termini de matr\u00edcula<\/strong><\/span> per als cursos del Programa *Unisociedad (Universitat i Societat)<\/span><\/p>\n<p><span style=\"color: #000000;\">Requisits: 30 anys o m\u00e9s<\/span><\/p>\n<p><span style=\"color: #000000;\"><strong><span style=\"color: #ff0000;\">Inscripci\u00f3: fins al 5 d&#8217;octubre de 2020<\/span><\/strong> (Matr\u00edcula per rigor\u00f3s ordre d&#8217;inscripci\u00f3. Places limitades)<\/span><\/p>\n<p><span style=\"color: #ff0000;\"><strong>Formes d&#8217;inscripci\u00f3:<\/strong><\/span><\/p>\n<p><span style=\"color: #000000;\">&#8211; <strong>preferentment<\/strong> a trav\u00e9s de la seu electr\u00f2nica en el tr\u00e0mit d&#8217;educaci\u00f3 amb el nom de Matr\u00edcula Unisocietat Ribera Alzira (<span style=\"color: #000000;\"><a href=\"https:\/\/sedeelectronica.alzira.es\/PortalCiudadano\/tramites\/tramite.do?formAction=btShow&amp;t=3751\" target=\"_blank\" rel=\"noopener\">https:\/\/sedeelectronica.alzira.es\/portalciudadano\/tramites\/tramite.do?formaction=btshow&amp;t=375<\/a>1<\/span>)<\/span><br \/><span>&#8211; <strong>de manera presencial<\/strong> en la Clau, amb cita pr\u00e8via (<a href=\"https:\/\/citaprevia.alzira.es\/#!\/es\/home\" target=\"_blank\" rel=\"noopener\">citaprevia.alzira.es<\/a>)<\/span><\/p>\n<p>&nbsp;<span style=\"color: #ff0000;\"><strong>Documentaci\u00f3 necess\u00e0ria per a matricular-se<\/strong><\/span><\/p>\n<p style=\"font-size: 14.4px;\"><span style=\"color: #000000;\"><strong>&nbsp; &nbsp; &nbsp;Para el alumnado de cursos anteriores:<\/strong><\/span><\/p>\n<p>&nbsp;<strong>&nbsp; &nbsp; &nbsp;&#8211;&nbsp;<\/strong><span style=\"text-decoration: underline;\"><a href=\"https:\/\/alzira.es\/wp-content\/uploads\/2012\/06\/edu_Full_de_matricula_Unisocietat.pdf\" target=\"_blank\" rel=\"noopener\">Solicitud<\/a><\/span>&nbsp;de matr\u00edcula<\/p>\n<p>&nbsp;<span style=\"color: #000000;\">&nbsp; &nbsp; &nbsp;&#8211; Hoja de&nbsp;<span style=\"text-decoration: underline;\"><a href=\"https:\/\/alzira.es\/wp-content\/uploads\/2012\/06\/edu_Autorizacion_Domiciliacion_Bancaria_UV.pdf\" target=\"_blank\" rel=\"noopener\">domiciliaci\u00f3n<\/a>&nbsp;<a href=\"https:\/\/alzira.es\/wp-content\/uploads\/2012\/06\/edu_Autorizacion_Domiciliacion_Bancaria_UV.pdf\" target=\"_blank\" rel=\"noopener\">bancaria<\/a><\/span>&nbsp;<\/span><\/p>\n<p>&nbsp;<span style=\"color: #000000;\">&nbsp; &nbsp; &nbsp;<strong>Para el alumnado que se matricula por primera vez:<\/strong><\/span><\/p>\n<p>&nbsp;<span style=\"color: #000000;\">&nbsp; &nbsp; &nbsp;<\/span><strong>&#8211;&nbsp;<\/strong><span style=\"text-decoration: underline;\"><a href=\"https:\/\/alzira.es\/wp-content\/uploads\/2012\/06\/edu_Full_de_matricula_Unisocietat.pdf\" target=\"_blank\" rel=\"noopener\">Solicitud<\/a><\/span>&nbsp;de matr\u00edcula<\/p>\n<p>&nbsp;<span style=\"color: #000000; font-size: 14.4px;\">&nbsp; &nbsp; &nbsp;&#8211; Hoja de&nbsp;<\/span><span style=\"text-decoration: underline;\"><a style=\"font-size: 14.4px;\" href=\"https:\/\/alzira.es\/wp-content\/uploads\/2012\/06\/edu_Autorizacion_Domiciliacion_Bancaria_UV.pdf\" target=\"_blank\" rel=\"noopener\">domiciliaci\u00f3<\/a>&nbsp;<a style=\"font-size: 14.4px;\" href=\"https:\/\/alzira.es\/wp-content\/uploads\/2012\/06\/edu_Autorizacion_Domiciliacion_Bancaria_UV.pdf\" target=\"_blank\" rel=\"noopener\">bancaria<\/a><\/span><\/p>\n<p>&nbsp;<span style=\"font-size: 14.4px; color: #000000;\">&nbsp; &nbsp;&nbsp;<\/span><span style=\"font-size: 14.4px; color: #000000;\">&#8211; Fotocopia del DNI<\/span><\/p>\n<p>&nbsp;<span style=\"color: #000000;\">&nbsp; &nbsp; &nbsp;&#8211; Fotografia tama\u00f1o DNI<\/span><\/p>\n<p>&nbsp;<span style=\"color: #000000;\">L&#8217;<strong><span style=\"color: #ff0000;\">oferta de cursos<\/span><\/strong> \u00e9s la seg\u00fcent:<\/span><\/p>\n<p><span style=\"color: #000000;\">&#8211; 3r curs: Dimecres, de 09.30-12.50 a l&#8217;Escola d&#8217;Adults d&#8217;Alzira<\/span><br \/><span style=\"color: #000000;\">&#8211; Unisocietat Plus 1: Dimarts de 09.30-12.50 a l&#8217;Escola d&#8217;Adults d&#8217;Alzira<\/span><br \/><span style=\"color: #000000;\">&#8211; Unisocietat Plus 2: Dijous de 09.30-12.50 a l&#8217;Escola d&#8217;Adults d&#8217;Alzira<\/span><\/p>\n<p><span style=\"color: #ff0000;\"><strong>M\u00e9s informaci\u00f3:<\/strong><\/span><\/p>\n<p><span style=\"color: #000000;\">Regidoria d&#8217;Educaci\u00f3 i Inf\u00e0ncia de l&#8217;Ajuntament d&#8217;Alzira<\/span><br \/><span style=\"color: #000000;\">96 245 92 50 <\/span><br \/><span style=\"color: #000000;\">educacio@alzira.es<\/span><\/p>\n<p><a style=\"font-size: 14.4px;\" href=\"https:\/\/alzira.es\/wp-content\/uploads\/2020\/07\/Cartel_A3_ALZIRA_2020.pdf\" target=\"_blank\" rel=\"noopener\"><img fetchpriority=\"high\" decoding=\"async\" width=\"450\" height=\"636\" class=\" size-full wp-image-51004\" src=\"https:\/\/alzira.es\/wp-content\/uploads\/2020\/07\/imatge-cartell.jpg\" alt=\"imatge cartell\" srcset=\"https:\/\/alzira.es\/wp-content\/uploads\/2020\/07\/imatge-cartell.jpg 450w, https:\/\/alzira.es\/wp-content\/uploads\/2020\/07\/imatge-cartell-361x510.jpg 361w\" sizes=\"(max-width: 450px) 100vw, 450px\" \/><\/a><span style=\"font-size: 14.4px;\">&nbsp; &nbsp; &nbsp;<\/span><a style=\"font-size: 14.4px;\" href=\"https:\/\/alzira.es\/wp-content\/uploads\/2020\/07\/TRIPTICO_UNISOCIETAT_ALZIRA_2020.pdf\" target=\"_blank\" rel=\"noopener\"><img decoding=\"async\" width=\"450\" height=\"635\" class=\"size-full wp-image-51010 lazyload\" data-src=\"https:\/\/alzira.es\/wp-content\/uploads\/2020\/07\/imatge-informacio.jpg\" alt=\"imatge informacio\" data-srcset=\"https:\/\/alzira.es\/wp-content\/uploads\/2020\/07\/imatge-informacio.jpg 450w, https:\/\/alzira.es\/wp-content\/uploads\/2020\/07\/imatge-informacio-361x510.jpg 361w\" data-sizes=\"(max-width: 450px) 100vw, 450px\" src=\"data:image\/svg+xml;base64,PHN2ZyB3aWR0aD0iMSIgaGVpZ2h0PSIxIiB4bWxucz0iaHR0cDovL3d3dy53My5vcmcvMjAwMC9zdmciPjwvc3ZnPg==\" style=\"--smush-placeholder-width: 450px; --smush-placeholder-aspect-ratio: 450\/635;\" \/><\/a><\/p>\n<p>&nbsp;<\/p>\n","protected":false},"excerpt":{"rendered":"<p>Obert el termini de matr\u00edcula per als cursos del Programa *Unisociedad (Universitat i Societat) Requisits: 30 anys o m\u00e9s Inscripci\u00f3: fins al 5 d&#8217;octubre de 2020 (Matr\u00edcula per rigor\u00f3s ordre d&#8217;inscripci\u00f3. Places limitades) Formes d&#8217;inscripci\u00f3: &#8211; preferentment a trav\u00e9s de la seu electr\u00f2nica en el tr\u00e0mit d&#8217;educaci\u00f3 amb el nom de Matr\u00edcula Unisocietat Ribera Alzira &hellip; <\/p>\n<p class=\"link-more\"><a href=\"https:\/\/alzira.es\/es\/oberta-la-matricula-per-a-unisocietat-2020-2021\/\" class=\"more-link\">Continuar leyendo<span class=\"screen-reader-text\"> \u00abOberta la matr\u00edcula per a UNISOCIETAT 2020-2021\u00bb<\/span><\/a><\/p>\n","protected":false},"author":20,"featured_media":0,"comment_status":"","ping_status":"","sticky":false,"template":"","format":"standard","meta":{"_acf_changed":false,"footnotes":""},"categories":[],"tags":[],"class_list":["post-51013","post","type-post","status-publish","format-standard","hentry"],"acf":[],"_links":{"self":[{"href":"https:\/\/alzira.es\/es\/wp-json\/wp\/v2\/posts\/51013","targetHints":{"allow":["GET"]}}],"collection":[{"href":"https:\/\/alzira.es\/es\/wp-json\/wp\/v2\/posts"}],"about":[{"href":"https:\/\/alzira.es\/es\/wp-json\/wp\/v2\/types\/post"}],"author":[{"embeddable":true,"href":"https:\/\/alzira.es\/es\/wp-json\/wp\/v2\/users\/20"}],"replies":[{"embeddable":true,"href":"https:\/\/alzira.es\/es\/wp-json\/wp\/v2\/comments?post=51013"}],"version-history":[{"count":0,"href":"https:\/\/alzira.es\/es\/wp-json\/wp\/v2\/posts\/51013\/revisions"}],"wp:attachment":[{"href":"https:\/\/alzira.es\/es\/wp-json\/wp\/v2\/media?parent=51013"}],"wp:term":[{"taxonomy":"category","embeddable":true,"href":"https:\/\/alzira.es\/es\/wp-json\/wp\/v2\/categories?post=51013"},{"taxonomy":"post_tag","embeddable":true,"href":"https:\/\/alzira.es\/es\/wp-json\/wp\/v2\/tags?post=51013"}],"curies":[{"name":"wp","href":"https:\/\/api.w.org\/{rel}","templated":true}]}}