{"id":50997,"date":"2020-07-23T13:43:31","date_gmt":"2020-07-23T11:43:31","guid":{"rendered":"https:\/\/alzira.es\/?p=50997"},"modified":"2020-07-23T13:43:31","modified_gmt":"2020-07-23T11:43:31","slug":"ajudes-compra-primera-habitatge-joves","status":"publish","type":"post","link":"https:\/\/alzira.es\/es\/ajudes-compra-primera-habitatge-joves\/","title":{"rendered":"AJUDES A LA COMPRA DE PRIMER HABITATGE PER A JOVES"},"content":{"rendered":"<p style=\"text-align: justify;\">&nbsp;<\/p>\n<table>\n<tbody>\n<tr style=\"background-color: #cccccc;\">\n<td>&nbsp; &nbsp; &nbsp; &nbsp; &nbsp; &nbsp; &nbsp; &nbsp; &nbsp;<\/td>\n<td>\n<p style=\"text-align: center;\" align=\"center\"><strong><span style=\"text-decoration: underline;\"><span style=\"font-size: 18pt;\">Ajudes a la compra de la Primera Habitatge per a Joves<\/span><\/span><\/strong><\/p>\n<\/td>\n<td><span style=\"font-size: 18pt;\">&nbsp; &nbsp; &nbsp; &nbsp; &nbsp; &nbsp;<\/span><\/td>\n<\/tr>\n<tr style=\"background-color: #f5f5f5;\">\n<td style=\"width: 50px;\">&nbsp;<\/td>\n<td style=\"width: 700px;\">&nbsp;<a href=\"contenidos\/urbanisme\/Noticias\/Inicio_Ayudas_Primera_vivienda\/Cartel-ayudas.jpg\" target=\"_blank\" rel=\"noopener\"><img fetchpriority=\"high\" decoding=\"async\" style=\"display: block; margin-left: auto; margin-right: auto; vertical-align: middle;\" src=\"contenidos\/urbanisme\/Noticias\/Inicio_Ayudas_Primera_vivienda\/Cartel-ayudas.jpg\" alt=\"Cartel-ayudas\" width=\"488\" height=\"350\" \/><\/a><\/td>\n<td style=\"width: 50px;\">&nbsp;<\/td>\n<\/tr>\n<tr style=\"background-color: #f5f5f5;\">\n<td>&nbsp;<\/td>\n<td>\n<p><span style=\"font-size: 12pt; font-family: helvetica;\">Des de fa ja temps, l&#8217;Ajuntament d&#8217;Alzira oferix als joves de la nostra ciutat, una l\u00ednia d&#8217;ajudes destinades a subvencionar part de l&#8217;preu inicial de compra del seu primer habitatge.<\/span><br \/><span style=\"font-size: 12pt; font-family: helvetica;\">La concessi\u00f3 d&#8217;aquests ajuts, que t\u00e9 car\u00e0cter de subvenci\u00f3, est\u00e0 limitada anualment per l&#8217;import de l&#8217;pressupost aprovat per l&#8217;Ajuntament d&#8217;Alzira.<\/span><\/p>\n<\/td>\n<td>&nbsp;<\/td>\n<\/tr>\n<tr style=\"background-color: #f5f5f5;\">\n<td>&nbsp;<\/td>\n<td>\n<p style=\"margin-left: 30px; color: #000000; font-size: 11px; background-color: #f5f5f5;\"><span style=\"font-family: helvetica; font-size: 10pt; color: #333333;\">&nbsp;<\/span><\/p>\n<p style=\"margin-left: 30px; color: #000000; font-size: 11px; background-color: #f5f5f5;\"><span style=\"font-family: helvetica; font-size: 12pt; color: #333333;\"><strong><span style=\"text-decoration: underline;\">DESTINATARIS<\/span><\/strong><\/span><\/p>\n<p style=\"margin-left: 30px; color: #000000; font-size: 11px; background-color: #f5f5f5;\"><span style=\"font-family: helvetica; font-size: 12pt; color: #333333;\">Les ajudes s&#8217;adrecen als joves de fins a 35 anys d&#8217;edat, inclusivament, per a l&#8217;adquisici\u00f3 del seu primer habitatge, amb la finalitat de destinar al seu domicili habitual i permanent.<\/span><\/p>\n<\/td>\n<td>&nbsp;<\/td>\n<\/tr>\n<tr style=\"background-color: #f5f5f5;\">\n<td>&nbsp;<\/td>\n<td><span style=\"font-family: helvetica; font-size: 10pt; color: #333333;\">&nbsp;<\/span> <\/p>\n<p style=\"margin-left: 30px; color: #000000; font-size: 11px; background-color: #f5f5f5;\"><span style=\"font-family: helvetica; font-size: 12pt; color: #333333;\"><strong><span style=\"text-decoration: underline;\">TERMINI DE SOL\u00b7LICITUD DE LES AJUDES<\/span><\/strong><\/span><\/p>\n<p style=\"margin-left: 30px; color: #000000; font-size: 11px; background-color: #f5f5f5;\"><span style=\"font-family: helvetica; font-size: 12pt; color: #333333;\">Els ajuts seran anuals i podran sol\u00b7licitar-se com a m\u00e0xim, fins a un any despr\u00e9s de la inscripci\u00f3 registral de l&#8217;habitatge adquirit i quedaran supeditades al fet que hi hagi consignaci\u00f3 pressupost\u00e0ria.<\/span><\/p>\n<p style=\"margin-left: 30px; color: #000000; font-size: 11px; background-color: #f5f5f5;\"><span style=\"font-family: helvetica; font-size: 12pt; color: #333333;\">El termini de presentaci\u00f3 de sol\u00b7licituds s&#8217;iniciar\u00e0 a partir de l&#8217;endem\u00e0 de la publicaci\u00f3 de l&#8217;extracte de la convocat\u00f2ria en el Butllet\u00ed Oficial de la Prov\u00edncia, i finalitzar\u00e0 el 16 d&#8217;Octubre de l&#8217;any en curs.<\/span><\/p>\n<p style=\"margin-left: 30px; color: #000000; font-size: 11px; background-color: #f5f5f5;\"><span style=\"font-family: helvetica; font-size: 12pt; color: #333333;\">\u2022 Publicaci\u00f3 anunci BOP 139, juliol 22 de 2020.<\/span><br \/><span style=\"font-family: helvetica; font-size: 12pt; color: #333333;\">\u2022 Inici de l&#8217;termini de presentaci\u00f3 de sol\u00b7licituds el 23 de Juliol de 2020.<\/span><br \/><span style=\"font-family: helvetica; font-size: 12pt; color: #333333;\">\u2022 Fi de l&#8217;termini de presentaci\u00f3 de sol\u00b7licituds 16 octubre 2020.<\/span><\/p>\n<p style=\"color: #000000; font-size: 11px; background-color: #f5f5f5; margin-left: 30px;\"><span style=\"font-family: helvetica; font-size: 12pt; color: #333333;\">Les sol\u00b7licituds es tramitaran preferentment per via telem\u00e0tica, si b\u00e9 aquells beneficiaris que no disposin de mitjans t\u00e8cnics podran acudir durant el termini de presentaci\u00f3 de sol\u00b7licituds a les depend\u00e8ncies de La Clau (C \/ Rambla, 23) pr\u00e8via petici\u00f3 de cita, b\u00e9 a trav\u00e9s de la web municipal, o trucant a al tel\u00e8fon 96070<\/span><\/p>\n<\/td>\n<td>&nbsp;<\/td>\n<\/tr>\n<tr style=\"background-color: #f5f5f5;\">\n<td>&nbsp;<\/td>\n<td>\n<p style=\"margin-left: 30px;\"><span style=\"font-family: helvetica; font-size: 10pt;\">&nbsp;<\/span><\/p>\n<p style=\"margin-left: 30px;\"><span style=\"color: #333333;\"><strong><span style=\"font-family: helvetica; font-size: 12pt;\">DOCUMENTACI\u00d3 RELATIVA A LA AJUDA:<\/span><\/strong><\/span><\/p>\n<p style=\"margin-left: 30px;\"><span style=\"font-family: helvetica; font-size: 12pt;\"><a href=\"contenidos\/urbanisme\/Noticias\/Inicio_Ayudas_Primera_vivienda\/ACUERDO%20JGL.pdf\" target=\"_blank\" rel=\"noopener\"><span style=\"color: #800000;\">* Acord Junta de Gobern Local<\/span><\/a><\/span><\/p>\n<p style=\"margin-left: 30px;\"><span style=\"font-family: helvetica; font-size: 12pt;\"><a href=\"contenidos\/urbanisme\/Noticias\/Inicio_Ayudas_Primera_vivienda\/ANUNCIO%20BOP-extracto%20convocatoria.pdf\" target=\"_blank\" rel=\"noopener\"><span style=\"color: #800000;\">* Anunci BOP Extracte Convocatoria<\/span><\/a><\/span><\/p>\n<\/td>\n<td>&nbsp;<\/td>\n<\/tr>\n<\/tbody>\n<\/table>\n<p style=\"text-align: justify;\">&nbsp;<\/p>\n<p style=\"text-align: justify;\"><span style=\"text-decoration: underline;\"><strong><span style=\"font-size: 14pt;\">.<\/span><\/strong><\/span><\/p>\n","protected":false},"excerpt":{"rendered":"<p>&nbsp; &nbsp; &nbsp; &nbsp; &nbsp; &nbsp; &nbsp; &nbsp; &nbsp; &nbsp; Ajudes a la compra de la Primera Habitatge per a Joves &nbsp; &nbsp; &nbsp; &nbsp; &nbsp; &nbsp; &nbsp; &nbsp; &nbsp; &nbsp; Des de fa ja temps, l&#8217;Ajuntament d&#8217;Alzira oferix als joves de la nostra ciutat, una l\u00ednia d&#8217;ajudes destinades a subvencionar part de l&#8217;preu inicial &hellip; <\/p>\n<p class=\"link-more\"><a href=\"https:\/\/alzira.es\/es\/ajudes-compra-primera-habitatge-joves\/\" class=\"more-link\">Continuar leyendo<span class=\"screen-reader-text\"> \u00abAJUDES A LA COMPRA DE PRIMER HABITATGE PER A JOVES\u00bb<\/span><\/a><\/p>\n","protected":false},"author":16,"featured_media":0,"comment_status":"","ping_status":"","sticky":false,"template":"","format":"standard","meta":{"_acf_changed":false,"footnotes":""},"categories":[],"tags":[],"class_list":["post-50997","post","type-post","status-publish","format-standard","hentry"],"acf":[],"_links":{"self":[{"href":"https:\/\/alzira.es\/es\/wp-json\/wp\/v2\/posts\/50997","targetHints":{"allow":["GET"]}}],"collection":[{"href":"https:\/\/alzira.es\/es\/wp-json\/wp\/v2\/posts"}],"about":[{"href":"https:\/\/alzira.es\/es\/wp-json\/wp\/v2\/types\/post"}],"author":[{"embeddable":true,"href":"https:\/\/alzira.es\/es\/wp-json\/wp\/v2\/users\/16"}],"replies":[{"embeddable":true,"href":"https:\/\/alzira.es\/es\/wp-json\/wp\/v2\/comments?post=50997"}],"version-history":[{"count":0,"href":"https:\/\/alzira.es\/es\/wp-json\/wp\/v2\/posts\/50997\/revisions"}],"wp:attachment":[{"href":"https:\/\/alzira.es\/es\/wp-json\/wp\/v2\/media?parent=50997"}],"wp:term":[{"taxonomy":"category","embeddable":true,"href":"https:\/\/alzira.es\/es\/wp-json\/wp\/v2\/categories?post=50997"},{"taxonomy":"post_tag","embeddable":true,"href":"https:\/\/alzira.es\/es\/wp-json\/wp\/v2\/tags?post=50997"}],"curies":[{"name":"wp","href":"https:\/\/api.w.org\/{rel}","templated":true}]}}