{"id":50993,"date":"2020-06-01T13:36:20","date_gmt":"2020-06-01T11:36:20","guid":{"rendered":"https:\/\/alzira.es\/archival-guardona-a-alzira-per-la-conservacio-de-la-vila\/"},"modified":"2020-06-01T13:36:20","modified_gmt":"2020-06-01T11:36:20","slug":"archival-guardona-a-alzira-per-la-conservacio-de-la-vila","status":"publish","type":"post","link":"https:\/\/alzira.es\/es\/archival-guardona-a-alzira-per-la-conservacio-de-la-vila\/","title":{"rendered":"ARCHIVAL GUARDONA A ALZIRA PER LA CONSERVACI\u00d3 DE LA VILA"},"content":{"rendered":"<table border=\"0\">\n<tbody>\n<tr style=\"background-color: #cccccc;\">\n<td style=\"text-align: center;\" colspan=\"3\">&nbsp; &nbsp; &nbsp; &nbsp;&nbsp;<span style=\"text-decoration: underline;\"><strong><span style=\"font-size: 18pt;\">Alzira Guanyadora del Guard\u00f3&nbsp; Archival Comunitat Valenciana 2019<\/span><\/strong><\/span><span style=\"font-size: 18pt;\">&nbsp; &nbsp; &nbsp; &nbsp;&nbsp;<\/span><\/td>\n<\/tr>\n<tr style=\"background-color: #f5f5f5;\">\n<td style=\"text-align: center;\" colspan=\"3\"><a href=\"https:\/\/alzira.es\/wp-content\/uploads\/2020\/06\/Premio_Archival.jpg\" target=\"_blank\" rel=\"noopener\"><img fetchpriority=\"high\" decoding=\"async\" width=\"537\" height=\"350\" class=\" size-full wp-image-50990\" src=\"https:\/\/alzira.es\/wp-content\/uploads\/2020\/06\/Premio_Archival.jpg\" alt=\"Premio Archival\" \/><\/a><\/td>\n<\/tr>\n<tr style=\"background-color: #f5f5f5;\">\n<td style=\"width: 50px;\">&nbsp; &nbsp; &nbsp;<\/td>\n<td>\n<p>&nbsp;<\/p>\n<p><strong>ARCHIVAL <\/strong>Associaci\u00f3 per a la Recuperaci\u00f3 de Centres Hist\u00f2rics d&#8217;Espanya, ha reconegut amb un guard\u00f3 els treballs de conservaci\u00f3 realitzats per l&#8217;Ajuntament d&#8217;Alzira en La Vila.<\/p>\n<p><strong>ARCHIVAL <\/strong>\u00e9s una entitat privada sense \u00e0nim de lucre, per a impulsar la recuperaci\u00f3 de centres hist\u00f2rics d&#8217;Espanya. Arxival, fomenta la recuperaci\u00f3 del centre hist\u00f2ric de Val\u00e8ncia en aspectes urban\u00edstics, comercials, artesanals, culturals, tur\u00edstics i socials<\/p>\n<p>Per aix\u00f2, el passat 11 de febrer, l&#8217;alcalde d&#8217;Alzira, Diego G\u00f3mez, i la regidora d&#8217;Urbanisme, Sara Gar\u00e9s, van acudir a l&#8217;acte d&#8217;entrega de premis, que es va celebrar en la Benefici\u00e8ncia de Val\u00e8ncia. \u00abEstamos molt satisfets per este reconeixement nacional al treball del nostre ajuntament, durant molts anys, per a recuperar la nostra historia,&nbsp;van ser paraules de l&#8217;Alcalde Diego G\u00f3mez<\/p>\n<\/td>\n<td style=\"width: 50px;\">&nbsp; &nbsp;&nbsp;<\/td>\n<\/tr>\n<tr style=\"background-color: #f5f5f5;\">\n<td>&nbsp;<\/td>\n<td><a href=\"contenidos\/urbanisme\/Noticias\/Premio_Archival%202019\/CONCESI\u00d3N%20DE%20PREMIO%20ARCHIVAL.docx\" target=\"_blank\" rel=\"noopener\">&nbsp; <span style=\"color: #800000;\">&nbsp;<\/span><\/a><span style=\"color: #800000;\"><a href=\"contenidos\/urbanisme\/Noticias\/Premio_Archival%202019\/CONCESI\u00d3N%20DE%20PREMIO%20ARCHIVAL.pdf\" target=\"_blank\" rel=\"noopener\"><span style=\"color: #800000;\">*&nbsp; Carta de Notificaci\u00f3 Concessi\u00f3 Premi&nbsp;Archival 2019.<\/span><\/a><\/span><a href=\"contenidos\/urbanisme\/Noticias\/Premio_Archival%202019\/CONCESI\u00d3N%20DE%20PREMIO%20ARCHIVAL.docx\" target=\"_blank\" rel=\"noopener\"><\/a><\/td>\n<td>&nbsp;<\/td>\n<\/tr>\n<tr style=\"background-color: #f5f5f5;\">\n<td>&nbsp;<\/td>\n<td>&nbsp;<span style=\"color: #800000;\">&nbsp;<a href=\"index.php?option=com_content&amp;view=article&amp;id=12199;alzira-ganadora-premio-archival-imagenes&amp;catid=2;uncategorised\" target=\"_self\" rel=\"noopener\"><span style=\"color: #800000;\">&nbsp;*&nbsp; Imatges Acte d&#8217;Entrega 11 febrer&nbsp;2020.<\/span><\/a><\/span><\/td>\n<td>&nbsp;<\/td>\n<\/tr>\n<tr style=\"background-color: #f5f5f5;\">\n<td>&nbsp;<\/td>\n<td>\n<p>&nbsp; &nbsp;*&nbsp; Publicacions diferents mitjans de comunicaci\u00f3:<\/p>\n<p><span style=\"color: #000000; font-size: 11px; background-color: #f0f0f0;\">&nbsp; &nbsp; &nbsp; &nbsp; &nbsp; &nbsp; &nbsp; &nbsp; &nbsp;<span style=\"color: #800000;\">&nbsp;<\/span><\/span><span style=\"color: #800000;\"><a style=\"font-size: 11px; background-color: #f0f0f0;\" href=\"https:\/\/www.levante-emv.com\/ribera\/2020\/02\/08\/archival-galardona-alzira-conservacion-vila\/1975445.html\" target=\"_blank\" rel=\"noopener\"><span style=\"color: #800000;\">&nbsp; &nbsp; &nbsp;<\/span><\/a><a style=\"font-size: 11px; background-color: #f0f0f0;\" href=\"https:\/\/www.levante-emv.com\/ribera\/2020\/02\/08\/archival-galardona-alzira-conservacion-vila\/1975445.html\" target=\"_blank\" rel=\"noopener\"><span style=\"color: #800000;\">\u00b7<\/span><\/a><a href=\"https:\/\/www.levante-emv.com\/ribera\/2020\/02\/08\/archival-galardona-alzira-conservacion-vila\/1975445.html\" target=\"_blank\" rel=\"noopener\"><span style=\"color: #800000;\">&nbsp;El Levante<\/span><\/a><a style=\"font-size: 11px; background-color: #f0f0f0;\" href=\"https:\/\/www.levante-emv.com\/ribera\/2020\/02\/08\/archival-galardona-alzira-conservacion-vila\/1975445.html\" target=\"_blank\" rel=\"noopener\"><\/a><\/span><\/p>\n<p><span style=\"color: #800000;\">&nbsp;&nbsp;<a href=\"#\"><span style=\"color: #800000;\">&nbsp; &nbsp; &nbsp; &nbsp; &nbsp; &nbsp;<\/span><\/a><a href=\"https:\/\/www.levante-emv.com\/ribera\/2020\/02\/08\/archival-galardona-alzira-conservacion-vila\/1975445.html\" target=\"_blank\" rel=\"noopener\"><span style=\"color: #800000;\">&nbsp; &nbsp; &nbsp;\u00b7<\/span><\/a><a href=\"https:\/\/valenciaextra.com\/es\/alzira-recibe-premio-archival-por-conservacion-patrimonio-historico\/\" target=\"_blank\" rel=\"noopener\"><span style=\"color: #800000;\">&nbsp;Valencia Extra<\/span><\/a><\/span><\/p>\n<p>&nbsp;<\/p>\n<\/td>\n<td>&nbsp;<\/td>\n<\/tr>\n<\/tbody>\n<\/table>\n","protected":false},"excerpt":{"rendered":"<p>&nbsp; &nbsp; &nbsp; &nbsp;&nbsp;Alzira Guanyadora del Guard\u00f3&nbsp; Archival Comunitat Valenciana 2019&nbsp; &nbsp; &nbsp; &nbsp;&nbsp; &nbsp; &nbsp; &nbsp; &nbsp; ARCHIVAL Associaci\u00f3 per a la Recuperaci\u00f3 de Centres Hist\u00f2rics d&#8217;Espanya, ha reconegut amb un guard\u00f3 els treballs de conservaci\u00f3 realitzats per l&#8217;Ajuntament d&#8217;Alzira en La Vila. ARCHIVAL \u00e9s una entitat privada sense \u00e0nim de lucre, per a &hellip; <\/p>\n<p class=\"link-more\"><a href=\"https:\/\/alzira.es\/es\/archival-guardona-a-alzira-per-la-conservacio-de-la-vila\/\" class=\"more-link\">Continuar leyendo<span class=\"screen-reader-text\"> \u00abARCHIVAL GUARDONA A ALZIRA PER LA CONSERVACI\u00d3 DE LA VILA\u00bb<\/span><\/a><\/p>\n","protected":false},"author":16,"featured_media":50990,"comment_status":"closed","ping_status":"closed","sticky":false,"template":"","format":"standard","meta":{"_acf_changed":false,"footnotes":""},"categories":[],"tags":[],"class_list":["post-50993","post","type-post","status-publish","format-standard","has-post-thumbnail","hentry"],"acf":[],"_links":{"self":[{"href":"https:\/\/alzira.es\/es\/wp-json\/wp\/v2\/posts\/50993","targetHints":{"allow":["GET"]}}],"collection":[{"href":"https:\/\/alzira.es\/es\/wp-json\/wp\/v2\/posts"}],"about":[{"href":"https:\/\/alzira.es\/es\/wp-json\/wp\/v2\/types\/post"}],"author":[{"embeddable":true,"href":"https:\/\/alzira.es\/es\/wp-json\/wp\/v2\/users\/16"}],"replies":[{"embeddable":true,"href":"https:\/\/alzira.es\/es\/wp-json\/wp\/v2\/comments?post=50993"}],"version-history":[{"count":0,"href":"https:\/\/alzira.es\/es\/wp-json\/wp\/v2\/posts\/50993\/revisions"}],"wp:featuredmedia":[{"embeddable":true,"href":"https:\/\/alzira.es\/es\/wp-json\/wp\/v2\/media\/50990"}],"wp:attachment":[{"href":"https:\/\/alzira.es\/es\/wp-json\/wp\/v2\/media?parent=50993"}],"wp:term":[{"taxonomy":"category","embeddable":true,"href":"https:\/\/alzira.es\/es\/wp-json\/wp\/v2\/categories?post=50993"},{"taxonomy":"post_tag","embeddable":true,"href":"https:\/\/alzira.es\/es\/wp-json\/wp\/v2\/tags?post=50993"}],"curies":[{"name":"wp","href":"https:\/\/api.w.org\/{rel}","templated":true}]}}