{"id":50982,"date":"2020-07-22T13:23:15","date_gmt":"2020-07-22T11:23:15","guid":{"rendered":"https:\/\/alzira.es\/alzira-recupera-facanes-del-seu-centre-historic\/"},"modified":"2020-07-22T13:23:15","modified_gmt":"2020-07-22T11:23:15","slug":"alzira-recupera-facanes-del-seu-centre-historic","status":"publish","type":"post","link":"https:\/\/alzira.es\/es\/alzira-recupera-facanes-del-seu-centre-historic\/","title":{"rendered":"ALZIRA RECUPERA FA\u00c7ANES DEL SEU CENTRE HIST\u00d2RIC"},"content":{"rendered":"<table border=\"0\">\n<tbody>\n<tr>\n<td style=\"width: 50px; background-color: #cccccc;\">&nbsp;<\/td>\n<td style=\"width: 700px; text-align: center; background-color: #cccccc;\">\n<p><span style=\"font-size: 18pt;\"><strong><span style=\"line-height: 115%; font-family: Verdana, sans-serif; color: black;\">Alzira recupera fa\u00e7anes del seu Centre Hist\u00f2ric<\/span><\/strong><\/span><\/p>\n<\/td>\n<td style=\"width: 50px; background-color: #cccccc;\">&nbsp;<\/td>\n<\/tr>\n<tr>\n<td style=\"background-color: #f5f5f5;\">&nbsp;<\/td>\n<td style=\"background-color: #f5f5f5;\">\n<p style=\"font-size: 14.4px;\">L&#8217;Ajuntament insta a rescatar les pintures i artificis de les fa\u00e7anes del seu barri hist\u00f2ric.<\/p>\n<p style=\"font-size: 14.4px;\">El Barri hist\u00f2ric La Vila recupera una part de la seva imatge original amb la restauraci\u00f3 d&#8217;una fa\u00e7ana d&#8217;un habitatge que es remunta a el segle XVII. La peculiaritat de l&#8217;edifici es deu al fet que conserva elements pict\u00f2rics originals que estan datats aproximadament al segle XVII.<\/p>\n<\/td>\n<td style=\"background-color: #f5f5f5;\">&nbsp;<\/td>\n<\/tr>\n<tr>\n<td style=\"background-color: #f5f5f5;\">&nbsp;<\/td>\n<td style=\"background-color: #f5f5f5;\"><img decoding=\"async\" class=\"size-full wp-image-50977 lazyload\" style=\"font-size: 14.4px; text-align: center; border: 1px groove #000000; display: block; margin-left: auto; margin-right: auto;\" data-src=\"https:\/\/alzira.es\/wp-content\/uploads\/2020\/07\/alzira_rec_fac.jpg\" alt=\"alzira rec fac\" src=\"data:image\/svg+xml;base64,PHN2ZyB3aWR0aD0iMSIgaGVpZ2h0PSIxIiB4bWxucz0iaHR0cDovL3d3dy53My5vcmcvMjAwMC9zdmciPjwvc3ZnPg==\" \/><\/td>\n<td style=\"background-color: #f5f5f5;\">&nbsp;<\/td>\n<\/tr>\n<tr>\n<td style=\"background-color: #f5f5f5;\">&nbsp;<\/td>\n<td style=\"background-color: #f5f5f5;\"><span style=\"color: #800000;\"><a style=\"color: #e25b32; font-size: 14.4px;\" href=\"https:\/\/alzira.es\/wp-content\/uploads\/2020\/07\/alzira_recupera_fachadas_Levante-.jpg\" target=\"_blank\" rel=\"noopener\"><span style=\"color: #800000;\">Acces a la Publicaci\u00f3 LEVANTE&nbsp; El Mercantil Valenciano diumenge 19-7-2020<\/span><\/a><\/span><\/td>\n<td style=\"background-color: #f5f5f5;\">&nbsp;<\/td>\n<\/tr>\n<\/tbody>\n<\/table>\n<p>&nbsp;<\/p>\n<p>&nbsp;<\/p>\n<p>&nbsp;<\/p>\n<p>&nbsp;<\/p>\n<p style=\"text-align: center;\">&nbsp;<\/p>\n<p>&nbsp;<\/p>\n<p>&nbsp;<\/p>\n<p>&nbsp;<\/p>\n","protected":false},"excerpt":{"rendered":"<p>&nbsp; Alzira recupera fa\u00e7anes del seu Centre Hist\u00f2ric &nbsp; &nbsp; L&#8217;Ajuntament insta a rescatar les pintures i artificis de les fa\u00e7anes del seu barri hist\u00f2ric. El Barri hist\u00f2ric La Vila recupera una part de la seva imatge original amb la restauraci\u00f3 d&#8217;una fa\u00e7ana d&#8217;un habitatge que es remunta a el segle XVII. La peculiaritat de &hellip; <\/p>\n<p class=\"link-more\"><a href=\"https:\/\/alzira.es\/es\/alzira-recupera-facanes-del-seu-centre-historic\/\" class=\"more-link\">Continuar leyendo<span class=\"screen-reader-text\"> \u00abALZIRA RECUPERA FA\u00c7ANES DEL SEU CENTRE HIST\u00d2RIC\u00bb<\/span><\/a><\/p>\n","protected":false},"author":16,"featured_media":50977,"comment_status":"closed","ping_status":"closed","sticky":false,"template":"","format":"standard","meta":{"_acf_changed":false,"footnotes":""},"categories":[],"tags":[],"class_list":["post-50982","post","type-post","status-publish","format-standard","has-post-thumbnail","hentry"],"acf":[],"_links":{"self":[{"href":"https:\/\/alzira.es\/es\/wp-json\/wp\/v2\/posts\/50982","targetHints":{"allow":["GET"]}}],"collection":[{"href":"https:\/\/alzira.es\/es\/wp-json\/wp\/v2\/posts"}],"about":[{"href":"https:\/\/alzira.es\/es\/wp-json\/wp\/v2\/types\/post"}],"author":[{"embeddable":true,"href":"https:\/\/alzira.es\/es\/wp-json\/wp\/v2\/users\/16"}],"replies":[{"embeddable":true,"href":"https:\/\/alzira.es\/es\/wp-json\/wp\/v2\/comments?post=50982"}],"version-history":[{"count":0,"href":"https:\/\/alzira.es\/es\/wp-json\/wp\/v2\/posts\/50982\/revisions"}],"wp:featuredmedia":[{"embeddable":true,"href":"https:\/\/alzira.es\/es\/wp-json\/wp\/v2\/media\/50977"}],"wp:attachment":[{"href":"https:\/\/alzira.es\/es\/wp-json\/wp\/v2\/media?parent=50982"}],"wp:term":[{"taxonomy":"category","embeddable":true,"href":"https:\/\/alzira.es\/es\/wp-json\/wp\/v2\/categories?post=50982"},{"taxonomy":"post_tag","embeddable":true,"href":"https:\/\/alzira.es\/es\/wp-json\/wp\/v2\/tags?post=50982"}],"curies":[{"name":"wp","href":"https:\/\/api.w.org\/{rel}","templated":true}]}}