{"id":50975,"date":"2021-03-31T13:43:00","date_gmt":"2021-03-31T11:43:00","guid":{"rendered":"https:\/\/alzira.es\/ajudes-pagament-honoraris-professionals\/"},"modified":"2021-03-31T13:43:00","modified_gmt":"2021-03-31T11:43:00","slug":"ajudes-pagament-honoraris-professionals","status":"publish","type":"post","link":"https:\/\/alzira.es\/es\/ajudes-pagament-honoraris-professionals\/","title":{"rendered":"AJUDES A EL PAGAMENT D&#8217;HONORARIS PROFESSIONALS PER A la REALITZACI\u00d3 DE L&#8217;INFORME D&#8217;AVALUACI\u00d3 D&#8217;EDIFICIS"},"content":{"rendered":"<table>\n<tbody>\n<tr>\n<td style=\"width: 50px; background-color: #cccccc;\">&nbsp;<\/td>\n<td style=\"width: 700px; background-color: #cccccc;\">&nbsp; <\/p>\n<p style=\"text-align: center;\"><span style=\"text-decoration: underline;\"><strong><span style=\"font-size: 18pt;\">Ajudes 2021 al pagament d&#8217;honoraris professionals per a la realitzaci\u00f3 de l&#8217;Informe d&#8217;Avaluaci\u00f3 d&#8217;Edificis IEE<\/span><\/strong><\/span><\/p>\n<\/td>\n<td style=\"width: 50px; background-color: #cccccc;\">&nbsp;<\/td>\n<\/tr>\n<tr>\n<td style=\"background-color: #f5f5f5;\">&nbsp;<\/td>\n<td style=\"background-color: #f5f5f5;\">&nbsp;<img fetchpriority=\"high\" decoding=\"async\" width=\"512\" height=\"306\" class=\" size-full wp-image-50972\" style=\"font-size: 14.4px; text-align: center; display: block; margin-left: auto; margin-right: auto;\" src=\"https:\/\/alzira.es\/wp-content\/uploads\/2021\/03\/IEE.png\" alt=\"IEE\" \/><\/td>\n<td style=\"background-color: #f5f5f5;\">&nbsp;<\/td>\n<\/tr>\n<tr>\n<td style=\"background-color: #f5f5f5;\">&nbsp;<\/td>\n<td style=\"background-color: #f5f5f5;\">&nbsp; <\/p>\n<p style=\"font-size: 14.4px; text-align: justify;\"><span style=\"font-size: 14.4px;\">L&#8217;Ajuntament d&#8217;Alzira, ha configurat unes ajudes per a impulsar la conservaci\u00f3 i el manteniment de parc immobiliari de la ciutat, tractant d&#8217;evitar aix\u00ed la degradaci\u00f3 de les edificacions heretades i existents.<\/span><\/p>\n<p style=\"font-size: 14.4px; text-align: justify;\">Per mitj\u00e0 d&#8217;aquesta nova iniciativa i per aconseguir l&#8217;objectiu de la correcta conservaci\u00f3 de parc immobiliari de la ciutat s&#8217;ha constitu\u00eft una partida en els pressupostos municipals que permetr\u00e0 sufragar les despeses ocasionades pel pagament als t\u00e8cnics dels honoraris previstos per a procedir a l&#8217;elaboraci\u00f3 d&#8217;l&#8217;Informe d&#8217;Avaluaci\u00f3 de l&#8217;Edificaci\u00f3.<\/p>\n<p style=\"font-size: 14.4px; text-align: justify;\">La concessi\u00f3 d&#8217;aquests ajuts, que tenen car\u00e0cter de subvenci\u00f3, est\u00e0 limitada anualment per l&#8217;import de l&#8217;pressupost aprovat per l&#8217;Ajuntament d&#8217;Alzira, i s&#8217;atorgar\u00e0 fins que s&#8217;esgoti aquesta partida pressupost\u00e0ria.<\/p>\n<p style=\"font-size: 14.4px; text-align: justify;\">L&#8217;objecte d&#8217;aquests ajuts \u00e9s incentivar la realitzaci\u00f3 de l&#8217;informe d&#8217;avaluaci\u00f3 dels edificis, amb la finalitat d&#8217;impulsar la implantaci\u00f3 i generalitzaci\u00f3 de la mateixa.<\/p>\n<p style=\"font-size: 14.4px; text-align: justify;\"><em><strong>L&#8217;Informe d&#8217;Avaluaci\u00f3 dels Edificis<\/strong><\/em> objecte d&#8217;aquest programa d&#8217;ajuts, d&#8217;acord amb l&#8217;article 180 de la Llei 5\/2014, de 25 de juliol, de la Generalitat, d&#8217;ordenaci\u00f3 del territori, urbanisme i paisatge, analitzar\u00e0 de forma detallada, els aspectes relacionats amb l&#8217;estat de conservaci\u00f3 de l&#8217;edifici, la determinaci\u00f3 de si l&#8217;edifici \u00e9s susceptible o no d&#8217;incorporar ajustos raonables en mat\u00e8ria d&#8217;accessibilitat, i l&#8217;avaluaci\u00f3 de l&#8217;efici\u00e8ncia energ\u00e8tica de l&#8217;edifici..<\/p>\n<p>&nbsp;<\/p>\n<\/td>\n<td style=\"background-color: #f5f5f5;\">&nbsp;<\/td>\n<\/tr>\n<tr>\n<td style=\"background-color: #f5f5f5;\">&nbsp;<\/td>\n<td style=\"background-color: #f5f5f5;\">&nbsp; <\/p>\n<p style=\"margin-left: 30px; font-size: 14.4px; text-align: justify;\"><span style=\"text-decoration: underline;\"><strong>DESTINATARIS:<\/strong><\/span><\/p>\n<p style=\"margin-left: 30px; font-size: 14.4px; text-align: justify;\">Podran ser benefici\u00e0ries d&#8217;aquests ajuts les comunitats de propietaris, agrupacions de comunitats de propietaris o persones propiet\u00e0ries \u00faniques d&#8217;edificis de car\u00e0cter predominantment residencial. Aquestes edificacions hauran de tenir una antiguitat superior a 50 anys.&nbsp;<\/p>\n<p style=\"margin-left: 30px; font-size: 14.4px; text-align: justify;\">Igualment seran destinataris els propietaris d&#8217;edificis que pretenguin acollir-se a ajuts p\u00fablics amb l&#8217;objectiu d&#8217;emprendre obres de conservaci\u00f3, accessibilitat universal o efici\u00e8ncia energ\u00e8tica, en aquest cas es concedir\u00e0 l&#8217;ajuda municipal nom\u00e9s si s&#8217;obt\u00e9 i aporta la subvenci\u00f3 concedida per aquesta Administraci\u00f3 P\u00fablica.<\/p>\n<p style=\"margin-left: 30px; font-size: 14.4px; text-align: justify;\">Les comunitats de propietaris hauran de formalitzar la sol\u00b7licitud telem\u00e0ticament.<\/p>\n<p style=\"margin-left: 30px; font-size: 14.4px; text-align: justify;\">Les persones particulars que no disposen de mitjans t\u00e8cnics podran acudir durant el termini de presentaci\u00f3 de sol\u00b7licituds a les depend\u00e8ncies de La Clau (C \/ Rambla, 23) pr\u00e8via petici\u00f3 de cita, b\u00e9 a trav\u00e9s del web municipal, o trucant a el tel\u00e8fon&nbsp;960704348<\/p>\n<\/td>\n<td style=\"background-color: #f5f5f5;\">&nbsp;<\/td>\n<\/tr>\n<tr>\n<td style=\"background-color: #f5f5f5;\">&nbsp;<\/td>\n<td style=\"background-color: #f5f5f5;\">\n<p style=\"margin-left: 30px; font-size: 14.4px; text-align: justify;\">&nbsp;<\/p>\n<p style=\"margin-left: 30px; font-size: 14.4px; text-align: justify;\"><span style=\"text-decoration: underline;\"><span style=\"font-size: 14.4px;\"><strong>TERMINI DE PRESENTACI\u00d3 DE SOL\u00b7LICITUDS&nbsp;:<\/strong><\/span><\/span><span style=\"font-size: 14.4px;\">&nbsp;1 mes, a partir de l&#8217;endem\u00e0 de la publicaci\u00f3 de l&#8217;extracte de l&#8217;anunci de la convocat\u00f2ria en el BOP.&nbsp;<\/span><\/p>\n<p style=\"margin-left: 30px; font-size: 14.4px; text-align: justify;\">\u2022 Inici de l&#8217;termini de presentaci\u00f3 de sol\u00b7licituds: el 25 de mar\u00e7 del 2021.<br \/>(Publicaci\u00f3 anunci BOP 76, 24 de mar\u00e7 del 2021.)<\/p>\n<p style=\"margin-left: 30px; font-size: 14.4px; text-align: justify;\">\u2022 Fi del&#8217;termini de presentaci\u00f3 de sol\u00b7licituds: el 26 d&#8217;abril de 2021.<\/p>\n<\/td>\n<td style=\"background-color: #f5f5f5;\">&nbsp;<\/td>\n<\/tr>\n<tr>\n<td style=\"background-color: #f5f5f5;\">&nbsp;<\/td>\n<td style=\"background-color: #f5f5f5;\">\n<p style=\"margin-left: 30px; font-size: 14.4px; text-align: justify;\"><span style=\"font-family: arial, helvetica, sans-serif; font-size: 12pt;\"><span style=\"background-color: #f5f5f5;\">Documentaci\u00f2n Relativa a la Ajuda:<\/span>&nbsp;<\/span><\/p>\n<p style=\"margin-left: 30px; font-size: 14.4px; text-align: justify;\"><span style=\"color: #800000;\"><strong><span style=\"color: #800000;\">&nbsp; &nbsp; &nbsp;<a href=\"contenidos\/urbanisme\/Noticias\/Inicio%20Ayudas%20%20informe%20evaluacion%20Edificios%202020\/2021\/ACORD%20JGL-%20convocatoria.pdf\" target=\"_blank\" rel=\"noopener\"> &nbsp; &nbsp; *&nbsp;ACORD JUNTA DE GOBERN LOCAL&nbsp;CONVOCAT\u00d2RIA<\/a><\/span><\/strong><\/span><\/p>\n<p style=\"margin-left: 30px; font-size: 14.4px; text-align: justify;\"><span style=\"color: #800000;\"><strong><span style=\"color: #800000;\">&nbsp; &nbsp; &nbsp;<a href=\"contenidos\/urbanisme\/Noticias\/Inicio%20Ayudas%20%20informe%20evaluacion%20Edificios%202020\/2021\/anuncio%20BOP-%20extracto%20convocatoria_0324_BOP_01.pdf\" target=\"_blank\" rel=\"noopener\"> &nbsp; &nbsp; *&nbsp;ANUNCI B.O.P. EXTRACTE&nbsp;CONVOCAT\u00d2RIA<\/a><\/span><\/strong><\/span><\/p>\n<\/td>\n<td style=\"background-color: #f5f5f5;\">&nbsp;<\/td>\n<\/tr>\n<\/tbody>\n<\/table>\n","protected":false},"excerpt":{"rendered":"<p>&nbsp; &nbsp; Ajudes 2021 al pagament d&#8217;honoraris professionals per a la realitzaci\u00f3 de l&#8217;Informe d&#8217;Avaluaci\u00f3 d&#8217;Edificis IEE &nbsp; &nbsp; &nbsp; &nbsp; &nbsp; &nbsp; L&#8217;Ajuntament d&#8217;Alzira, ha configurat unes ajudes per a impulsar la conservaci\u00f3 i el manteniment de parc immobiliari de la ciutat, tractant d&#8217;evitar aix\u00ed la degradaci\u00f3 de les edificacions heretades i existents. Per &hellip; <\/p>\n<p class=\"link-more\"><a href=\"https:\/\/alzira.es\/es\/ajudes-pagament-honoraris-professionals\/\" class=\"more-link\">Continuar leyendo<span class=\"screen-reader-text\"> \u00abAJUDES A EL PAGAMENT D&#8217;HONORARIS PROFESSIONALS PER A la REALITZACI\u00d3 DE L&#8217;INFORME D&#8217;AVALUACI\u00d3 D&#8217;EDIFICIS\u00bb<\/span><\/a><\/p>\n","protected":false},"author":16,"featured_media":50972,"comment_status":"","ping_status":"","sticky":false,"template":"","format":"standard","meta":{"_acf_changed":false,"footnotes":""},"categories":[],"tags":[],"class_list":["post-50975","post","type-post","status-publish","format-standard","has-post-thumbnail","hentry"],"acf":[],"_links":{"self":[{"href":"https:\/\/alzira.es\/es\/wp-json\/wp\/v2\/posts\/50975","targetHints":{"allow":["GET"]}}],"collection":[{"href":"https:\/\/alzira.es\/es\/wp-json\/wp\/v2\/posts"}],"about":[{"href":"https:\/\/alzira.es\/es\/wp-json\/wp\/v2\/types\/post"}],"author":[{"embeddable":true,"href":"https:\/\/alzira.es\/es\/wp-json\/wp\/v2\/users\/16"}],"replies":[{"embeddable":true,"href":"https:\/\/alzira.es\/es\/wp-json\/wp\/v2\/comments?post=50975"}],"version-history":[{"count":0,"href":"https:\/\/alzira.es\/es\/wp-json\/wp\/v2\/posts\/50975\/revisions"}],"wp:featuredmedia":[{"embeddable":true,"href":"https:\/\/alzira.es\/es\/wp-json\/wp\/v2\/media\/50972"}],"wp:attachment":[{"href":"https:\/\/alzira.es\/es\/wp-json\/wp\/v2\/media?parent=50975"}],"wp:term":[{"taxonomy":"category","embeddable":true,"href":"https:\/\/alzira.es\/es\/wp-json\/wp\/v2\/categories?post=50975"},{"taxonomy":"post_tag","embeddable":true,"href":"https:\/\/alzira.es\/es\/wp-json\/wp\/v2\/tags?post=50975"}],"curies":[{"name":"wp","href":"https:\/\/api.w.org\/{rel}","templated":true}]}}