{"id":50971,"date":"2020-07-20T14:24:49","date_gmt":"2020-07-20T12:24:49","guid":{"rendered":"https:\/\/alzira.es\/el-portal-de-arquitectura-mas-llegit-del-mon\/"},"modified":"2020-07-20T14:24:49","modified_gmt":"2020-07-20T12:24:49","slug":"el-portal-de-arquitectura-mas-llegit-del-mon","status":"publish","type":"post","link":"https:\/\/alzira.es\/es\/el-portal-de-arquitectura-mas-llegit-del-mon\/","title":{"rendered":"EL PORTAL D&#8217;ARQUITECTURA MES LLEGIT DEL M\u00d3N, PUBLICA LA PROPOSTA D&#8217;ALZIRA AL PREMI INTERNACIONAL RICHARD H. DRIEHAUSS 2020"},"content":{"rendered":"<p><span style=\"text-decoration: underline;\"><span style=\"font-size: 18pt;\"><strong>El PORTAL D&#8217;ARQUITECTURA M\u00c9S LLEGIT DEL M\u00d3N, PUBLICA LA PROPOSTA D&#8217;ALZIRA AL PREMI INTERNACIONAL RICHARD H. DRIEHAUSS 2020<\/strong><\/span><\/span><\/p>\n<p><span style=\"text-decoration: underline;\"><span style=\"font-size: 18pt;\"><\/span><\/span><span style=\"font-size: 12pt;\"><strong><strong style=\"font-size: 14.4px; text-align: justify;\"><span style=\"font-size: 10.5pt; line-height: 16.1px; font-family: Helvetica, sans-serif; color: #515151; background-image: initial; background-position: initial; background-repeat: initial; background-attachment: initial;\">La&nbsp;p\u00e0gina web d&#8217;Arquitectura ArchDaily \u00e9s la p\u00e0gina d&#8217;arquitectura m\u00e9s vista de l&#8217;m\u00f3n: amb m\u00e9s de set milions de visites mensuals I \u00e9s un referent inq\u00fcestionable per a la ind\u00fastria a escala&nbsp;global.&nbsp;&nbsp;<\/span><\/strong><\/strong><\/span><\/p>\n<p style=\"text-align: center;\"><a href=\"https:\/\/www.archdaily.com\/943474\/projects-to-revive-traditional-spanish-architecture-winners-of-the-2020-driehaus-architecture-competition\" target=\"_blank\" rel=\"noopener\"><span style=\"font-size: 12pt;\"><strong><img fetchpriority=\"high\" decoding=\"async\" class=\"jcepopup size-full wp-image-50968\" src=\"https:\/\/alzira.es\/wp-content\/uploads\/2020\/07\/arch_daily.jpg\" alt=\"arch daily\" width=\"900\" height=\"450\" srcset=\"https:\/\/alzira.es\/wp-content\/uploads\/2020\/07\/arch_daily.jpg 1582w, https:\/\/alzira.es\/wp-content\/uploads\/2020\/07\/arch_daily-680x340.jpg 680w, https:\/\/alzira.es\/wp-content\/uploads\/2020\/07\/arch_daily-1430x715.jpg 1430w, https:\/\/alzira.es\/wp-content\/uploads\/2020\/07\/arch_daily-768x384.jpg 768w, https:\/\/alzira.es\/wp-content\/uploads\/2020\/07\/arch_daily-1536x768.jpg 1536w\" sizes=\"(max-width: 706px) 89vw, (max-width: 767px) 82vw, 740px\" \/><\/strong><\/span><\/a><\/p>\n<p>Acc\u00e9s a la Publicaci\u00f3:<\/p>\n<p><a href=\"https:\/\/www.archdaily.com\/943474\/projects-to-revive-traditional-spanish-architecture-winners-of-the-2020-driehaus-architecture-competition\" target=\"_blank\" rel=\"noopener\">https:\/\/www.archdaily.com\/943474\/projects-to-revive-traditional-spanish-architecture-winners-of-the-2020-driehaus-architecture-competition<\/a><\/p>\n","protected":false},"excerpt":{"rendered":"<p>El PORTAL D&#8217;ARQUITECTURA M\u00c9S LLEGIT DEL M\u00d3N, PUBLICA LA PROPOSTA D&#8217;ALZIRA AL PREMI INTERNACIONAL RICHARD H. DRIEHAUSS 2020 La&nbsp;p\u00e0gina web d&#8217;Arquitectura ArchDaily \u00e9s la p\u00e0gina d&#8217;arquitectura m\u00e9s vista de l&#8217;m\u00f3n: amb m\u00e9s de set milions de visites mensuals I \u00e9s un referent inq\u00fcestionable per a la ind\u00fastria a escala&nbsp;global.&nbsp;&nbsp; Acc\u00e9s a la Publicaci\u00f3: https:\/\/www.archdaily.com\/943474\/projects-to-revive-traditional-spanish-architecture-winners-of-the-2020-driehaus-architecture-competition<\/p>\n","protected":false},"author":16,"featured_media":50968,"comment_status":"closed","ping_status":"closed","sticky":false,"template":"","format":"standard","meta":{"_acf_changed":false,"footnotes":""},"categories":[],"tags":[],"class_list":["post-50971","post","type-post","status-publish","format-standard","has-post-thumbnail","hentry"],"acf":[],"_links":{"self":[{"href":"https:\/\/alzira.es\/es\/wp-json\/wp\/v2\/posts\/50971","targetHints":{"allow":["GET"]}}],"collection":[{"href":"https:\/\/alzira.es\/es\/wp-json\/wp\/v2\/posts"}],"about":[{"href":"https:\/\/alzira.es\/es\/wp-json\/wp\/v2\/types\/post"}],"author":[{"embeddable":true,"href":"https:\/\/alzira.es\/es\/wp-json\/wp\/v2\/users\/16"}],"replies":[{"embeddable":true,"href":"https:\/\/alzira.es\/es\/wp-json\/wp\/v2\/comments?post=50971"}],"version-history":[{"count":0,"href":"https:\/\/alzira.es\/es\/wp-json\/wp\/v2\/posts\/50971\/revisions"}],"wp:featuredmedia":[{"embeddable":true,"href":"https:\/\/alzira.es\/es\/wp-json\/wp\/v2\/media\/50968"}],"wp:attachment":[{"href":"https:\/\/alzira.es\/es\/wp-json\/wp\/v2\/media?parent=50971"}],"wp:term":[{"taxonomy":"category","embeddable":true,"href":"https:\/\/alzira.es\/es\/wp-json\/wp\/v2\/categories?post=50971"},{"taxonomy":"post_tag","embeddable":true,"href":"https:\/\/alzira.es\/es\/wp-json\/wp\/v2\/tags?post=50971"}],"curies":[{"name":"wp","href":"https:\/\/api.w.org\/{rel}","templated":true}]}}