{"id":50943,"date":"2020-07-14T14:14:34","date_gmt":"2020-07-14T12:14:34","guid":{"rendered":"https:\/\/alzira.es\/idea-ha-gestionat-5-329-238-en-2019-3\/"},"modified":"2020-07-14T14:14:34","modified_gmt":"2020-07-14T12:14:34","slug":"idea-ha-gestionat-5-329-238-en-2019-3","status":"publish","type":"post","link":"https:\/\/alzira.es\/es\/idea-ha-gestionat-5-329-238-en-2019-3\/","title":{"rendered":"Idea ha gestionat 5.329.238 \u20ac en 2019"},"content":{"rendered":"<p style=\"text-indent: -18pt; line-height: 150%; text-align: justify;\"><span style=\"font-size: 12pt;\"><span style=\"line-height: 150%; font-family: Symbol;\"><span style=\"line-height: normal; font-family: 'Times New Roman';\">&nbsp;<\/span><\/span><em><span style=\"line-height: 150%; font-family: Symbol;\"><span style=\"line-height: normal; font-family: 'Times New Roman';\"><span style=\"font-family: arial, helvetica, sans-serif;\"> &nbsp; &nbsp;&nbsp;<\/span><\/span><\/span><span style=\"font-family: arial, helvetica, sans-serif;\"><strong><span style=\"line-height: 150%;\">En el seu 25 aniversari tanca l\u2019exercici amb les xifres m\u00e9s altres des del seu naixement<\/span><\/strong><\/span><\/em><\/span><\/p>\n<p style=\"line-height: 150%; text-align: justify;\"><span style=\"font-size: 11pt; line-height: 150%; font-family: arial, helvetica, sans-serif; color: #000000;\">Hui s\u2019ha presentat en roda de premsa la mem\u00f2ria de l\u2019exercici 2019 de L\u2019Ag\u00e8ncia de Desenvolupament Local d\u2019Alzira IDEA, que ha donat a con\u00e9ixer unes xifres molt positives, les millors des del seu naixement.<\/span><\/p>\n<p class=\"Default\" style=\"line-height: 150%; text-align: justify;\"><span style=\"font-size: 11pt; line-height: 150%; color: windowtext; font-family: arial, helvetica, sans-serif;\">La presentaci\u00f3 ha estat a c\u00e0rrec de la Directora de l\u2019Agencia, Carmen Herrero i de l\u2019alcalde de la ciutat i responsable d\u2019Idea, <strong>Diego G\u00f3mez<\/strong>, qui ha agra\u00eft la tasca i bona disposici\u00f3 de tot el departament. <em>\u201cAl llarg d\u2019estos mesos de crisi, Idea no s\u2019ha aturat, sin\u00f3 que s\u2019ha refor\u00e7at i ha adaptat els seus recursos a superar la situaci\u00f3 de la pand\u00e8mia\u201d<\/em>&nbsp;&nbsp;<\/span><\/p>\n<p class=\"Default\" style=\"line-height: 150%; text-align: justify;\"><span style=\"font-family: arial, helvetica, sans-serif;\"><span style=\"font-size: 11pt; line-height: 150%; color: windowtext;\">En 2019 es va gestionar un pressupost de 5.329.238 d\u2019euros, vora 250.000 euros m\u00e9s que el passat exercici dels quals 1,3 milions venen de fons municipals i la resta corresponen a fons d\u2019altres administracions. Les xifres presentades s\u00f3n excel\u00b7lents tamb\u00e9 pel que fa als ciutadans beneficiaris, un total de <\/span><span style=\"font-size: 11pt; line-height: 150%; color: windowtext;\">10.363 persones entre programes formatius, emprenedors i foment empresarial, projectes europeus, accions comercials, promoci\u00f3 econ\u00f2mica i mediaci\u00f3 i conciliaci\u00f3 laboral.<\/span><span style=\"font-size: 11pt; line-height: 150%; color: windowtext;\">IDEA continua tenint un paper important en la gesti\u00f3 de les ajudes i els plans d\u2019ocupaci\u00f3 social.<\/span><\/span><\/p>\n<p class=\"Default\" style=\"line-height: 150%; text-align: justify;\"><span style=\"font-size: 11pt; line-height: 150%; color: windowtext; font-family: arial, helvetica, sans-serif;\">La mem\u00f2ria fa un rep\u00e0s per les diferents \u00e0rees gestionades i aporta informaci\u00f3 en xifres, en relaci\u00f3 al nombre de persones beneficiades, els programes concrets que s\u2019han portat a terme i la inversi\u00f3 rebuda.<\/span><\/p>\n<p class=\"Default\" style=\"line-height: 150%; text-align: justify;\"><span style=\"font-size: 11pt; line-height: 150%; color: windowtext; font-family: arial, helvetica, sans-serif;\">En este sentit, entre els programes m\u00e9s importants que IDEA gestiona, es troben els projectes europeus. En 2019, s\u2019han dut a terme un total de 38 i s\u2019han realitzat 154 mobilitats europees. A les quals s\u2019ha destinat m\u00e9s d\u2019un mili\u00f3 d\u2019euros.<\/span><\/p>\n<p class=\"Default\" style=\"line-height: 150%; text-align: justify;\"><span style=\"font-size: 11pt; line-height: 150%; color: windowtext; font-family: arial, helvetica, sans-serif;\">Tamb\u00e9 els programes formatius reben una important quantia del pressupost, m\u00e9s d\u20191,5 milions d\u2019euros per a atendre 2243 persones als 20 projectes de formaci\u00f3. Un dels que de moment tenen grans resultats \u00e9s l\u2019Escola de Cuina que va n\u00e0ixer l\u2019any 2018 i des d\u2019aleshores ha format al voltant de 70 persones. Actualment disposa de 4 cursos i un total de 60 alumnes que tindran l\u2019oportunitat de treballar en els locals de restauraci\u00f3 d\u2019Alzira.<\/span><\/p>\n<p class=\"Default\" style=\"line-height: 150%; text-align: justify;\"><span style=\"font-size: 11pt; line-height: 150%; color: windowtext; font-family: arial, helvetica, sans-serif;\">Per \u00faltim destaca tamb\u00e9 la xifra destinada al foment del treball, m\u00e9s de 2 milions d\u2019euros per a 237 contractes, repartits en 10 programes formatius i l\u2019atenci\u00f3 i orientaci\u00f3 laboral de 3319 ciutadans i ciutadanes d\u2019Alzira.<\/span><\/p>\n<p class=\"Default\" style=\"line-height: 150%; text-align: justify;\"><span style=\"font-size: 11pt; line-height: 150%; color: windowtext; font-family: arial, helvetica, sans-serif;\">Pel que fa a les previsions de cara al que queda de 2020, la directora d\u2019Idea, <strong>Carmen Herrero<\/strong> ha explicat que <em>\u201cde moment no esperem canvis pel que fa als tallers d\u2019ocupaci\u00f3 ni tampoc als projectes de mobilitat internacional i esperem que enguany es mantinguen els diferents programes o fins i tot puguen cr\u00e9ixer les subvencions. Per ara, la setmana passada s\u2019ha confirmat l\u2019atorgament de 75 mobilitats europees\u201d.<\/em><\/span><\/p>\n<p class=\"Default\" style=\"line-height: 150%; text-align: justify;\"><span style=\"font-size: 11pt; line-height: 150%; color: windowtext; font-family: arial, helvetica, sans-serif;\">D\u2019altra banda, no podem oblidar l\u2019actual situaci\u00f3 per la crisi sanit\u00e0ria, que pot marcar la l\u00ednia d\u2019actuaci\u00f3 en funci\u00f3 de com evolucione. No obstant aix\u00f2, a curt termini s\u2019acabar\u00e0 de gestionar la contractaci\u00f3 de les persones que s\u2019han inscrit als plans d\u2019ocupaci\u00f3 i, en finalitzar l\u2019estiu, s\u2019iniciar\u00e0 la campanya dels bons de comer\u00e7, la plataforma de venda en l\u00ednia per als comer\u00e7os i s\u2019ha anunciat una nova campanya orientada a oferir als comer\u00e7os publicitat a Alzira R\u00e0dio, l\u2019emissora municipal.&nbsp;<\/span><\/p>\n<p><a href=\"https:\/\/alzira.es\/wp-content\/uploads\/2020\/07\/presentacio_memoria_.jpg\" target=\"_blank\" rel=\"noopener\"><img fetchpriority=\"high\" decoding=\"async\" class=\" size-full wp-image-50878\" style=\"display: block; margin-left: auto; margin-right: auto;\" src=\"https:\/\/alzira.es\/wp-content\/uploads\/2020\/07\/presentacio_memoria_.jpg\" alt=\"presentacio memoria \" width=\"500\" height=\"334\" srcset=\"https:\/\/alzira.es\/wp-content\/uploads\/2020\/07\/presentacio_memoria_.jpg 1000w, https:\/\/alzira.es\/wp-content\/uploads\/2020\/07\/presentacio_memoria_-680x454.jpg 680w, https:\/\/alzira.es\/wp-content\/uploads\/2020\/07\/presentacio_memoria_-768x512.jpg 768w\" sizes=\"(max-width: 500px) 100vw, 500px\" \/><\/a><\/p>\n","protected":false},"excerpt":{"rendered":"<p>&nbsp; &nbsp; &nbsp;&nbsp;En el seu 25 aniversari tanca l\u2019exercici amb les xifres m\u00e9s altres des del seu naixement Hui s\u2019ha presentat en roda de premsa la mem\u00f2ria de l\u2019exercici 2019 de L\u2019Ag\u00e8ncia de Desenvolupament Local d\u2019Alzira IDEA, que ha donat a con\u00e9ixer unes xifres molt positives, les millors des del seu naixement. La presentaci\u00f3 ha &hellip; <\/p>\n<p class=\"link-more\"><a href=\"https:\/\/alzira.es\/es\/idea-ha-gestionat-5-329-238-en-2019-3\/\" class=\"more-link\">Continuar leyendo<span class=\"screen-reader-text\"> \u00abIdea ha gestionat 5.329.238 \u20ac en 2019\u00bb<\/span><\/a><\/p>\n","protected":false},"author":29,"featured_media":50878,"comment_status":"","ping_status":"","sticky":false,"template":"","format":"standard","meta":{"_acf_changed":false,"footnotes":""},"categories":[],"tags":[],"class_list":["post-50943","post","type-post","status-publish","format-standard","has-post-thumbnail","hentry"],"acf":[],"_links":{"self":[{"href":"https:\/\/alzira.es\/es\/wp-json\/wp\/v2\/posts\/50943","targetHints":{"allow":["GET"]}}],"collection":[{"href":"https:\/\/alzira.es\/es\/wp-json\/wp\/v2\/posts"}],"about":[{"href":"https:\/\/alzira.es\/es\/wp-json\/wp\/v2\/types\/post"}],"author":[{"embeddable":true,"href":"https:\/\/alzira.es\/es\/wp-json\/wp\/v2\/users\/29"}],"replies":[{"embeddable":true,"href":"https:\/\/alzira.es\/es\/wp-json\/wp\/v2\/comments?post=50943"}],"version-history":[{"count":0,"href":"https:\/\/alzira.es\/es\/wp-json\/wp\/v2\/posts\/50943\/revisions"}],"wp:featuredmedia":[{"embeddable":true,"href":"https:\/\/alzira.es\/es\/wp-json\/wp\/v2\/media\/50878"}],"wp:attachment":[{"href":"https:\/\/alzira.es\/es\/wp-json\/wp\/v2\/media?parent=50943"}],"wp:term":[{"taxonomy":"category","embeddable":true,"href":"https:\/\/alzira.es\/es\/wp-json\/wp\/v2\/categories?post=50943"},{"taxonomy":"post_tag","embeddable":true,"href":"https:\/\/alzira.es\/es\/wp-json\/wp\/v2\/tags?post=50943"}],"curies":[{"name":"wp","href":"https:\/\/api.w.org\/{rel}","templated":true}]}}