{"id":50926,"date":"2020-07-10T13:50:05","date_gmt":"2020-07-10T11:50:05","guid":{"rendered":"https:\/\/alzira.es\/presentacio-obres-plca-2019-en-2020-3\/"},"modified":"2020-07-10T13:50:05","modified_gmt":"2020-07-10T11:50:05","slug":"presentacio-obres-plca-2019-en-2020-3","status":"publish","type":"post","link":"https:\/\/alzira.es\/es\/presentacio-obres-plca-2019-en-2020-3\/","title":{"rendered":"Alzira presenta les obres guanyadores dels Premis Literaris 2019 amb m\u00fasica i dansa"},"content":{"rendered":"<p style=\"text-align: justify;\"><strong>\u2022 L&#8217;acte s&#8217;emmarca dins de Cultura a la fresca<\/strong><\/p>\n<p style=\"text-align: justify;\"><strong>Alzira, 10 de juliol de 2020.-<\/strong> La cultura continua en juliol amb la campanya Cultura a la fresca, que dona continu\u00eftat a la programaci\u00f3 prevista per al 2020, amb les adaptacions necess\u00e0ries i adequades a les noves circumst\u00e0ncies ocasionades per la Covid-19.<\/p>\n<p style=\"text-align: justify;\">Els actes programats per a este mes van comen\u00e7ar anit amb el concert de l&#8217;Orquestra de la Comunitat Valenciana-Les Arts des de la pla\u00e7a del Carb\u00f3, una actuaci\u00f3 que va comptar amb un bon acolliment del p\u00fablic. A este mateix escenari tindr\u00e0 lloc hui la presentaci\u00f3 de les obres guanyadores a la passada edici\u00f3 dels Premis Literaris Ciutat Alzira 2019, seguida de les actuacions del Grup de danses i la colla de Tabal i Dol\u00e7aina Les Raboses, que ja va estar present el passat 8 de novembre al sopar dels premis. A la presentaci\u00f3 tindr\u00e0 lloc el sorteig de 8 lots dels llibres premiats entre els assistents.<\/p>\n<p style=\"text-align: justify;\"><em>\u00abEs tracta de la primera presentaci\u00f3 de llibres que fem, la de les obres guanyadores dels PLCA 2019, que no vam poder fer el 23 d&#8217;abril, dia del llibre. Tampoc hem pogut comptar amb els autors i autora perqu\u00e8 ens parlaren de les seues obres. Hui hem volgut donar m\u00e0xima difusi\u00f3 a estos premis, que s\u00f3n un referent en tot el nostre \u00e0mbit ling\u00fc\u00edstic\u00bb<\/em> ha anunciat <strong>Alfred Aranda<\/strong>, Regidor de Cultura,<em> \u00aba m\u00e9s, afig, entre els seus guanyadors i guanyadores es troben autors i autores de gran prestigi, que formen part de la hist\u00f2ria de la literatura actual, per\u00f2 tamb\u00e9 han servit per a descobrir noves veus que han aconseguit publicar novel\u2022la, narrativa infantil, teatre, poesia, assaig, divulgaci\u00f3 cient\u00edfica i \u00e0lbum il\u2022lustrat\u00bb<\/em><\/p>\n<p style=\"text-align: justify;\"><strong>En estos moments ja disposem de cinc de les obres publicades, que es poden trobar a les llibreries i, per descomptat, a la Biblioteca Municipal:<\/strong><\/p>\n<p style=\"text-align: justify;\">XXXI Premi de Novel\u2022la Ciutat d&#8217;Alzira<br \/>No sabr\u00e0s el teu nom de Vicent Us\u00f3 Mezquita<br \/>XXI Premi d&#8217;Assaig Mancomunitat de la Ribera Alta<br \/>Ars Libri. L&#8217;aventura del llibre i la paraula de Juli Capilla i Fuentes<br \/>XIV Premi de Poesia IBN HAFAJA Patrocinat per la Universitat a dist\u00e0ncia<br \/>Camelot o la poesia social de Joan Deusa Dalmau<br \/>XXIV Premi Fundaci\u00f3 Bancaixa de Narrativa Juvenil<br \/>Coppelius de Rosa-Maria Colom Bernat<br \/>XXIV Premi de Narrativa Infantil Vicent Silvestre Patrocinat per Edicions Bromera<br \/>El Misteri de Serra Perduda de Francesc Gisbert Mu\u00f1oz<\/p>\n<p style=\"text-align: justify;\"><em>\u00abUs anime a llegir estos llibres, acabats d&#8217;eixir del forn, perqu\u00e8 estic segur que us agradaran, entretindran, informaran, emocionaran&#8230; i perqu\u00e8, com deia <strong>Joan Fuster<\/strong>: Un bon llibre \u00e9s sempre una provocaci\u00f3\u00bb<\/em> ha anunciat el regidor.<\/p>\n<p style=\"text-align: justify;\">Est\u00e0 prevista la publicaci\u00f3 de les tres obres restants en passar l&#8217;estiu.<\/p>\n<p style=\"text-align: justify;\">Exploracions pel planeta del menjar de Pere Puigdom\u00e8nech (XXV Premi Europeu de Divulgaci\u00f3 Cient\u00edfica Estudi General. Patrocinat per la Universitat de Val\u00e8ncia)<br \/>Perqu\u00e8 t&#8217;estime, que si no &#8230; de Carles Alberola Ortiz (XVI Premi de Teatre Ciutat d&#8217;Alzira Palanca i Roca. Patrocinat per la Fundaci\u00f3 Aig\u00fces de Val\u00e8ncia)<br \/>El monstruo verde de Harold Jim\u00e9nez Canizares (IV Premi Internacional d&#8217;\u00c0lbum Il\u2022lustrat Enric Solbes. Consorci Ribera i Valldigna)<\/p>\n<p style=\"text-align: justify;\">D&#8217;altra banda, l&#8217;Ajuntament d&#8217;Alzira i Edicions Bromera ja han convocat la XXXII edici\u00f3 dels PLCA 2020, que compta amb el suport d&#8217;altres institucions i empreses.<br \/>Les bases del concurs ja estan publicades i els autors de les 8 modalitats tenen fins al 7 de setembre per a presentar els originals. Si tot va b\u00e9, a l&#8217;octubre prepararem les tradicionals Jornades Culturals i el lliurament dels premis ser\u00e0 el 13 de novembre.<\/p>\n<p style=\"text-align: center;\"><img decoding=\"async\" class=\"size-full wp-image-50837 lazyload\" data-src=\"https:\/\/alzira.es\/wp-content\/uploads\/2020\/07\/WhatsApp_Image_2020-07-06_at_12.24.00.jpeg\" alt=\"WhatsApp Image 2020-07-06 at 12.24.00\" src=\"data:image\/svg+xml;base64,PHN2ZyB3aWR0aD0iMSIgaGVpZ2h0PSIxIiB4bWxucz0iaHR0cDovL3d3dy53My5vcmcvMjAwMC9zdmciPjwvc3ZnPg==\" style=\"--smush-placeholder-width: 800px; --smush-placeholder-aspect-ratio: 800\/1600;\" \/><img fetchpriority=\"high\" decoding=\"async\" class=\" size-full wp-image-50839\" src=\"https:\/\/alzira.es\/wp-content\/uploads\/2020\/07\/cultura_a_la_fresca_rgb_dia10.jpg\" alt=\"cultura a la fresca rgb dia10\" width=\"800\" height=\"1132\" srcset=\"https:\/\/alzira.es\/wp-content\/uploads\/2020\/07\/cultura_a_la_fresca_rgb_dia10.jpg 842w, https:\/\/alzira.es\/wp-content\/uploads\/2020\/07\/cultura_a_la_fresca_rgb_dia10-361x510.jpg 361w, https:\/\/alzira.es\/wp-content\/uploads\/2020\/07\/cultura_a_la_fresca_rgb_dia10-758x1072.jpg 758w, https:\/\/alzira.es\/wp-content\/uploads\/2020\/07\/cultura_a_la_fresca_rgb_dia10-768x1086.jpg 768w\" sizes=\"(max-width: 706px) 89vw, (max-width: 767px) 82vw, 740px\" \/><\/p>\n","protected":false},"excerpt":{"rendered":"<p>\u2022 L&#8217;acte s&#8217;emmarca dins de Cultura a la fresca Alzira, 10 de juliol de 2020.- La cultura continua en juliol amb la campanya Cultura a la fresca, que dona continu\u00eftat a la programaci\u00f3 prevista per al 2020, amb les adaptacions necess\u00e0ries i adequades a les noves circumst\u00e0ncies ocasionades per la Covid-19. Els actes programats per &hellip; <\/p>\n<p class=\"link-more\"><a href=\"https:\/\/alzira.es\/es\/presentacio-obres-plca-2019-en-2020-3\/\" class=\"more-link\">Continuar leyendo<span class=\"screen-reader-text\"> \u00abAlzira presenta les obres guanyadores dels Premis Literaris 2019 amb m\u00fasica i dansa\u00bb<\/span><\/a><\/p>\n","protected":false},"author":29,"featured_media":50837,"comment_status":"","ping_status":"","sticky":false,"template":"","format":"standard","meta":{"_acf_changed":false,"footnotes":""},"categories":[],"tags":[],"class_list":["post-50926","post","type-post","status-publish","format-standard","has-post-thumbnail","hentry"],"acf":[],"_links":{"self":[{"href":"https:\/\/alzira.es\/es\/wp-json\/wp\/v2\/posts\/50926","targetHints":{"allow":["GET"]}}],"collection":[{"href":"https:\/\/alzira.es\/es\/wp-json\/wp\/v2\/posts"}],"about":[{"href":"https:\/\/alzira.es\/es\/wp-json\/wp\/v2\/types\/post"}],"author":[{"embeddable":true,"href":"https:\/\/alzira.es\/es\/wp-json\/wp\/v2\/users\/29"}],"replies":[{"embeddable":true,"href":"https:\/\/alzira.es\/es\/wp-json\/wp\/v2\/comments?post=50926"}],"version-history":[{"count":0,"href":"https:\/\/alzira.es\/es\/wp-json\/wp\/v2\/posts\/50926\/revisions"}],"wp:featuredmedia":[{"embeddable":true,"href":"https:\/\/alzira.es\/es\/wp-json\/wp\/v2\/media\/50837"}],"wp:attachment":[{"href":"https:\/\/alzira.es\/es\/wp-json\/wp\/v2\/media?parent=50926"}],"wp:term":[{"taxonomy":"category","embeddable":true,"href":"https:\/\/alzira.es\/es\/wp-json\/wp\/v2\/categories?post=50926"},{"taxonomy":"post_tag","embeddable":true,"href":"https:\/\/alzira.es\/es\/wp-json\/wp\/v2\/tags?post=50926"}],"curies":[{"name":"wp","href":"https:\/\/api.w.org\/{rel}","templated":true}]}}