{"id":50896,"date":"2020-07-16T12:16:54","date_gmt":"2020-07-16T10:16:54","guid":{"rendered":"https:\/\/alzira.es\/finalitza-el-periode-extraordinari-de-cremes-agricoles\/"},"modified":"2020-07-16T12:16:54","modified_gmt":"2020-07-16T10:16:54","slug":"finalitza-el-periode-extraordinari-de-cremes-agricoles","status":"publish","type":"post","link":"https:\/\/alzira.es\/es\/finalitza-el-periode-extraordinari-de-cremes-agricoles\/","title":{"rendered":"Finalitza el per\u00edode extraordinari de cremes agr\u00edcoles"},"content":{"rendered":"<p>L&#8217;Ajuntament d&#8217;Alzira demana a la ciutadania molta precauci\u00f3 per tal de previndre els incendis forestals.<\/p>\n<p>La Regidoria de Medi Ambient, Agricultura i Transici\u00f3 Ecol\u00f2gica informa que el per\u00edode extraordinari de cremes d&#8217;estiu va finalitzar el dia 15 de juliol, i per tant, des del 16 de juliol fins al 30 de setembre, ambd\u00f3s inclosos, quedar\u00e0 estrictament prohibit cremar amb car\u00e0cter general, no s&#8217;autoritzar\u00e0 la realitzaci\u00f3 de cremes agr\u00edcoles o de restes de poda en cap punt del terme municipal.<\/p>\n<p>L&#8217;Ajuntament d&#8217;Alzira demana comprensi\u00f3 als agricultors en les restriccions a l&#8217;\u00fas del foc ja que estes s&#8217;adopten per l&#8217;elevat risc d&#8217;incendi forestal que patixen els nostres boscos a l&#8217;estiu.<\/p>\n<p>En cas d&#8217;haver d&#8217;eliminar irremeiablement les restes de poda agr\u00edcola durant l&#8217;\u00e8poca de prohibici\u00f3 de cremes, es recomana que s&#8217;estudien metodologies alternatives com per exemple la trituraci\u00f3 in situ. Este m\u00e8tode, que ja comen\u00e7a a ser rendible en termes econ\u00f2mics, es tracta d&#8217;una soluci\u00f3 que minimitza el risc d&#8217;incendi forestal i que, a m\u00e9s, si la trituraci\u00f3 s&#8217;aplica sobre la superf\u00edcie de la parcel\u00b7la agr\u00edcola, es milloren les condicions estructurals del s\u00f2l alhora que es preserva el grau d&#8217;humitat ed\u00e0fica.<\/p>\n<p>El regidor responsable de l&#8217;\u00e0rea, Pep Carreres, recorda \u00abque entrem en el per\u00edode de m\u00e0xim risc i que s&#8217;han d&#8217;adoptar mesures excepcionals. La prevenci\u00f3 d&#8217;incendis forestals \u00e9s responsabilitat de totes i tots com a societat, i si adoptant estes pautes preventives aconseguim minimitzar les causes antr\u00f2piques en l&#8217;origen del foc, estarem salvant els nostres boscos del 69 % dels incendis forestals\u00bb.<\/p>\n<p style=\"text-align: justify;\"><a href=\"https:\/\/alzira.es\/wp-content\/uploads\/2020\/07\/20200530_083846_1000.jpg\" target=\"_blank\" rel=\"noopener\"><img fetchpriority=\"high\" decoding=\"async\" class=\" size-full wp-image-50892\" src=\"https:\/\/alzira.es\/wp-content\/uploads\/2020\/07\/20200530_083846_1000.jpg\" alt=\"20200530 083846 1000\" width=\"500\" height=\"375\" srcset=\"https:\/\/alzira.es\/wp-content\/uploads\/2020\/07\/20200530_083846_1000.jpg 1000w, https:\/\/alzira.es\/wp-content\/uploads\/2020\/07\/20200530_083846_1000-680x510.jpg 680w, https:\/\/alzira.es\/wp-content\/uploads\/2020\/07\/20200530_083846_1000-768x576.jpg 768w\" sizes=\"(max-width: 500px) 100vw, 500px\" \/><\/a><\/p>\n","protected":false},"excerpt":{"rendered":"<p>L&#8217;Ajuntament d&#8217;Alzira demana a la ciutadania molta precauci\u00f3 per tal de previndre els incendis forestals. La Regidoria de Medi Ambient, Agricultura i Transici\u00f3 Ecol\u00f2gica informa que el per\u00edode extraordinari de cremes d&#8217;estiu va finalitzar el dia 15 de juliol, i per tant, des del 16 de juliol fins al 30 de setembre, ambd\u00f3s inclosos, quedar\u00e0 &hellip; <\/p>\n<p class=\"link-more\"><a href=\"https:\/\/alzira.es\/es\/finalitza-el-periode-extraordinari-de-cremes-agricoles\/\" class=\"more-link\">Continuar leyendo<span class=\"screen-reader-text\"> \u00abFinalitza el per\u00edode extraordinari de cremes agr\u00edcoles\u00bb<\/span><\/a><\/p>\n","protected":false},"author":29,"featured_media":50892,"comment_status":"","ping_status":"","sticky":false,"template":"","format":"standard","meta":{"_acf_changed":false,"footnotes":""},"categories":[],"tags":[],"class_list":["post-50896","post","type-post","status-publish","format-standard","has-post-thumbnail","hentry"],"acf":[],"_links":{"self":[{"href":"https:\/\/alzira.es\/es\/wp-json\/wp\/v2\/posts\/50896","targetHints":{"allow":["GET"]}}],"collection":[{"href":"https:\/\/alzira.es\/es\/wp-json\/wp\/v2\/posts"}],"about":[{"href":"https:\/\/alzira.es\/es\/wp-json\/wp\/v2\/types\/post"}],"author":[{"embeddable":true,"href":"https:\/\/alzira.es\/es\/wp-json\/wp\/v2\/users\/29"}],"replies":[{"embeddable":true,"href":"https:\/\/alzira.es\/es\/wp-json\/wp\/v2\/comments?post=50896"}],"version-history":[{"count":0,"href":"https:\/\/alzira.es\/es\/wp-json\/wp\/v2\/posts\/50896\/revisions"}],"wp:featuredmedia":[{"embeddable":true,"href":"https:\/\/alzira.es\/es\/wp-json\/wp\/v2\/media\/50892"}],"wp:attachment":[{"href":"https:\/\/alzira.es\/es\/wp-json\/wp\/v2\/media?parent=50896"}],"wp:term":[{"taxonomy":"category","embeddable":true,"href":"https:\/\/alzira.es\/es\/wp-json\/wp\/v2\/categories?post=50896"},{"taxonomy":"post_tag","embeddable":true,"href":"https:\/\/alzira.es\/es\/wp-json\/wp\/v2\/tags?post=50896"}],"curies":[{"name":"wp","href":"https:\/\/api.w.org\/{rel}","templated":true}]}}