{"id":50842,"date":"2020-07-10T13:50:05","date_gmt":"2020-07-10T11:50:05","guid":{"rendered":"https:\/\/alzira.es\/presentacio-obres-plca-2019\/"},"modified":"2020-07-10T13:50:05","modified_gmt":"2020-07-10T11:50:05","slug":"presentacio-obres-plca-2019","status":"publish","type":"post","link":"https:\/\/alzira.es\/es\/presentacio-obres-plca-2019\/","title":{"rendered":"Alzira presenta las obras ganadoras de los Premios Literarios 2019 con m\u00fasica y danza"},"content":{"rendered":"<p style=\"text-align: justify;\"><strong>\u2022 El acto se enmarca dentro de Cultura a la fresca<\/strong><\/p>\n<p><strong>Alzira, 10 de julio de 2020.-<\/strong> La cultura contin\u00faa en julio con la campa\u00f1a Cultura a la fresca, que da continuidad en la programaci\u00f3n prevista para el 2020, con las adaptaciones necesarias y adecuadas a las nuevas circunstancias ocasionadas por la Covid-19.<\/p>\n<p>Los actos programados para este mes empezaron anoche con el concierto de la Orquesta de la Comunidad Valenciana-Las Artes desde la plaza del Carb\u00f3n, una actuaci\u00f3n que cont\u00f3 con una buena acogida del p\u00fablico. A este mismo escenario tendr\u00e1 lugar hoy la presentaci\u00f3n de las obras ganadoras a la pasada edici\u00f3n de los Premios Literarios Ciudad Alzira 2019, seguida de las actuaciones del Grupo de danzas y la colla de Tabal i Dol\u00e7aina Les Raboses, que ya estuvo presente el pasado 8 de noviembre a la cena de los premios. A la presentaci\u00f3n tendr\u00e1 lugar el sorteo de 8 lotes de los libros premiados entre los asistentes.<\/p>\n<p><em>\u00abSe trata de la primera presentaci\u00f3n de libros que basura, la de las obras ganadoras de los PLCA 2019, que no pudimos hacer el 23 de abril, d\u00eda del libro. Tampoco hemos podido contar con los autores y autora porque nos hablaron de sus obras. Hoy hemos querido dar m\u00e1xima difusi\u00f3n a estos premios, que son un referente en todo nuestro \u00e1mbito ling\u00fc\u00edstico\u00bb<\/em> ha anunciado <strong>Alfred Aranda<\/strong>, Regidor de Cultura, <em>\u00abadem\u00e1s, a\u00f1ade, entre sus ganadores y ganadoras se encuentran autores y autoras de gran prestigio, que forman parte de la historia de la literatura actual, pero tambi\u00e9n han servido para descubrir nuevas voces que han conseguido publicar novela, narrativa infantil, teatro, poes\u00eda, ensayo, divulgaci\u00f3n cient\u00edfica y \u00e1lbum ilustrado\u00bb.<\/em><\/p>\n<p>En estos momentos ya disponemos de cinco de las obras publicadas, que se pueden encontrar a las librer\u00edas y, por supuesto, a la Biblioteca Municipal:<\/p>\n<p>XXXI Premio de Novela Ciudad de Alzira<br \/>No sabr\u00e0s el teu nom de Vicent Us\u00f3 Mezquita<br \/>XXI Premi d&#8217;Assaig Mancomunitat de la Ribera Alta<br \/>Ars Libri. L&#8217;aventura del llibre i la paraula de Juli Capilla i Fuentes<br \/>XIV Premi de Poesia IBN HAFAJA Patrocinado por la Universitat a dist\u00e0ncia<br \/>Camelot o la poesia social de Joan Deusa Dalmau<br \/>XXIV Premi Fundaci\u00f3 Bancaixa de Narrativa Juvenil<br \/>Coppelius de Rosa-Maria Colom Bernat<br \/>XXIV Premi de Narrativa Infantil Vicent Silvestre Patrocinado por Edicions Bromera<br \/>El Misteri de Serra Perduda de Francesc Gisbert Mu\u00f1oz<\/p>\n<p><em>\u00abOs animo a leer estos libros, acabados de salir del horno, porque estoy seguro que os gustar\u00e1n, entretendr\u00e1n, informar\u00e1n, emocionar\u00e1n&#8230; y porque, como dec\u00eda <strong>Joan Fuster<\/strong>: Un buen libro es siempre una provocaci\u00f3n\u00bb<\/em> ha anunciado el regidor.<\/p>\n<p>Est\u00e1 prevista la publicaci\u00f3n de las tres obras restantes al pasar el verano.<\/p>\n<p>Exploracions pel planeta del menjar de Pere Puigdom\u00e8nech (XXV Premi Europeu de Divulgaci\u00f3 Cient\u00edfica Estudi General. Patrocinado por la Universitat de Val\u00e8ncia)<br \/>Perqu\u00e8 t&#8217;estime, que si no &#8230; de Carles Alberola Ortiz (XVI Premi de Teatre Ciutat d&#8217;Alzira Palanca i Roca. Patrocinado por la Fundaci\u00f3 Aig\u00fces de Val\u00e8ncia)<br \/>El monstruo verde de Harold Jim\u00e9nez Canizares (IV Premi Internacional de \u00c0lbum Ilustrado Enric Solbes. Consorci Ribera i Valldigna)<\/p>\n<p>Por otro lado, el Ayuntamiento de Alzira y Edicions Bromera ya han convocado la XXXII edici\u00f3n de los PLCA 2020, que cuenta con el apoyo otras instituciones y empresas.<\/p>\n<p>Las bases del concurso ya est\u00e1n publicadas y los autores de las 8 modalidades tienen hasta el 7 de septiembre para presentar los originales. Si todo va bien, en octubre prepararemos las tradicionales Jornadas Culturales y la entrega de los premios ser\u00e1 el 13 de noviembre.<\/p>\n<p style=\"text-align: center;\"><img decoding=\"async\" class=\"size-full wp-image-50837 lazyload\" data-src=\"https:\/\/alzira.es\/wp-content\/uploads\/2020\/07\/WhatsApp_Image_2020-07-06_at_12.24.00.jpeg\" alt=\"WhatsApp Image 2020-07-06 at 12.24.00\" src=\"data:image\/svg+xml;base64,PHN2ZyB3aWR0aD0iMSIgaGVpZ2h0PSIxIiB4bWxucz0iaHR0cDovL3d3dy53My5vcmcvMjAwMC9zdmciPjwvc3ZnPg==\" style=\"--smush-placeholder-width: 800px; --smush-placeholder-aspect-ratio: 800\/1600;\" \/><img fetchpriority=\"high\" decoding=\"async\" class=\" size-full wp-image-50840\" src=\"https:\/\/alzira.es\/wp-content\/uploads\/2020\/07\/cultura_a_la_fresca_rgb_dia10.jpg\" alt=\"cultura a la fresca rgb dia10\" width=\"800\" height=\"1132\" srcset=\"https:\/\/alzira.es\/wp-content\/uploads\/2020\/07\/cultura_a_la_fresca_rgb_dia10.jpg 842w, https:\/\/alzira.es\/wp-content\/uploads\/2020\/07\/cultura_a_la_fresca_rgb_dia10-361x510.jpg 361w, https:\/\/alzira.es\/wp-content\/uploads\/2020\/07\/cultura_a_la_fresca_rgb_dia10-758x1072.jpg 758w, https:\/\/alzira.es\/wp-content\/uploads\/2020\/07\/cultura_a_la_fresca_rgb_dia10-768x1086.jpg 768w\" sizes=\"(max-width: 706px) 89vw, (max-width: 767px) 82vw, 740px\" \/><\/p>\n","protected":false},"excerpt":{"rendered":"<p>\u2022 El acto se enmarca dentro de Cultura a la fresca Alzira, 10 de julio de 2020.- La cultura contin\u00faa en julio con la campa\u00f1a Cultura a la fresca, que da continuidad en la programaci\u00f3n prevista para el 2020, con las adaptaciones necesarias y adecuadas a las nuevas circunstancias ocasionadas por la Covid-19. Los actos &hellip; <\/p>\n<p class=\"link-more\"><a href=\"https:\/\/alzira.es\/es\/presentacio-obres-plca-2019\/\" class=\"more-link\">Continuar leyendo<span class=\"screen-reader-text\"> \u00abAlzira presenta las obras ganadoras de los Premios Literarios 2019 con m\u00fasica y danza\u00bb<\/span><\/a><\/p>\n","protected":false},"author":29,"featured_media":50837,"comment_status":"","ping_status":"","sticky":false,"template":"","format":"standard","meta":{"_acf_changed":false,"footnotes":""},"categories":[4936],"tags":[],"class_list":["post-50842","post","type-post","status-publish","format-standard","has-post-thumbnail","hentry","category-hemeroteca-es"],"acf":[],"_links":{"self":[{"href":"https:\/\/alzira.es\/es\/wp-json\/wp\/v2\/posts\/50842","targetHints":{"allow":["GET"]}}],"collection":[{"href":"https:\/\/alzira.es\/es\/wp-json\/wp\/v2\/posts"}],"about":[{"href":"https:\/\/alzira.es\/es\/wp-json\/wp\/v2\/types\/post"}],"author":[{"embeddable":true,"href":"https:\/\/alzira.es\/es\/wp-json\/wp\/v2\/users\/29"}],"replies":[{"embeddable":true,"href":"https:\/\/alzira.es\/es\/wp-json\/wp\/v2\/comments?post=50842"}],"version-history":[{"count":0,"href":"https:\/\/alzira.es\/es\/wp-json\/wp\/v2\/posts\/50842\/revisions"}],"wp:featuredmedia":[{"embeddable":true,"href":"https:\/\/alzira.es\/es\/wp-json\/wp\/v2\/media\/50837"}],"wp:attachment":[{"href":"https:\/\/alzira.es\/es\/wp-json\/wp\/v2\/media?parent=50842"}],"wp:term":[{"taxonomy":"category","embeddable":true,"href":"https:\/\/alzira.es\/es\/wp-json\/wp\/v2\/categories?post=50842"},{"taxonomy":"post_tag","embeddable":true,"href":"https:\/\/alzira.es\/es\/wp-json\/wp\/v2\/tags?post=50842"}],"curies":[{"name":"wp","href":"https:\/\/api.w.org\/{rel}","templated":true}]}}