{"id":50795,"date":"2020-07-06T15:23:52","date_gmt":"2020-07-06T13:23:52","guid":{"rendered":"https:\/\/alzira.es\/campanya-serval-2\/"},"modified":"2020-07-06T15:23:52","modified_gmt":"2020-07-06T13:23:52","slug":"campanya-serval-2","status":"publish","type":"post","link":"https:\/\/alzira.es\/es\/campanya-serval-2\/","title":{"rendered":"El valenci\u00e0 en moviment \u00e9s la campanya de foment del valenci\u00e0 als campus esportius"},"content":{"rendered":"<p style=\"text-align: justify;\"><strong>Alzira, 9 de juliol de 2020.- <\/strong>Un estiu m\u00e9s el SERVAL, Servei Alzireny de Promoci\u00f3 i \u00das del Valenci\u00e0 de l&#8217;Ajuntament d&#8217;Alzira, col\u00b7labora amb els Campus Esportius, que es realitzen en les instal\u00b7lacions del camp d&#8217;esports de Ven\u00e8cia i en la ciutat esportiva Jorge Mart\u00ednez Aspar amb la campanya de foment de valenci\u00e0 i dels jocs tradicionals El valenci\u00e0 en moviment.<\/p>\n<p style=\"text-align: justify;\">Durant el mes de juliol, al voltant de 300 xiquets i xiquetes i joves entre 3 i 14 anys participen en les diferents modalitats d&#8217;estes activitats. Tamb\u00e9 es realitzen eixides al parc de l&#8217;Alquen\u00e8ncia, a la muntanyeta de Sant Salvador i tots els dies acaben banyant-se a la piscina municipal.<\/p>\n<p style=\"text-align: justify;\">Enguany el Serval ha col\u00b7laborat entregant uns obsequis als participants al campus Multiesports, el campus de la UD Alzira de futbol i el de Pilota Valenciana. En total s&#8217;han repartit 300 gorres i 6 lots de llibres que s&#8217;han sortejat entre els participants dels tres campus. A la gorra est\u00e0 impr\u00e9s el lema de la campanya El valenci\u00e0 en moviment, que suggerix que el valenci\u00e0 \u00e9s una llengua viva, din\u00e0mica que cal emprar en tots els llocs i situacions, i un dels millors exemples \u00e9s en l&#8217;\u00e0mbit esportiu i l\u00fadic.<\/p>\n<p style=\"text-align: justify;\">Este obsequi, a m\u00e9s ajudar\u00e0 els assistents a protegir-se del sol en els calorosos dies de juliol, com ja hem pogut vore hui mateix quan les han repartides. El lliurament s&#8217;ha fet este mat\u00ed al camp d&#8217;esports de Ven\u00e8cia, on han acudit Alfred Aranda, Regidor de Cultura, junt amb personal del Serval, els quals han distribu\u00eft al Campus Multiesport 150 gorres, a la UD Alzira de futbol 90 gorres i al campus de Pilota Valenciana 30 gorres.<\/p>\n<p style=\"text-align: justify;\">L&#8217;acte ha comptat amb l&#8217;actuaci\u00f3 d&#8217;una xicoteta xaranga de joves que ha acompanyat amb molta alegria les coreografies dels xiquets i les xiquetes.<\/p>\n<p style=\"text-align: justify;\"><strong>Alfred Aranda<\/strong>, regidor del Serval, ha animat els joves participants a parlar en valenci\u00e0, <em>\u00abutilitzar la nostra llengua \u00e9s la millor manera de mantindre-la viva. A m\u00e9s donem suport als jocs populars com s\u00f3n: el sambori, conillets a amagar (l&#8217;amagatall), peus quiets, carreres de sacs, el canut, la trompa, el mocadoret, pic i pala&#8230; que solen incloure expressions molt nostres com: xurro va!, arribar amb el lleu fora, anar a mil, estar fet pols, hi ha mans que pareixen peus, torna-li la trompa al xic&#8230;\u00bb<\/em><\/p>\n<p style=\"text-align: justify;\">D&#8217;altra banda Aranda els ha informat de la tasca que realitza el Serval en la difusi\u00f3 del valenci\u00e0 en tots els \u00e0mbits a la nostra ciutat.<\/p>\n<p style=\"text-align: center;\"><a class=\"jcepopup\" href=\"https:\/\/alzira.es\/wp-content\/uploads\/2020\/07\/multiesports.jpg\" target=\"_blank\" rel=\"noopener\"><img fetchpriority=\"high\" decoding=\"async\" class=\" size-full wp-image-50782\" src=\"https:\/\/alzira.es\/wp-content\/uploads\/2020\/07\/multiesports.jpg\" alt=\"multiesports\" width=\"400\" height=\"300\" srcset=\"https:\/\/alzira.es\/wp-content\/uploads\/2020\/07\/multiesports.jpg 1600w, https:\/\/alzira.es\/wp-content\/uploads\/2020\/07\/multiesports-680x510.jpg 680w, https:\/\/alzira.es\/wp-content\/uploads\/2020\/07\/multiesports-1430x1072.jpg 1430w, https:\/\/alzira.es\/wp-content\/uploads\/2020\/07\/multiesports-768x576.jpg 768w, https:\/\/alzira.es\/wp-content\/uploads\/2020\/07\/multiesports-1536x1152.jpg 1536w\" sizes=\"(max-width: 400px) 100vw, 400px\" \/><\/a>&nbsp;<a class=\"jcepopup\" style=\"text-align: center;\" type=\"image\" href=\"https:\/\/alzira.es\/wp-content\/uploads\/2020\/07\/xaranga.jpg\" target=\"_blank\" rel=\"noopener\"><img decoding=\"async\" class=\"size-full wp-image-50784 lazyload\" data-src=\"https:\/\/alzira.es\/wp-content\/uploads\/2020\/07\/xaranga.jpg\" alt=\"xaranga\" width=\"400\" height=\"300\" data-srcset=\"https:\/\/alzira.es\/wp-content\/uploads\/2020\/07\/xaranga.jpg 1600w, https:\/\/alzira.es\/wp-content\/uploads\/2020\/07\/xaranga-680x510.jpg 680w, https:\/\/alzira.es\/wp-content\/uploads\/2020\/07\/xaranga-1430x1072.jpg 1430w, https:\/\/alzira.es\/wp-content\/uploads\/2020\/07\/xaranga-768x576.jpg 768w, https:\/\/alzira.es\/wp-content\/uploads\/2020\/07\/xaranga-1536x1152.jpg 1536w\" data-sizes=\"(max-width: 400px) 100vw, 400px\" src=\"data:image\/svg+xml;base64,PHN2ZyB3aWR0aD0iMSIgaGVpZ2h0PSIxIiB4bWxucz0iaHR0cDovL3d3dy53My5vcmcvMjAwMC9zdmciPjwvc3ZnPg==\" style=\"--smush-placeholder-width: 400px; --smush-placeholder-aspect-ratio: 400\/300;\" \/><\/a>&nbsp;<a class=\"jcepopup\" style=\"text-align: center;\" type=\"image\" href=\"https:\/\/alzira.es\/wp-content\/uploads\/2020\/07\/gorra.jpg\" target=\"_blank\" rel=\"noopener\"><img decoding=\"async\" class=\"size-full wp-image-50786 lazyload\" data-src=\"https:\/\/alzira.es\/wp-content\/uploads\/2020\/07\/gorra.jpg\" alt=\"gorra\" width=\"376\" height=\"300\" data-srcset=\"https:\/\/alzira.es\/wp-content\/uploads\/2020\/07\/gorra.jpg 1600w, https:\/\/alzira.es\/wp-content\/uploads\/2020\/07\/gorra-639x510.jpg 639w, https:\/\/alzira.es\/wp-content\/uploads\/2020\/07\/gorra-1344x1072.jpg 1344w, https:\/\/alzira.es\/wp-content\/uploads\/2020\/07\/gorra-768x612.jpg 768w, https:\/\/alzira.es\/wp-content\/uploads\/2020\/07\/gorra-1536x1225.jpg 1536w\" data-sizes=\"(max-width: 376px) 100vw, 376px\" src=\"data:image\/svg+xml;base64,PHN2ZyB3aWR0aD0iMSIgaGVpZ2h0PSIxIiB4bWxucz0iaHR0cDovL3d3dy53My5vcmcvMjAwMC9zdmciPjwvc3ZnPg==\" style=\"--smush-placeholder-width: 376px; --smush-placeholder-aspect-ratio: 376\/300;\" \/><\/a>&nbsp;<a class=\"jcepopup\" style=\"text-align: center;\" type=\"image\" href=\"https:\/\/alzira.es\/wp-content\/uploads\/2020\/07\/pilota_valenciana.jpg\" target=\"_blank\" rel=\"noopener\"><img decoding=\"async\" class=\"size-full wp-image-50789 lazyload\" data-src=\"https:\/\/alzira.es\/wp-content\/uploads\/2020\/07\/pilota_valenciana.jpg\" alt=\"pilota valenciana\" width=\"600\" height=\"277\" data-srcset=\"https:\/\/alzira.es\/wp-content\/uploads\/2020\/07\/pilota_valenciana.jpg 2000w, https:\/\/alzira.es\/wp-content\/uploads\/2020\/07\/pilota_valenciana-680x314.jpg 680w, https:\/\/alzira.es\/wp-content\/uploads\/2020\/07\/pilota_valenciana-1430x660.jpg 1430w, https:\/\/alzira.es\/wp-content\/uploads\/2020\/07\/pilota_valenciana-768x354.jpg 768w, https:\/\/alzira.es\/wp-content\/uploads\/2020\/07\/pilota_valenciana-1536x709.jpg 1536w\" data-sizes=\"(max-width: 600px) 100vw, 600px\" src=\"data:image\/svg+xml;base64,PHN2ZyB3aWR0aD0iMSIgaGVpZ2h0PSIxIiB4bWxucz0iaHR0cDovL3d3dy53My5vcmcvMjAwMC9zdmciPjwvc3ZnPg==\" style=\"--smush-placeholder-width: 600px; --smush-placeholder-aspect-ratio: 600\/277;\" \/><\/a>&nbsp;<a class=\"jcepopup\" style=\"text-align: center;\" type=\"image\" href=\"https:\/\/alzira.es\/wp-content\/uploads\/2020\/07\/ud.jpg\" target=\"_blank\" rel=\"noopener\"><img decoding=\"async\" class=\"size-full wp-image-50791 lazyload\" data-src=\"https:\/\/alzira.es\/wp-content\/uploads\/2020\/07\/ud.jpg\" alt=\"ud\" width=\"600\" height=\"277\" data-srcset=\"https:\/\/alzira.es\/wp-content\/uploads\/2020\/07\/ud.jpg 2048w, https:\/\/alzira.es\/wp-content\/uploads\/2020\/07\/ud-680x314.jpg 680w, https:\/\/alzira.es\/wp-content\/uploads\/2020\/07\/ud-1430x660.jpg 1430w, https:\/\/alzira.es\/wp-content\/uploads\/2020\/07\/ud-768x354.jpg 768w, https:\/\/alzira.es\/wp-content\/uploads\/2020\/07\/ud-1536x709.jpg 1536w\" data-sizes=\"(max-width: 600px) 100vw, 600px\" src=\"data:image\/svg+xml;base64,PHN2ZyB3aWR0aD0iMSIgaGVpZ2h0PSIxIiB4bWxucz0iaHR0cDovL3d3dy53My5vcmcvMjAwMC9zdmciPjwvc3ZnPg==\" style=\"--smush-placeholder-width: 600px; --smush-placeholder-aspect-ratio: 600\/277;\" \/><\/a><\/p>\n","protected":false},"excerpt":{"rendered":"<p>Alzira, 9 de juliol de 2020.- Un estiu m\u00e9s el SERVAL, Servei Alzireny de Promoci\u00f3 i \u00das del Valenci\u00e0 de l&#8217;Ajuntament d&#8217;Alzira, col\u00b7labora amb els Campus Esportius, que es realitzen en les instal\u00b7lacions del camp d&#8217;esports de Ven\u00e8cia i en la ciutat esportiva Jorge Mart\u00ednez Aspar amb la campanya de foment de valenci\u00e0 i dels &hellip; <\/p>\n<p class=\"link-more\"><a href=\"https:\/\/alzira.es\/es\/campanya-serval-2\/\" class=\"more-link\">Continuar leyendo<span class=\"screen-reader-text\"> \u00abEl valenci\u00e0 en moviment \u00e9s la campanya de foment del valenci\u00e0 als campus esportius\u00bb<\/span><\/a><\/p>\n","protected":false},"author":29,"featured_media":50782,"comment_status":"","ping_status":"","sticky":false,"template":"","format":"standard","meta":{"_acf_changed":false,"footnotes":""},"categories":[],"tags":[],"class_list":["post-50795","post","type-post","status-publish","format-standard","has-post-thumbnail","hentry"],"acf":[],"_links":{"self":[{"href":"https:\/\/alzira.es\/es\/wp-json\/wp\/v2\/posts\/50795","targetHints":{"allow":["GET"]}}],"collection":[{"href":"https:\/\/alzira.es\/es\/wp-json\/wp\/v2\/posts"}],"about":[{"href":"https:\/\/alzira.es\/es\/wp-json\/wp\/v2\/types\/post"}],"author":[{"embeddable":true,"href":"https:\/\/alzira.es\/es\/wp-json\/wp\/v2\/users\/29"}],"replies":[{"embeddable":true,"href":"https:\/\/alzira.es\/es\/wp-json\/wp\/v2\/comments?post=50795"}],"version-history":[{"count":0,"href":"https:\/\/alzira.es\/es\/wp-json\/wp\/v2\/posts\/50795\/revisions"}],"wp:featuredmedia":[{"embeddable":true,"href":"https:\/\/alzira.es\/es\/wp-json\/wp\/v2\/media\/50782"}],"wp:attachment":[{"href":"https:\/\/alzira.es\/es\/wp-json\/wp\/v2\/media?parent=50795"}],"wp:term":[{"taxonomy":"category","embeddable":true,"href":"https:\/\/alzira.es\/es\/wp-json\/wp\/v2\/categories?post=50795"},{"taxonomy":"post_tag","embeddable":true,"href":"https:\/\/alzira.es\/es\/wp-json\/wp\/v2\/tags?post=50795"}],"curies":[{"name":"wp","href":"https:\/\/api.w.org\/{rel}","templated":true}]}}