{"id":50793,"date":"2020-07-06T15:23:52","date_gmt":"2020-07-06T13:23:52","guid":{"rendered":"https:\/\/alzira.es\/campanya-serval\/"},"modified":"2020-07-06T15:23:52","modified_gmt":"2020-07-06T13:23:52","slug":"campanya-serval","status":"publish","type":"post","link":"https:\/\/alzira.es\/es\/campanya-serval\/","title":{"rendered":"El valenciano en movimiento es la campa\u00f1a de fomento del valenciano a los campus deportivos"},"content":{"rendered":"<p style=\"text-align: justify;\"><strong>Alzira, 9 de julio de 2020.-<\/strong> Un verano m\u00e1s el SERVAL, Servicio Alzire\u00f1o de Promoci\u00f3n y Uso del Valenciano del Ayuntamiento de Alzira, colabora con los Campus Deportivos, que se realizan en las instalaciones del campo de deportes de Venecia y en la ciudad deportiva Jorge Mart\u00ednez Aspar con la campa\u00f1a de fomento de valenciano y de los juegos tradicionales El valenciano en movimiento.<\/p>\n<p>Durante el mes de julio, alrededor de 300 ni\u00f1os y ni\u00f1as y j\u00f3venes entre 3 y 14 a\u00f1os participan en las diferentes modalidades de estas actividades. Tambi\u00e9n se realizan salidas en el parque del Alquen\u00e8ncia, a la munta\u00f1eta de San Salvador y todos los d\u00edas acaban ba\u00f1\u00e1ndose en la piscina municipal.<\/p>\n<p>Este a\u00f1o el Serval ha colaborado entregando unos obsequios a los participantes en el campus Multiesports, el campus de la UD Alzira de f\u00fatbol y el de Pelota Valenciana. En total se han repartido 300 gorras y 6 lotes de libros que se han sorteado entre los participantes de los tres campus. En la gorra est\u00e1 imprimido el lema de la campa\u00f1a El valenciano en movimiento, que sugiere que el valenciano es una lengua viva, din\u00e1mica que hay que emplear en todos los lugares y situaciones, y uno de los mejores ejemplos es en el \u00e1mbito deportivo y l\u00fadico.<\/p>\n<p>Este obsequio, adem\u00e1s ayudar\u00e1 los asistentes a protegerse del sol en los calurosos d\u00edas de julio, como ya hemos podido ver hoy mismo cuando las han repartido. La entrega se ha hecho esta ma\u00f1ana en el campo de deportes de Venecia, donde han acudido Alfred Aranda, Regidor de Cultura, junto con personal del Serval, los cuales han distribuido en el Campus Multiesport 150 gorras, a la UD Alzira de f\u00fatbol 90 gorras y en el campus de Pelota Valenciana 30 gorras.<\/p>\n<p>El acto ha contado con la actuaci\u00f3n de una peque\u00f1a charanga de j\u00f3venes que ha acompa\u00f1ado con mucha alegr\u00eda las coreograf\u00edas de los ni\u00f1os y las ni\u00f1as.<\/p>\n<p><strong>Alfred Aranda<\/strong>, regidor del Serval, ha animado los j\u00f3venes participantes a habla en valenciano, <em>\u00abutilizar nuestra lengua es la mejor manera de mantenerla viva. Adem\u00e1s apoyamos a los juegos populares como son:<\/em> <span style=\"text-decoration: underline;\"><em>el sambori, conillets a amagar (l&#8217;amagatall), peus quiets, carreres de sacs, el canut, la trompa, el mocadoret, pic i pala<\/em><\/span>&#8230; <em>que suelen incluir expresiones muy nuestras como: <span style=\"text-decoration: underline;\">xurro va!, arribar amb el lleu fora, anar a mil, estar fet pols, hi ha mans que pareixen peus, torna-li la trompa al xic<\/span>&#8230;<\/em>\u00ab<\/p>\n<p>Por otro lado Aranda los ha informado de la tarea que realiza el Serval en la difusi\u00f3n del valenciano en todos los \u00e1mbitos en nuestra ciudad.<\/p>\n<p style=\"text-align: center;\"><a class=\"jcepopup\" href=\"https:\/\/alzira.es\/wp-content\/uploads\/2020\/07\/multiesports.jpg\" target=\"_blank\" rel=\"noopener\"><img fetchpriority=\"high\" decoding=\"async\" class=\" size-full wp-image-50782\" src=\"https:\/\/alzira.es\/wp-content\/uploads\/2020\/07\/multiesports.jpg\" alt=\"multiesports\" width=\"400\" height=\"300\" srcset=\"https:\/\/alzira.es\/wp-content\/uploads\/2020\/07\/multiesports.jpg 1600w, https:\/\/alzira.es\/wp-content\/uploads\/2020\/07\/multiesports-680x510.jpg 680w, https:\/\/alzira.es\/wp-content\/uploads\/2020\/07\/multiesports-1430x1072.jpg 1430w, https:\/\/alzira.es\/wp-content\/uploads\/2020\/07\/multiesports-768x576.jpg 768w, https:\/\/alzira.es\/wp-content\/uploads\/2020\/07\/multiesports-1536x1152.jpg 1536w\" sizes=\"(max-width: 400px) 100vw, 400px\" \/><\/a>&nbsp;<a class=\"jcepopup\" style=\"text-align: center;\" type=\"image\" href=\"https:\/\/alzira.es\/wp-content\/uploads\/2020\/07\/xaranga.jpg\" target=\"_blank\" rel=\"noopener\"><img decoding=\"async\" class=\"size-full wp-image-50784 lazyload\" data-src=\"https:\/\/alzira.es\/wp-content\/uploads\/2020\/07\/xaranga.jpg\" alt=\"xaranga\" width=\"400\" height=\"300\" data-srcset=\"https:\/\/alzira.es\/wp-content\/uploads\/2020\/07\/xaranga.jpg 1600w, https:\/\/alzira.es\/wp-content\/uploads\/2020\/07\/xaranga-680x510.jpg 680w, https:\/\/alzira.es\/wp-content\/uploads\/2020\/07\/xaranga-1430x1072.jpg 1430w, https:\/\/alzira.es\/wp-content\/uploads\/2020\/07\/xaranga-768x576.jpg 768w, https:\/\/alzira.es\/wp-content\/uploads\/2020\/07\/xaranga-1536x1152.jpg 1536w\" data-sizes=\"(max-width: 400px) 100vw, 400px\" src=\"data:image\/svg+xml;base64,PHN2ZyB3aWR0aD0iMSIgaGVpZ2h0PSIxIiB4bWxucz0iaHR0cDovL3d3dy53My5vcmcvMjAwMC9zdmciPjwvc3ZnPg==\" style=\"--smush-placeholder-width: 400px; --smush-placeholder-aspect-ratio: 400\/300;\" \/><\/a>&nbsp;<a class=\"jcepopup\" style=\"text-align: center;\" type=\"image\" href=\"https:\/\/alzira.es\/wp-content\/uploads\/2020\/07\/gorra.jpg\" target=\"_blank\" rel=\"noopener\"><img decoding=\"async\" class=\"size-full wp-image-50786 lazyload\" data-src=\"https:\/\/alzira.es\/wp-content\/uploads\/2020\/07\/gorra.jpg\" alt=\"gorra\" width=\"376\" height=\"300\" data-srcset=\"https:\/\/alzira.es\/wp-content\/uploads\/2020\/07\/gorra.jpg 1600w, https:\/\/alzira.es\/wp-content\/uploads\/2020\/07\/gorra-639x510.jpg 639w, https:\/\/alzira.es\/wp-content\/uploads\/2020\/07\/gorra-1344x1072.jpg 1344w, https:\/\/alzira.es\/wp-content\/uploads\/2020\/07\/gorra-768x612.jpg 768w, https:\/\/alzira.es\/wp-content\/uploads\/2020\/07\/gorra-1536x1225.jpg 1536w\" data-sizes=\"(max-width: 376px) 100vw, 376px\" src=\"data:image\/svg+xml;base64,PHN2ZyB3aWR0aD0iMSIgaGVpZ2h0PSIxIiB4bWxucz0iaHR0cDovL3d3dy53My5vcmcvMjAwMC9zdmciPjwvc3ZnPg==\" style=\"--smush-placeholder-width: 376px; --smush-placeholder-aspect-ratio: 376\/300;\" \/><\/a>&nbsp;<a class=\"jcepopup\" style=\"text-align: center;\" type=\"image\" href=\"https:\/\/alzira.es\/wp-content\/uploads\/2020\/07\/pilota_valenciana.jpg\" target=\"_blank\" rel=\"noopener\"><img decoding=\"async\" class=\"size-full wp-image-50789 lazyload\" data-src=\"https:\/\/alzira.es\/wp-content\/uploads\/2020\/07\/pilota_valenciana.jpg\" alt=\"pilota valenciana\" width=\"600\" height=\"277\" data-srcset=\"https:\/\/alzira.es\/wp-content\/uploads\/2020\/07\/pilota_valenciana.jpg 2000w, https:\/\/alzira.es\/wp-content\/uploads\/2020\/07\/pilota_valenciana-680x314.jpg 680w, https:\/\/alzira.es\/wp-content\/uploads\/2020\/07\/pilota_valenciana-1430x660.jpg 1430w, https:\/\/alzira.es\/wp-content\/uploads\/2020\/07\/pilota_valenciana-768x354.jpg 768w, https:\/\/alzira.es\/wp-content\/uploads\/2020\/07\/pilota_valenciana-1536x709.jpg 1536w\" data-sizes=\"(max-width: 600px) 100vw, 600px\" src=\"data:image\/svg+xml;base64,PHN2ZyB3aWR0aD0iMSIgaGVpZ2h0PSIxIiB4bWxucz0iaHR0cDovL3d3dy53My5vcmcvMjAwMC9zdmciPjwvc3ZnPg==\" style=\"--smush-placeholder-width: 600px; --smush-placeholder-aspect-ratio: 600\/277;\" \/><\/a>&nbsp;<a class=\"jcepopup\" style=\"text-align: center;\" type=\"image\" href=\"https:\/\/alzira.es\/wp-content\/uploads\/2020\/07\/ud.jpg\" target=\"_blank\" rel=\"noopener\"><img decoding=\"async\" class=\"size-full wp-image-50791 lazyload\" data-src=\"https:\/\/alzira.es\/wp-content\/uploads\/2020\/07\/ud.jpg\" alt=\"ud\" width=\"600\" height=\"277\" data-srcset=\"https:\/\/alzira.es\/wp-content\/uploads\/2020\/07\/ud.jpg 2048w, https:\/\/alzira.es\/wp-content\/uploads\/2020\/07\/ud-680x314.jpg 680w, https:\/\/alzira.es\/wp-content\/uploads\/2020\/07\/ud-1430x660.jpg 1430w, https:\/\/alzira.es\/wp-content\/uploads\/2020\/07\/ud-768x354.jpg 768w, https:\/\/alzira.es\/wp-content\/uploads\/2020\/07\/ud-1536x709.jpg 1536w\" data-sizes=\"(max-width: 600px) 100vw, 600px\" src=\"data:image\/svg+xml;base64,PHN2ZyB3aWR0aD0iMSIgaGVpZ2h0PSIxIiB4bWxucz0iaHR0cDovL3d3dy53My5vcmcvMjAwMC9zdmciPjwvc3ZnPg==\" style=\"--smush-placeholder-width: 600px; --smush-placeholder-aspect-ratio: 600\/277;\" \/><\/a><\/p>\n","protected":false},"excerpt":{"rendered":"<p>Alzira, 9 de julio de 2020.- Un verano m\u00e1s el SERVAL, Servicio Alzire\u00f1o de Promoci\u00f3n y Uso del Valenciano del Ayuntamiento de Alzira, colabora con los Campus Deportivos, que se realizan en las instalaciones del campo de deportes de Venecia y en la ciudad deportiva Jorge Mart\u00ednez Aspar con la campa\u00f1a de fomento de valenciano &hellip; <\/p>\n<p class=\"link-more\"><a href=\"https:\/\/alzira.es\/es\/campanya-serval\/\" class=\"more-link\">Continuar leyendo<span class=\"screen-reader-text\"> \u00abEl valenciano en movimiento es la campa\u00f1a de fomento del valenciano a los campus deportivos\u00bb<\/span><\/a><\/p>\n","protected":false},"author":29,"featured_media":50782,"comment_status":"","ping_status":"","sticky":false,"template":"","format":"standard","meta":{"_acf_changed":false,"footnotes":""},"categories":[4936],"tags":[],"class_list":["post-50793","post","type-post","status-publish","format-standard","has-post-thumbnail","hentry","category-hemeroteca-es"],"acf":[],"_links":{"self":[{"href":"https:\/\/alzira.es\/es\/wp-json\/wp\/v2\/posts\/50793","targetHints":{"allow":["GET"]}}],"collection":[{"href":"https:\/\/alzira.es\/es\/wp-json\/wp\/v2\/posts"}],"about":[{"href":"https:\/\/alzira.es\/es\/wp-json\/wp\/v2\/types\/post"}],"author":[{"embeddable":true,"href":"https:\/\/alzira.es\/es\/wp-json\/wp\/v2\/users\/29"}],"replies":[{"embeddable":true,"href":"https:\/\/alzira.es\/es\/wp-json\/wp\/v2\/comments?post=50793"}],"version-history":[{"count":0,"href":"https:\/\/alzira.es\/es\/wp-json\/wp\/v2\/posts\/50793\/revisions"}],"wp:featuredmedia":[{"embeddable":true,"href":"https:\/\/alzira.es\/es\/wp-json\/wp\/v2\/media\/50782"}],"wp:attachment":[{"href":"https:\/\/alzira.es\/es\/wp-json\/wp\/v2\/media?parent=50793"}],"wp:term":[{"taxonomy":"category","embeddable":true,"href":"https:\/\/alzira.es\/es\/wp-json\/wp\/v2\/categories?post=50793"},{"taxonomy":"post_tag","embeddable":true,"href":"https:\/\/alzira.es\/es\/wp-json\/wp\/v2\/tags?post=50793"}],"curies":[{"name":"wp","href":"https:\/\/api.w.org\/{rel}","templated":true}]}}