{"id":50771,"date":"2020-05-26T14:40:00","date_gmt":"2020-05-26T12:40:00","guid":{"rendered":"https:\/\/alzira.es\/pla-d-ocupacio-qualificats\/"},"modified":"2021-09-01T17:02:21","modified_gmt":"2021-09-01T15:02:21","slug":"pla-d-ocupacio-qualificats","status":"publish","type":"post","link":"https:\/\/alzira.es\/es\/pla-d-ocupacio-qualificats\/","title":{"rendered":"Alzira destina 250.000 \u20ac en un Plan de Ocupaci\u00f3n Social para cualificados"},"content":{"rendered":"<p style=\"text-align: justify;\">\u2022 Hasta el 30 de julio se puede solicitar la participaci\u00f3n<\/p>\n<p><strong>Alzira, 26 de mayo de 2020.-<\/strong> El Ayuntamiento de Alzira comienza un Plan de Ocupaci\u00f3n Social para personas cualificadas con una dotaci\u00f3n de 250.000 euros. El objetivo de esta iniciativa es facilitar el acceso al mercado de trabajo a los parados que se han visto afectados por la situaci\u00f3n sanitaria derivada por el COVID19.<\/p>\n<p>Las solicitudes tienen que presentarse antes del 30 de julio de manera telem\u00e1tica en la Sede Electr\u00f3nica: <em><strong><a href=\"https:\/\/sedeelectronica.alzira.es\/...\/in...\/se\/sede-electronica\/\" rel=\"nofollow noopener\" target=\"_blank\">https:\/\/sedeelectronica.alzira.es\/&#8230;\/in&#8230;\/se\/sede-electronica\/<\/a><\/strong><\/em> o a en su punto habilitado en el edificio de IDEA. Recuerda pedir cita previa al 96 245 51 01.<\/p>\n<p>Los lugares a cubrir corresponden a la categor\u00eda de oficial, Formaci\u00f3n profesional 1 y 2 y titulaciones de grado. Los requisitos fundamentales para acceder son encontrarse desocupado a causa de declaraci\u00f3n del Estado de Alarma el pasado 14 de marzo y tener un perfil de calificado por experiencia profesional o por formaci\u00f3n.<\/p>\n<p>Adem\u00e1s, hay que estar empadronado a Alzira al menos los 3 a\u00f1os anteriores a la presentaci\u00f3n de la solicitud y ser mayor de 16 a\u00f1os. En este caso, tendr\u00e1n prioridad las personas que se encuentran en la investigaci\u00f3n activa de trabajo, que est\u00e9n recibiendo un subsidio por desocupaci\u00f3n o que sean v\u00edctimas de violencia de g\u00e9nero.<\/p>\n<p>Este segundo plan se suma en el Plan de Ocupaci\u00f3n para personas no cualificadas que el Ayuntamiento ya present\u00f3 a principios de junio y al cual destin\u00f3 tambi\u00e9n 250.000 euros. En total, el Ayuntamiento de Alzira habr\u00e1 ocupado con estas dos iniciativas casi 30 personas con un presupuesto de 500.000 euros.<\/p>\n<p>Puedes consultar aqu\u00ed las <em><strong><a href=\"https:\/\/www.idea-alzira.com\/pla-ocupaci-covid19-per-alzira\" rel=\"nofollow noopener\" target=\"_blank\">bases<\/a><\/strong><\/em><\/p>\n<p><img fetchpriority=\"high\" decoding=\"async\" width=\"1131\" height=\"1600\" class=\" size-full wp-image-50768\" style=\"display: block; margin-left: auto; margin-right: auto;\" src=\"https:\/\/alzira.es\/wp-content\/uploads\/2020\/07\/pla_ocupacio.jpg\" alt=\"pla ocupaci\u00f3\" srcset=\"https:\/\/alzira.es\/wp-content\/uploads\/2020\/07\/pla_ocupacio.jpg 1131w, https:\/\/alzira.es\/wp-content\/uploads\/2020\/07\/pla_ocupacio-361x510.jpg 361w, https:\/\/alzira.es\/wp-content\/uploads\/2020\/07\/pla_ocupacio-758x1072.jpg 758w, https:\/\/alzira.es\/wp-content\/uploads\/2020\/07\/pla_ocupacio-768x1086.jpg 768w, https:\/\/alzira.es\/wp-content\/uploads\/2020\/07\/pla_ocupacio-1086x1536.jpg 1086w\" sizes=\"(max-width: 706px) 89vw, (max-width: 767px) 82vw, 740px\" \/><\/p>\n","protected":false},"excerpt":{"rendered":"<p>\u2022 Hasta el 30 de julio se puede solicitar la participaci\u00f3n Alzira, 26 de mayo de 2020.- El Ayuntamiento de Alzira comienza un Plan de Ocupaci\u00f3n Social para personas cualificadas con una dotaci\u00f3n de 250.000 euros. El objetivo de esta iniciativa es facilitar el acceso al mercado de trabajo a los parados que se han &hellip; <\/p>\n<p class=\"link-more\"><a href=\"https:\/\/alzira.es\/es\/pla-d-ocupacio-qualificats\/\" class=\"more-link\">Continuar leyendo<span class=\"screen-reader-text\"> \u00abAlzira destina 250.000 \u20ac en un Plan de Ocupaci\u00f3n Social para cualificados\u00bb<\/span><\/a><\/p>\n","protected":false},"author":29,"featured_media":50768,"comment_status":"closed","ping_status":"closed","sticky":false,"template":"","format":"standard","meta":{"_acf_changed":false,"footnotes":""},"categories":[1893],"tags":[],"class_list":["post-50771","post","type-post","status-publish","format-standard","has-post-thumbnail","hentry","category-hemeroteca"],"acf":[],"_links":{"self":[{"href":"https:\/\/alzira.es\/es\/wp-json\/wp\/v2\/posts\/50771","targetHints":{"allow":["GET"]}}],"collection":[{"href":"https:\/\/alzira.es\/es\/wp-json\/wp\/v2\/posts"}],"about":[{"href":"https:\/\/alzira.es\/es\/wp-json\/wp\/v2\/types\/post"}],"author":[{"embeddable":true,"href":"https:\/\/alzira.es\/es\/wp-json\/wp\/v2\/users\/29"}],"replies":[{"embeddable":true,"href":"https:\/\/alzira.es\/es\/wp-json\/wp\/v2\/comments?post=50771"}],"version-history":[{"count":1,"href":"https:\/\/alzira.es\/es\/wp-json\/wp\/v2\/posts\/50771\/revisions"}],"predecessor-version":[{"id":88016,"href":"https:\/\/alzira.es\/es\/wp-json\/wp\/v2\/posts\/50771\/revisions\/88016"}],"wp:featuredmedia":[{"embeddable":true,"href":"https:\/\/alzira.es\/es\/wp-json\/wp\/v2\/media\/50768"}],"wp:attachment":[{"href":"https:\/\/alzira.es\/es\/wp-json\/wp\/v2\/media?parent=50771"}],"wp:term":[{"taxonomy":"category","embeddable":true,"href":"https:\/\/alzira.es\/es\/wp-json\/wp\/v2\/categories?post=50771"},{"taxonomy":"post_tag","embeddable":true,"href":"https:\/\/alzira.es\/es\/wp-json\/wp\/v2\/tags?post=50771"}],"curies":[{"name":"wp","href":"https:\/\/api.w.org\/{rel}","templated":true}]}}