{"id":50729,"date":"2020-07-02T10:50:58","date_gmt":"2020-07-02T08:50:58","guid":{"rendered":"https:\/\/alzira.es\/punts-de-recarrega-per-a-cotxes-electrics-3\/"},"modified":"2020-07-02T10:50:58","modified_gmt":"2020-07-02T08:50:58","slug":"punts-de-recarrega-per-a-cotxes-electrics-3","status":"publish","type":"post","link":"https:\/\/alzira.es\/es\/punts-de-recarrega-per-a-cotxes-electrics-3\/","title":{"rendered":"Els punts de rec\u00e0rrega d\u2019Alzira per a cotxes el\u00e8ctrics i h\u00edbrids experimenten un augment en el primer trimestre del 2020"},"content":{"rendered":"<p style=\"text-align: justify;\"><strong>Alzira, 2 de juliol de 2020.-<\/strong> Els vehicles el\u00e8ctrics compten amb un parell de punts de rec\u00e0rrega gratu\u00efts a Alzira des del passat 2018. Des del moment que es van instal\u00b7lar i fins al primer trimestre de l&#8217;any en curs el seu \u00fas s&#8217;ha incrementat, entre els usuaris de vehicles el\u00e8ctrics.<\/p>\n<p style=\"text-align: justify;\">Segons es despr\u00e9n de <strong>l&#8217;informe dels punts de rec\u00e0rrega de vehicles el\u00e8ctrics en el primer trimestre del 2020 s&#8217;han realitzat un total de 242<\/strong>, de les quals 67 corresponen al mes de gener; 109 a febrer; mentre que 66 s\u00f3n les rec\u00e0rregues al mes de mar\u00e7.<\/p>\n<p style=\"text-align: justify;\">El m\u00e0xim de rec\u00e0rregues al dia \u00e9s de 6 i prop de 799 les hores totals d&#8217;ocupaci\u00f3 dels dos <strong>punts de rec\u00e0rrega<\/strong> de la <strong>pla\u00e7a del Regne<\/strong> i del <strong>parc Pere Cresp\u00ed<\/strong>.<\/p>\n<p style=\"text-align: justify;\">Pel que fa als dies de major utilitzaci\u00f3, segons l&#8217;informe, s\u00f3n dijous i divendres, mentre que el diumenge \u00e9s el dia amb menys demanda. Al gener va sumar m\u00e9s rec\u00e0rregues el punt de la pla\u00e7a del Regne, s&#8217;iguala el febrer al d&#8217;utilitzaci\u00f3 del punt de Pere Cresp\u00ed, mentre que el mar\u00e7 ha sigut este \u00faltim el que ha experimentat un major nombre de rec\u00e0rregues.<\/p>\n<p style=\"text-align: justify;\">Pel que fa a la mitjana d&#8217;hores di\u00e0ries, s&#8217;assenyala en l&#8217;informe que \u00e9s de 2,9 hores en la pla\u00e7a del Regne i de 3,5 en Pere Cresp\u00ed, que dona com a resultat un consum el\u00e8ctric de 4.009 kWh en el primer trimestre. Este servei \u00e9s totalment gratu\u00eft per als usuaris. Quant al referent de quil\u00f2metres recorreguts pel total de consum el\u00e8ctric realitzat, fan un total de 26.730.<\/p>\n<p style=\"text-align: justify;\"><strong>Fernando Pascual<\/strong>, regidor de Serveis Urbans, anima els propietaris de cotxes el\u00e8ctrics i h\u00edbrids a utilitzar els punts de rec\u00e0rrega pels avantatges que a\u00e7\u00f2 comporta en la conservaci\u00f3 de la biodiversitat; reducci\u00f3 d&#8217;emissions de CO2 i estalvi econ\u00f2mic a l&#8217;utilitzar energia el\u00e8ctrica davant del combustible. <em>\u00abAlzira va ser una de les ciutats pioneres pel que fa al seu nombre d&#8217;habitants en possibilitar l&#8217;\u00fas de punts de rec\u00e0rrega als usuaris de cotxes el\u00e8ctrics, la qual cosa posiciona la nostra ciutat entre les capdavanteres en accessibilitat i sostenibilitat del territori espanyol\u00bb<\/em>.<\/p>\n<p style=\"text-align: center;\"><img fetchpriority=\"high\" decoding=\"async\" width=\"908\" height=\"2016\" class=\" size-full wp-image-50688\" src=\"https:\/\/alzira.es\/wp-content\/uploads\/2020\/07\/20200702_100034.jpg\" alt=\"20200702 100034\" srcset=\"https:\/\/alzira.es\/wp-content\/uploads\/2020\/07\/20200702_100034.jpg 908w, https:\/\/alzira.es\/wp-content\/uploads\/2020\/07\/20200702_100034-230x510.jpg 230w, https:\/\/alzira.es\/wp-content\/uploads\/2020\/07\/20200702_100034-483x1072.jpg 483w, https:\/\/alzira.es\/wp-content\/uploads\/2020\/07\/20200702_100034-768x1705.jpg 768w, https:\/\/alzira.es\/wp-content\/uploads\/2020\/07\/20200702_100034-692x1536.jpg 692w\" sizes=\"(max-width: 706px) 89vw, (max-width: 767px) 82vw, 740px\" \/><\/p>\n","protected":false},"excerpt":{"rendered":"<p>Alzira, 2 de juliol de 2020.- Els vehicles el\u00e8ctrics compten amb un parell de punts de rec\u00e0rrega gratu\u00efts a Alzira des del passat 2018. Des del moment que es van instal\u00b7lar i fins al primer trimestre de l&#8217;any en curs el seu \u00fas s&#8217;ha incrementat, entre els usuaris de vehicles el\u00e8ctrics. Segons es despr\u00e9n de &hellip; <\/p>\n<p class=\"link-more\"><a href=\"https:\/\/alzira.es\/es\/punts-de-recarrega-per-a-cotxes-electrics-3\/\" class=\"more-link\">Continuar leyendo<span class=\"screen-reader-text\"> \u00abEls punts de rec\u00e0rrega d\u2019Alzira per a cotxes el\u00e8ctrics i h\u00edbrids experimenten un augment en el primer trimestre del 2020\u00bb<\/span><\/a><\/p>\n","protected":false},"author":29,"featured_media":50688,"comment_status":"","ping_status":"","sticky":false,"template":"","format":"standard","meta":{"_acf_changed":false,"footnotes":""},"categories":[],"tags":[],"class_list":["post-50729","post","type-post","status-publish","format-standard","has-post-thumbnail","hentry"],"acf":[],"_links":{"self":[{"href":"https:\/\/alzira.es\/es\/wp-json\/wp\/v2\/posts\/50729","targetHints":{"allow":["GET"]}}],"collection":[{"href":"https:\/\/alzira.es\/es\/wp-json\/wp\/v2\/posts"}],"about":[{"href":"https:\/\/alzira.es\/es\/wp-json\/wp\/v2\/types\/post"}],"author":[{"embeddable":true,"href":"https:\/\/alzira.es\/es\/wp-json\/wp\/v2\/users\/29"}],"replies":[{"embeddable":true,"href":"https:\/\/alzira.es\/es\/wp-json\/wp\/v2\/comments?post=50729"}],"version-history":[{"count":0,"href":"https:\/\/alzira.es\/es\/wp-json\/wp\/v2\/posts\/50729\/revisions"}],"wp:featuredmedia":[{"embeddable":true,"href":"https:\/\/alzira.es\/es\/wp-json\/wp\/v2\/media\/50688"}],"wp:attachment":[{"href":"https:\/\/alzira.es\/es\/wp-json\/wp\/v2\/media?parent=50729"}],"wp:term":[{"taxonomy":"category","embeddable":true,"href":"https:\/\/alzira.es\/es\/wp-json\/wp\/v2\/categories?post=50729"},{"taxonomy":"post_tag","embeddable":true,"href":"https:\/\/alzira.es\/es\/wp-json\/wp\/v2\/tags?post=50729"}],"curies":[{"name":"wp","href":"https:\/\/api.w.org\/{rel}","templated":true}]}}