{"id":50723,"date":"2020-07-01T13:53:27","date_gmt":"2020-07-01T11:53:27","guid":{"rendered":"https:\/\/alzira.es\/dia-internacional-de-orgull-lgtb-3\/"},"modified":"2020-07-01T13:53:27","modified_gmt":"2020-07-01T11:53:27","slug":"dia-internacional-de-orgull-lgtb-3","status":"publish","type":"post","link":"https:\/\/alzira.es\/es\/dia-internacional-de-orgull-lgtb-3\/","title":{"rendered":"Manifest pel 28 de Juny, dia internacional de  l&#8217;orgull LGTB+"},"content":{"rendered":"<p style=\"text-align: justify;\">Aprovada pel plenari de l&#8217;ajuntament el dia 30 de juny per tots els grups amb el vot negatiu del partit pol\u00edtic d&#8217;extrema dreta.<\/p>\n<p style=\"text-align: justify;\">\u00c9s necessari el reconeixement a tots aquells sectors vinculats a les lluites socials, per ser els i les m\u00e0ximes responsables de que ara mateix existisquen certs drets reconeguts a les persones LGTB+ i l&#8217;exist\u00e8ncia d&#8217;iniciatives de les diverses administracions, des de l&#8217;\u00e0mbit municipal a l&#8217;europeu que tenen com a objectiu un comprom\u00eds amb la lluita col\u00b7lectiva per la igualtat i la llibertat de tota la ciutadania.<\/p>\n<p style=\"text-align: justify;\">Aquesta Llei pret\u00e9n superar la hist\u00f2rica invisibilitat i falta de reconeixement dels drets de les persones lesbianes, gais, bisexuals, transsexuals, transg\u00e8nere i intersexuals. La mateixa at\u00e9n i respecta totes les identitats possibles, at\u00e8s que el col\u00b7lectiu LGTB+ no \u00e9s un tot homogeni. Hi realitats diferents i situacions diferents. Conv\u00e9 tenir present l&#8217;especial vulnerabilitat de les persones LGTB+ d&#8217;avan\u00e7ada edat, o les persones migrades o sol\u00b7licitants d&#8217;asil, les que estan privades de llibertat, les que es dediquen al treball sexual, les menors i adolescents, les persones v\u00edctimes de discriminaci\u00f3 m\u00faltiple, com les dones transsexuals i transg\u00e8nere, o les persones bisexuals, invisibilitzades fins a la data.<\/p>\n<p style=\"text-align: justify;\">Per aix\u00f2, aquest any la Federaci\u00f3 Estatal LGTB ha declarat el 2020 com a any tem\u00e0tic <em>\u00abDones LTB: Sororidad i Feminisme\u00bb<\/em>, per visibilitzar la realitat d&#8217;aquestes dones i denunciar l&#8217;opressi\u00f3 de g\u00e8nere que viuen degut a la suma de discriminacions que pateixen per ser, a m\u00e9s de dones, part del col\u00b7lectiu LGTB+ i estar exposades tant a el masclisme i la misog\u00ednia com a la lesbof\u00f2bia, transf\u00f2bia i bif\u00f2bia.<\/p>\n<p style=\"text-align: justify;\">Des de les institucions hem de seguir treballant en favor de la igualtat legal, social i de facto entre totes les persones. Cal impedir que les conviccions morals o ideol\u00f2giques individuals seguisquen posant entrebancs l&#8217;avan\u00e7 de la igualtat, que \u00e9s el cam\u00ed de la democr\u00e0cia. Tot i que la igualtat legal \u00e9s ja una realitat generalitzada, la igualtat social i real del col\u00b7lectiu LGTB+ \u00e9s encara una assignatura pendent que cal abordar amb urg\u00e8ncia i decisi\u00f3. \u00c9s precisament ara quan els governs han de mantenir ferms en l&#8217;estat de dret i els drets humans. Igualment, cal seguir denunciant que encara a dia de hui, m\u00e9s de 70 pa\u00efsos tenen legislacions que persegueixen a les persones LGTB+ i que en 10 d&#8217;ells se les condemna a mort. Reiterem la import\u00e0ncia de denunciar aquesta situaci\u00f3 i de lluitar pels drets de totes les persones, des de la perspectiva que la lluita pels drets LGTB+ \u00e9s la lluita pels drets humans.<\/p>\n<p style=\"text-align: justify;\">Els municipis s\u00f3n els espais m\u00e9s propers a la ciutadania, els quals juguen un paper fonamental en la visiblitzaci\u00f3 del col\u00b7lectiu LGTB+, sent un referent d&#8217;integraci\u00f3 i lluita contra la discriminaci\u00f3. Per aix\u00f2 \u00e9s necessari el nostre comprom\u00eds en donar resposta a la poblaci\u00f3 LGTB+ en tot all\u00f2 que siga de la nostra compet\u00e8ncia.<\/p>\n<p style=\"text-align: justify;\">Perqu\u00e8 LGTBf\u00f2bia, lluny de desapar\u00e9ixer, continua manifestant-se en aules, llars, els centres d&#8217;oci i de treball, als esports, i fins i tot, a les administracions i serveis p\u00fablics.<\/p>\n<p style=\"text-align: justify;\">Aquestes actituds, com veiem, s\u00f3n m\u00e9s acusades en temps de crisi sanit\u00e0ria, econ\u00f2mica i social, on els drets de totes les persones, i especialment, les m\u00e9s estigmatitzades socialment, s\u00f3n vulnerats de manera constant. De nou, aquest 28 de juny, \u00e9s necessari un suport expl\u00edcit a les demandes i necessitats de la poblaci\u00f3 LGTB+.<\/p>\n<p style=\"text-align: justify;\">Per tant, si b\u00e9 cal recon\u00e9ixer l&#8217;exist\u00e8ncia d&#8217;iniciatives de les diverses administracions, de les municipals a la Generalitat, l&#8217;Estat o la Uni\u00f3 Europea, que tenen com a objectiu un comprom\u00eds amb la lluita col\u00b7lectiva per la igualtat i la llibertat de tota la ciutadania, \u00e9s cert que encara queda molt de trajecte per arribar a ser una societat on no es produisca cap tipus de discriminaci\u00f3 per motiu de sexe, identitat de g\u00e8nere o orientaci\u00f3 sexual. Celebrem els avan\u00e7os, sense oblidar que queda molt de cam\u00ed per rec\u00f3rrer.<\/p>\n<p style=\"text-align: justify;\">Per tot aix\u00f2, presentem al Ple de l&#8217;Ajuntament d&#8217;Alzira la proposa d&#8217;adopci\u00f3 dels seg\u00fcents <strong>ACORDS<\/strong>:<\/p>\n<p style=\"text-align: justify;\"><strong>PRIMER<\/strong>.- Realitzar una <strong>den\u00fancia expl\u00edcita contra l&#8217;homof\u00f2bia, lesbof\u00f2bia, bif\u00f2bia i transf\u00f2bia<\/strong>, aix\u00ed com expressar un comprom\u00eds conc\u00eds d&#8217;engegada de mesures per a eradicar aquesta xacra social. Com a mostra p\u00fablica i visible, amb motiu del 28 de juny penjarem al balc\u00f3 de l&#8217;ajuntament la bandera arc iris del moviment LGTB+.<\/p>\n<p style=\"text-align: justify;\"><strong>SEGON<\/strong>.- Continuar treballant i posant en marxa <strong>mesures des de l&#8217;Ajuntament<\/strong> per promoure el respecte i eradicar aquesta xacra social.<\/p>\n<p style=\"text-align: justify;\"><strong>TERCER<\/strong>.- Reivindicar una educaci\u00f3 p\u00fablica, laica, de qualitat i que atenga a la diversitat com a requisit per a <strong>crear un espai educatiu on imperen els valors democr\u00e0tics i de toler\u00e0ncia<\/strong>, on s&#8217;incloga la defensa de la diversitat familiar i la lluita contra qualsevol tipus de discriminaci\u00f3 que puguen patir les fam\u00edlies homoparentals, tant material com simb\u00f2lica.<\/p>\n<p style=\"text-align: justify;\"><strong>QUART<\/strong>.- Expressar un <strong>comprom\u00eds efectiu contra les retallades socials<\/strong>, especialment la prevenci\u00f3 i el tractament del VIH.<\/p>\n<p style=\"text-align: justify;\"><strong>CINQU\u00c9<\/strong>.- Sol\u00b7licitar al Govern de l&#8217;Estat la <strong>despatologitzaci\u00f3 de les identitats trans i intersexuals<\/strong>, sense que els drets sexuals i sanitaris d&#8217;aquestes persones es vegen perjudicats.<\/p>\n<p style=\"text-align: justify;\"><strong>SIS\u00c9<\/strong>.- Sol\u00b7licitar al Govern de l&#8217;Estat l&#8217;aprovaci\u00f3 de la <strong>Llei integral LGTBI+<\/strong> que incloga la prohibici\u00f3 de les anomenades ter\u00e0pies de reversi\u00f3 i que siga efectiva per a eradicar totes les formes de discriminaci\u00f3 cap a les persones transsexuals en tots els \u00e0mbits.<\/p>\n<p style=\"text-align: justify;\"><strong>SET\u00c9<\/strong>.- Instar al govern de la Generalitat i d&#8217;Espanya, a impulsar i enfortir un marc integral legislatiu i pol\u00edtic que eradique els discursos i els delictes d&#8217;odi per a garantir la protecci\u00f3 dels drets i llibertats de totes les persones, amb independ\u00e8ncia de les seues circumst\u00e0ncies personals o socials, i sobre tot incidint en grups d&#8217;especial protecci\u00f3.<\/p>\n<p style=\"text-align: justify;\"><strong>VUIT\u00c9<\/strong>.- Aquesta moci\u00f3 es far\u00e0 arribar als grups pol\u00edtics de les Corts Valencianes, a la Presid\u00e8ncia del Govern central i al Ministeri d&#8217;Igualtat.<\/p>\n<p style=\"text-align: center;\"><a class=\"jcepopup\" href=\"https:\/\/alzira.es\/wp-content\/uploads\/2020\/07\/Concentracio_Orgull_LGTB__2020_1.jpeg\" target=\"_blank\" rel=\"noopener\"><img fetchpriority=\"high\" decoding=\"async\" class=\" size-full wp-image-50675\" src=\"https:\/\/alzira.es\/wp-content\/uploads\/2020\/07\/Concentracio_Orgull_LGTB__2020_1.jpeg\" alt=\"Concentraci\u00f3 Orgull LGTB  2020 1\" width=\"356\" height=\"267\" srcset=\"https:\/\/alzira.es\/wp-content\/uploads\/2020\/07\/Concentracio_Orgull_LGTB__2020_1.jpeg 2000w, https:\/\/alzira.es\/wp-content\/uploads\/2020\/07\/Concentracio_Orgull_LGTB__2020_1-680x510.jpeg 680w, https:\/\/alzira.es\/wp-content\/uploads\/2020\/07\/Concentracio_Orgull_LGTB__2020_1-1430x1072.jpeg 1430w, https:\/\/alzira.es\/wp-content\/uploads\/2020\/07\/Concentracio_Orgull_LGTB__2020_1-768x576.jpeg 768w, https:\/\/alzira.es\/wp-content\/uploads\/2020\/07\/Concentracio_Orgull_LGTB__2020_1-1536x1152.jpeg 1536w\" sizes=\"(max-width: 356px) 100vw, 356px\" \/><\/a>&nbsp;<a class=\"jcepopup\" style=\"font-size: 14.4px; text-align: center;\" type=\"image\" href=\"https:\/\/alzira.es\/wp-content\/uploads\/2020\/07\/Concentracio_Orgull_LGTB__2200_2.jpeg\" target=\"_blank\" rel=\"noopener\"><img decoding=\"async\" class=\"size-full wp-image-50678 lazyload\" data-src=\"https:\/\/alzira.es\/wp-content\/uploads\/2020\/07\/Concentracio_Orgull_LGTB__2200_2.jpeg\" alt=\"Concentraci\u00f3 Orgull LGTB  2200 2\" width=\"356\" height=\"267\" data-srcset=\"https:\/\/alzira.es\/wp-content\/uploads\/2020\/07\/Concentracio_Orgull_LGTB__2200_2.jpeg 2000w, https:\/\/alzira.es\/wp-content\/uploads\/2020\/07\/Concentracio_Orgull_LGTB__2200_2-680x510.jpeg 680w, https:\/\/alzira.es\/wp-content\/uploads\/2020\/07\/Concentracio_Orgull_LGTB__2200_2-1430x1072.jpeg 1430w, https:\/\/alzira.es\/wp-content\/uploads\/2020\/07\/Concentracio_Orgull_LGTB__2200_2-768x576.jpeg 768w, https:\/\/alzira.es\/wp-content\/uploads\/2020\/07\/Concentracio_Orgull_LGTB__2200_2-1536x1152.jpeg 1536w\" data-sizes=\"(max-width: 356px) 100vw, 356px\" src=\"data:image\/svg+xml;base64,PHN2ZyB3aWR0aD0iMSIgaGVpZ2h0PSIxIiB4bWxucz0iaHR0cDovL3d3dy53My5vcmcvMjAwMC9zdmciPjwvc3ZnPg==\" style=\"--smush-placeholder-width: 356px; --smush-placeholder-aspect-ratio: 356\/267;\" \/><\/a>&nbsp;<a class=\"jcepopup\" style=\"font-size: 14.4px; text-align: center;\" type=\"image\" href=\"https:\/\/alzira.es\/wp-content\/uploads\/2020\/07\/Concentracio_Orgull_LGTB__2020_3.jpg\" target=\"_blank\" rel=\"noopener\"><img decoding=\"async\" class=\"size-full wp-image-50681 lazyload\" data-src=\"https:\/\/alzira.es\/wp-content\/uploads\/2020\/07\/Concentracio_Orgull_LGTB__2020_3.jpg\" alt=\"Concentraci\u00f3 Orgull LGTB  2020 3\" width=\"401\" height=\"267\" src=\"data:image\/svg+xml;base64,PHN2ZyB3aWR0aD0iMSIgaGVpZ2h0PSIxIiB4bWxucz0iaHR0cDovL3d3dy53My5vcmcvMjAwMC9zdmciPjwvc3ZnPg==\" style=\"--smush-placeholder-width: 401px; --smush-placeholder-aspect-ratio: 401\/267;\" \/><\/a><\/p>\n","protected":false},"excerpt":{"rendered":"<p>Aprovada pel plenari de l&#8217;ajuntament el dia 30 de juny per tots els grups amb el vot negatiu del partit pol\u00edtic d&#8217;extrema dreta. \u00c9s necessari el reconeixement a tots aquells sectors vinculats a les lluites socials, per ser els i les m\u00e0ximes responsables de que ara mateix existisquen certs drets reconeguts a les persones LGTB+ &hellip; <\/p>\n<p class=\"link-more\"><a href=\"https:\/\/alzira.es\/es\/dia-internacional-de-orgull-lgtb-3\/\" class=\"more-link\">Continuar leyendo<span class=\"screen-reader-text\"> \u00abManifest pel 28 de Juny, dia internacional de  l&#8217;orgull LGTB+\u00bb<\/span><\/a><\/p>\n","protected":false},"author":29,"featured_media":50675,"comment_status":"","ping_status":"","sticky":false,"template":"","format":"standard","meta":{"_acf_changed":false,"footnotes":""},"categories":[],"tags":[],"class_list":["post-50723","post","type-post","status-publish","format-standard","has-post-thumbnail","hentry"],"acf":[],"_links":{"self":[{"href":"https:\/\/alzira.es\/es\/wp-json\/wp\/v2\/posts\/50723","targetHints":{"allow":["GET"]}}],"collection":[{"href":"https:\/\/alzira.es\/es\/wp-json\/wp\/v2\/posts"}],"about":[{"href":"https:\/\/alzira.es\/es\/wp-json\/wp\/v2\/types\/post"}],"author":[{"embeddable":true,"href":"https:\/\/alzira.es\/es\/wp-json\/wp\/v2\/users\/29"}],"replies":[{"embeddable":true,"href":"https:\/\/alzira.es\/es\/wp-json\/wp\/v2\/comments?post=50723"}],"version-history":[{"count":0,"href":"https:\/\/alzira.es\/es\/wp-json\/wp\/v2\/posts\/50723\/revisions"}],"wp:featuredmedia":[{"embeddable":true,"href":"https:\/\/alzira.es\/es\/wp-json\/wp\/v2\/media\/50675"}],"wp:attachment":[{"href":"https:\/\/alzira.es\/es\/wp-json\/wp\/v2\/media?parent=50723"}],"wp:term":[{"taxonomy":"category","embeddable":true,"href":"https:\/\/alzira.es\/es\/wp-json\/wp\/v2\/categories?post=50723"},{"taxonomy":"post_tag","embeddable":true,"href":"https:\/\/alzira.es\/es\/wp-json\/wp\/v2\/tags?post=50723"}],"curies":[{"name":"wp","href":"https:\/\/api.w.org\/{rel}","templated":true}]}}