{"id":50712,"date":"2020-07-01T13:01:32","date_gmt":"2020-07-01T11:01:32","guid":{"rendered":"https:\/\/alzira.es\/devolucio-abonaments-piscina-3\/"},"modified":"2020-07-01T13:01:32","modified_gmt":"2020-07-01T11:01:32","slug":"devolucio-abonaments-piscina-3","status":"publish","type":"post","link":"https:\/\/alzira.es\/es\/devolucio-abonaments-piscina-3\/","title":{"rendered":"Alzira acorda  la devoluci\u00f3 dels abonaments als usuaris de la Piscina Coberta Municipal, que ascendix a 83.694 euros"},"content":{"rendered":"<p style=\"text-align: justify;\"><strong>Alzira, 1 de juliol de 2020.-<\/strong> Les restriccions sanit\u00e0ries derivades de la pand\u00e8mia de la Covid-19 no han perm\u00e9s que els usuaris de la Piscina Coberta Municipal pogueren fer \u00fas de les instal\u00b7lacions amb normalitat, per la qual cosa no han pogut disfrutar dels servicis esportius contractats en les diverses modalitats. En alguns casos, algunes setmanes i en altres, al llarg de diversos mesos.<\/p>\n<p style=\"text-align: justify;\">Des de la Regidoria d&#8217;Esports i per tal de compensar els usuaris es far\u00e0 la devoluci\u00f3 dels servicis no disfrutats i que ascendixen a un total de 83.694 euros, a distribuir proporcionalment entre les distintes modalitats de les instal\u00b7lacions de la piscina: abonats, usuaris de cursos de nataci\u00f3, usuaris d&#8217;activitats en sec, i usuaris de l&#8217;escola de p\u00e0del Ven\u00e8cia.<\/p>\n<p style=\"text-align: justify;\"><strong>Fernando Pascual<\/strong>, regidor d&#8217;Esports, ha manifestat que <em>\u00abla devoluci\u00f3 compr\u00e9n el per\u00edode entre el 13 de mar\u00e7 i el 31 de juliol, ja que com que no es pot oferir el servici als usuaris des de l&#8217;\u00e0rea d&#8217;Esports s&#8217;ha pres la decisi\u00f3 de fer-los l&#8217;abonament del que tenien contractat\u00bb<\/em>.<\/p>\n<p style=\"text-align: justify;\">\u00c9s la manera de compensar els usuaris per les mol\u00e8sties ocasionades pel for\u00e7\u00f3s tancament de les instal\u00b7lacions esportives a causa de la Covid-19.<\/p>\n<p style=\"text-align: justify;\"><em>\u00abA Alzira, i des de la Regidoria d&#8217;Esports, tenim com a prioritat afavorir la pr\u00e0ctica esportiva i per aix\u00f2 no hem dubtat a fer costat als usuaris\u00bb<\/em>, segons el regidor.<\/p>\n<p style=\"text-align: justify;\">Tots els servicis que s&#8217;han anat obrint al llarg d&#8217;estes setmanes de desescalada compten amb totes les mesures de seguretat i restriccions marcades pel Ministeri de Sanitat per tal de vetlar per la seguretat de totes i tots, alhora que afavorir l&#8217;activitat f\u00edsica.<\/p>\n<p style=\"text-align: center;\"><img fetchpriority=\"high\" decoding=\"async\" width=\"600\" height=\"450\" class=\" size-full wp-image-50666\" src=\"https:\/\/alzira.es\/wp-content\/uploads\/2020\/07\/Piscina-Alzira.jpg\" alt=\"Piscina-Alzira\" \/><\/p>\n","protected":false},"excerpt":{"rendered":"<p>Alzira, 1 de juliol de 2020.- Les restriccions sanit\u00e0ries derivades de la pand\u00e8mia de la Covid-19 no han perm\u00e9s que els usuaris de la Piscina Coberta Municipal pogueren fer \u00fas de les instal\u00b7lacions amb normalitat, per la qual cosa no han pogut disfrutar dels servicis esportius contractats en les diverses modalitats. En alguns casos, algunes &hellip; <\/p>\n<p class=\"link-more\"><a href=\"https:\/\/alzira.es\/es\/devolucio-abonaments-piscina-3\/\" class=\"more-link\">Continuar leyendo<span class=\"screen-reader-text\"> \u00abAlzira acorda  la devoluci\u00f3 dels abonaments als usuaris de la Piscina Coberta Municipal, que ascendix a 83.694 euros\u00bb<\/span><\/a><\/p>\n","protected":false},"author":29,"featured_media":50666,"comment_status":"","ping_status":"","sticky":false,"template":"","format":"standard","meta":{"_acf_changed":false,"footnotes":""},"categories":[],"tags":[],"class_list":["post-50712","post","type-post","status-publish","format-standard","has-post-thumbnail","hentry"],"acf":[],"_links":{"self":[{"href":"https:\/\/alzira.es\/es\/wp-json\/wp\/v2\/posts\/50712","targetHints":{"allow":["GET"]}}],"collection":[{"href":"https:\/\/alzira.es\/es\/wp-json\/wp\/v2\/posts"}],"about":[{"href":"https:\/\/alzira.es\/es\/wp-json\/wp\/v2\/types\/post"}],"author":[{"embeddable":true,"href":"https:\/\/alzira.es\/es\/wp-json\/wp\/v2\/users\/29"}],"replies":[{"embeddable":true,"href":"https:\/\/alzira.es\/es\/wp-json\/wp\/v2\/comments?post=50712"}],"version-history":[{"count":0,"href":"https:\/\/alzira.es\/es\/wp-json\/wp\/v2\/posts\/50712\/revisions"}],"wp:featuredmedia":[{"embeddable":true,"href":"https:\/\/alzira.es\/es\/wp-json\/wp\/v2\/media\/50666"}],"wp:attachment":[{"href":"https:\/\/alzira.es\/es\/wp-json\/wp\/v2\/media?parent=50712"}],"wp:term":[{"taxonomy":"category","embeddable":true,"href":"https:\/\/alzira.es\/es\/wp-json\/wp\/v2\/categories?post=50712"},{"taxonomy":"post_tag","embeddable":true,"href":"https:\/\/alzira.es\/es\/wp-json\/wp\/v2\/tags?post=50712"}],"curies":[{"name":"wp","href":"https:\/\/api.w.org\/{rel}","templated":true}]}}