{"id":50711,"date":"2020-07-02T13:00:18","date_gmt":"2020-07-02T11:00:18","guid":{"rendered":"https:\/\/alzira.es\/educacio-convoca-les-ajudes-del-bo-infantil\/"},"modified":"2020-07-02T13:00:18","modified_gmt":"2020-07-02T11:00:18","slug":"educacio-convoca-les-ajudes-del-bo-infantil","status":"publish","type":"post","link":"https:\/\/alzira.es\/es\/educacio-convoca-les-ajudes-del-bo-infantil\/","title":{"rendered":"Educaci\u00f3 convoca les ajudes del bo infantil"},"content":{"rendered":"<p style=\"margin-top: 1em; margin-bottom: 1em; padding: 0px; line-height: 1.25em; text-align: justify; color: #565353; font-family: Roboto, Arial, Helvetica, Verdana, sans-serif; font-size: 13.2px;\"><span style=\"font-size: 12pt;\">La Conselleria d&#8217;Educaci\u00f3, Cultura i Esport ha publicat en el Diari Oficial de la Generalitat Valenciana la convocat\u00f2ria d&#8217;ajudes del bo infantil per a fam\u00edlies que escolaritzen els fills i filles de 0 a 3 anys en escoletes infantils de titularitat privada i en els trams 0-1 i 1-2 de les escoletes municipals.<\/span><\/p>\n<p style=\"margin-top: 1em; margin-bottom: 1em; padding: 0px; line-height: 1.25em; text-align: justify; color: #565353; font-family: Roboto, Arial, Helvetica, Verdana, sans-serif; font-size: 13.2px;\"><span style=\"font-size: 12pt;\"><strong>Les fam\u00edlies tenen de termini per a presentar la sol\u00b7licitud del 3 al 23 de julio<\/strong>l. La convocat\u00f2ria del DOGV es pot consultar en l&#8217;enlla\u00e7 seg\u00fcent:&nbsp;<a style=\"margin: 0px; padding: 0px; border: 0px; font: inherit; vertical-align: baseline; color: #575353;\" href=\"http:\/\/www.dogv.gva.es\/datos\/2020\/07\/02\/pdf\/2020_5121.pdf\" target=\"_blank\" rel=\"noopener\">consultar ac\u00ed<\/a>.<\/span><\/p>\n<p style=\"margin-top: 1em; margin-bottom: 1em; padding: 0px; line-height: 1.25em; text-align: justify; color: #565353; font-family: Roboto, Arial, Helvetica, Verdana, sans-serif; font-size: 13.2px;\"><span style=\"font-size: 12pt;\">La Conselleria d&#8217;Educaci\u00f3 destina un total de 55,5 milions d&#8217;euros en ajudes econ\u00f2miques per al bo infantil durant el curs escolar 2020-2021. Es mant\u00e9 aix\u00ed la inversi\u00f3 per a aquesta l\u00ednia d&#8217;ajudes que el curs passat es va incrementar un 20,6 %.<\/span><\/p>\n<p style=\"margin-top: 1em; margin-bottom: 1em; padding: 0px; line-height: 1.25em; text-align: justify; color: #565353; font-family: Roboto, Arial, Helvetica, Verdana, sans-serif; font-size: 13.2px;\"><span style=\"font-size: 12pt;\">L&#8217;alumnat beneficiari d&#8217;aquesta subvenci\u00f3 seran els xiquets i xiquetes de 0 a 3 anys matriculats en centres privats de primer cicle d&#8217;Educaci\u00f3 Infantil, aix\u00ed com l&#8217;alumnat de 0-1 i 0-2 anys matriculat en escoles municipals valencianes per al curs 2020-2021. L&#8217;alumnat haur\u00e0 d&#8217;haver nascut o estar previst que nasca amb anterioritat al 31 de desembre de 2020.<\/span><\/p>\n<p style=\"margin-top: 1em; margin-bottom: 1em; padding: 0px; line-height: 1.25em; text-align: justify; color: #565353; font-family: Roboto, Arial, Helvetica, Verdana, sans-serif; font-size: 13.2px;\"><span style=\"font-size: 12pt;\">A m\u00e9s, cal recordar que l&#8217;alumnat del tram 2-3 anys de les escoletes municipals disposa d&#8217;aules gratu\u00eftes, igual que les escoletes de la Generalitat Valenciana en el tram 0-3 i les aules de 2 anys establides en centres educatius d&#8217;Infantil i Prim\u00e0ria.<\/span><\/p>\n<p style=\"margin-top: 1em; margin-bottom: 1em; padding: 0px; line-height: 1.25em; text-align: justify; color: #565353; font-family: Roboto, Arial, Helvetica, Verdana, sans-serif; font-size: 13.2px;\"><span style=\"font-size: 12pt;\">&nbsp;<\/span><\/p>\n<p style=\"margin-top: 1em; margin-bottom: 1em; padding: 0px; line-height: 1.25em; text-align: justify; color: #565353; font-family: Roboto, Arial, Helvetica, Verdana, sans-serif; font-size: 13.2px;\"><span style=\"font-size: 12pt;\"><strong>Presentaci\u00f3 de sol\u00b7licituds del bo infantil<\/strong><\/span><\/p>\n<p style=\"margin-top: 1em; margin-bottom: 1em; padding: 0px; line-height: 1.25em; text-align: justify; color: #565353; font-family: Roboto, Arial, Helvetica, Verdana, sans-serif; font-size: 13.2px;\"><span style=\"font-size: 12pt;\">Les fam\u00edlies de l&#8217;alumnat de 0 a 3 anys matriculat en centres de primer cicle d&#8217;Educaci\u00f3 Infantil privats de 0 a 3 i de 0 a 2 anys matriculat en escoletes municipals poden presentar la sol\u00b7licitud del 3 al 23 de juliol a trav\u00e9s de l&#8217;apartat &#8216;Beques, ajudes i subvencions&#8217; de la seu electr\u00f2nica de la Generalitat (<a style=\"margin: 0px; padding: 0px; border: 0px; font: inherit; vertical-align: baseline; color: #575353;\" href=\"https:\/\/sede.gva.es\/\" target=\"_blank\" rel=\"noopener\">consultar ac\u00ed<\/a>) o directament des de l&#8217;enlla\u00e7 seg\u00fcent:&nbsp;<a style=\"margin: 0px; padding: 0px; border: 0px; font: inherit; vertical-align: baseline; color: #575353;\" href=\"http:\/\/www.ceice.gva.es\/va\/web\/centros-docentes\/ayudas\/subvenciones\/educacion-infantil-primer-ciclo\" target=\"_blank\" rel=\"noopener\">consultar ac\u00ed<\/a>.<\/span><\/p>\n<p style=\"margin-top: 1em; margin-bottom: 1em; padding: 0px; line-height: 1.25em; text-align: justify; color: #565353; font-family: Roboto, Arial, Helvetica, Verdana, sans-serif; font-size: 13.2px;\"><span style=\"font-size: 12pt;\">Les fam\u00edlies que sol\u00b7liciten l&#8217;ajuda hauran de signar les sol\u00b7licituds manualment i lliurar-les, juntament amb la documentaci\u00f3 requerida, al centre en qu\u00e8 estiga matriculat el fill o filla.<\/span><\/p>\n<p style=\"margin-top: 1em; margin-bottom: 1em; padding: 0px; line-height: 1.25em; text-align: justify; color: #565353; font-family: Roboto, Arial, Helvetica, Verdana, sans-serif; font-size: 13.2px;\"><span style=\"font-size: 12pt;\">Aquells sol\u00b7licitants que ja s&#8217;han beneficiat del bo infantil en cursos anteriors nom\u00e9s hauran de lliurar la sol\u00b7licitud. No obstant aix\u00f2, en els casos en qu\u00e8 la situaci\u00f3 familiar haja variat respecte del curs anterior, tamb\u00e9 s&#8217;haur\u00e0 de lliurar la documentaci\u00f3 preceptiva.<\/span><\/p>\n<p style=\"margin-top: 1em; margin-bottom: 1em; padding: 0px; line-height: 1.25em; text-align: justify; color: #565353; font-family: Roboto, Arial, Helvetica, Verdana, sans-serif; font-size: 13.2px;\"><span style=\"font-size: 12pt;\">Aix\u00ed, es mantenen per al pr\u00f2xim curs els m\u00ednims i m\u00e0xims d&#8217;ajuda per al tram de 2 a 3 anys que van ser incrementats el curs passat. Per tant, l&#8217;import m\u00ednim mensual ser\u00e0 de 90 euros i l&#8217;import m\u00e0xim ser\u00e0 de 180 euros.<\/span><\/p>\n<p style=\"margin-top: 1em; margin-bottom: 1em; padding: 0px; line-height: 1.25em; text-align: justify; color: #565353; font-family: Roboto, Arial, Helvetica, Verdana, sans-serif; font-size: 13.2px;\"><span style=\"font-size: 12pt;\">Educaci\u00f3 tindr\u00e0 en compte la renda familiar com a criteri principal per a la concessi\u00f3 de les ajudes. L&#8217;import de l&#8217;ajuda que corresponga a cada fam\u00edlia es determinar\u00e0 en funci\u00f3 de la renda &#8216;per capita&#8217; familiar de l&#8217;exercici 2018. Tota la informaci\u00f3 respecte al bo infantil es pot trobar en l&#8217;enlla\u00e7 seg\u00fcent:&nbsp;<a style=\"margin: 0px; padding: 0px; border: 0px; font: inherit; vertical-align: baseline; color: #575353;\" href=\"http:\/\/ow.ly\/AZBs30oVB7d\" target=\"_blank\" rel=\"noopener\">consultar ac\u00ed<\/a>.<\/span><\/p>\n","protected":false},"excerpt":{"rendered":"<p>La Conselleria d&#8217;Educaci\u00f3, Cultura i Esport ha publicat en el Diari Oficial de la Generalitat Valenciana la convocat\u00f2ria d&#8217;ajudes del bo infantil per a fam\u00edlies que escolaritzen els fills i filles de 0 a 3 anys en escoletes infantils de titularitat privada i en els trams 0-1 i 1-2 de les escoletes municipals. Les fam\u00edlies &hellip; <\/p>\n<p class=\"link-more\"><a href=\"https:\/\/alzira.es\/es\/educacio-convoca-les-ajudes-del-bo-infantil\/\" class=\"more-link\">Continuar leyendo<span class=\"screen-reader-text\"> \u00abEducaci\u00f3 convoca les ajudes del bo infantil\u00bb<\/span><\/a><\/p>\n","protected":false},"author":20,"featured_media":0,"comment_status":"","ping_status":"","sticky":false,"template":"","format":"standard","meta":{"_acf_changed":false,"footnotes":""},"categories":[],"tags":[],"class_list":["post-50711","post","type-post","status-publish","format-standard","hentry"],"acf":[],"_links":{"self":[{"href":"https:\/\/alzira.es\/es\/wp-json\/wp\/v2\/posts\/50711","targetHints":{"allow":["GET"]}}],"collection":[{"href":"https:\/\/alzira.es\/es\/wp-json\/wp\/v2\/posts"}],"about":[{"href":"https:\/\/alzira.es\/es\/wp-json\/wp\/v2\/types\/post"}],"author":[{"embeddable":true,"href":"https:\/\/alzira.es\/es\/wp-json\/wp\/v2\/users\/20"}],"replies":[{"embeddable":true,"href":"https:\/\/alzira.es\/es\/wp-json\/wp\/v2\/comments?post=50711"}],"version-history":[{"count":0,"href":"https:\/\/alzira.es\/es\/wp-json\/wp\/v2\/posts\/50711\/revisions"}],"wp:attachment":[{"href":"https:\/\/alzira.es\/es\/wp-json\/wp\/v2\/media?parent=50711"}],"wp:term":[{"taxonomy":"category","embeddable":true,"href":"https:\/\/alzira.es\/es\/wp-json\/wp\/v2\/categories?post=50711"},{"taxonomy":"post_tag","embeddable":true,"href":"https:\/\/alzira.es\/es\/wp-json\/wp\/v2\/tags?post=50711"}],"curies":[{"name":"wp","href":"https:\/\/api.w.org\/{rel}","templated":true}]}}