{"id":50710,"date":"2020-07-02T13:00:18","date_gmt":"2020-07-02T11:00:18","guid":{"rendered":"https:\/\/alzira.es\/educacion-convoca-las-ayudas-del-bono-infantil\/"},"modified":"2020-07-02T13:00:18","modified_gmt":"2020-07-02T11:00:18","slug":"educacion-convoca-las-ayudas-del-bono-infantil","status":"publish","type":"post","link":"https:\/\/alzira.es\/es\/educacion-convoca-las-ayudas-del-bono-infantil\/","title":{"rendered":"Educaci\u00f3n convoca las ayudas del bono infantil"},"content":{"rendered":"<p>La Conselleria de Educaci\u00f3n, Cultura y Deporte ha publicado en el Diari Oficial de la Generalitat Valenciana la convocatoria de ayudas del bono infantil para familias que escolarizan sus hijos e hijas de 0 a 3 a\u00f1os en escuelas infantiles de titularidad privada y en los tramos 0-1 y 1-2 de las escuelas municipales.<\/p>\n<p><strong>Las familias tienen de plazo para presentar la solicitud del 3 al 23 de julio.<\/strong> La convocatoria del DOGV se puede consultar en el siguiente enlace: <a href=\"http:\/\/www.dogv.gva.es\/datos\/2020\/07\/02\/pdf\/2020_5121.pdf\" target=\"_blank\" rel=\"noopener\">consultar aqu\u00ed.<\/a><\/p>\n<p>La Conselleria de Educaci\u00f3n destina un total de 55,5 millones de euros en ayudas econ\u00f3micas para el bono infantil durante el curso escolar 2020-2021. Se mantiene as\u00ed la inversi\u00f3n para esta l\u00ednea de ayudas que el curso pasado se increment\u00f3 un 20,6 %.<\/p>\n<p>El alumnado beneficiario de esta subvenci\u00f3n ser\u00e1n los ni\u00f1os y ni\u00f1as de 0 a 3 a\u00f1os matriculados en centros privados de primer ciclo de Educaci\u00f3n Infantil, as\u00ed como el alumnado de 0-1 y 0-2 a\u00f1os matriculado en escuelas municipales valencianas para el curso 2020-2021. El alumnado deber\u00e1 haber nacido o estar previsto que nazca con anterioridad al 31 de diciembre de 2020.<\/p>\n<p>Adem\u00e1s, hay que recordar que el alumnado del tramo 2-3 a\u00f1os de las escuelas municipales dispone de aulas gratuitas, igual que las escuelas de la Generalitat Valenciana en el tramo 0-3 y las aulas de 2 a\u00f1os establecidas en centros educativos de Infantil y Primaria.<\/p>\n<p><strong>Presentaci\u00f3n de solicitudes del bono infantil<\/strong><\/p>\n<p>Las familias del alumnado de 0 a 3 a\u00f1os matriculado en centros de primer ciclo de Educaci\u00f3n Infantil privados de 0 a 3 y de 0 a 2 a\u00f1os matriculado en escuelas municipales pueden presentar la solicitud del 3 al 23 de julio a trav\u00e9s del apartado &#8216;Becas, ayudas y subvenciones&#8217; de la sede electr\u00f3nica de la Generalitat (<a href=\"https:\/\/sede.gva.es\/va\/web\/sede_electronica\/inicio\" target=\"_blank\" rel=\"noopener\">consultar aqu\u00ed<\/a>) o directamente des del enlace siguiente: <a href=\"http:\/\/www.ceice.gva.es\/es\/web\/centros-docentes\/ayudas\/subvenciones\/educacion-infantil-primer-ciclo\" target=\"_blank\" rel=\"noopener\">consultar aqu\u00ed.<\/a><\/p>\n<p>Las familias que solicitan la ayuda deber\u00e1n firmar las solicitudes manualmente y entregarlas, junto a la documentaci\u00f3n requerida, en el centro en que est\u00e9 matriculado el hijo o hija.<\/p>\n<p>Aquellos solicitantes que ya se han beneficiado del bono infantil en cursos anteriores solo deber\u00e1n entregar la solicitud. No obstante, en los casos en que la situaci\u00f3n familiar haya variado respecto del curso anterior, tambi\u00e9n se deber\u00e1 entregar la documentaci\u00f3n preceptiva.<\/p>\n<p>As\u00ed, se mantienen para el pr\u00f3ximo curso los m\u00ednimos y m\u00e1ximos de ayuda para el tramo de 2 a 3 a\u00f1os que fueron incrementados el curso pasado. Por tanto, el importe m\u00ednimo mensual ser\u00e1 de 90 euros y el importe m\u00e1ximo ser\u00e1 de 180 euros.<\/p>\n<p>Educaci\u00f3n tendr\u00e1 en cuenta la renta familiar como criterio principal para la concesi\u00f3n de las ayudas. El importe de la ayuda a que corresponda a cada familia se determinar\u00e1 en funci\u00f3n de la renta &#8216;per capita&#8217; familiar del ejercicio 2018. Toda la informaci\u00f3n con respecto al bono infantil se puede encontrar en el siguiente enlace: <a href=\"http:\/\/www.ceice.gva.es\/es\/web\/centros-docentes\/ayudas\/subvenciones\/educacion-infantil-primer-ciclo\" target=\"_blank\" rel=\"noopener\">consultar aqu\u00ed.<\/a><\/p>\n","protected":false},"excerpt":{"rendered":"<p>La Conselleria de Educaci\u00f3n, Cultura y Deporte ha publicado en el Diari Oficial de la Generalitat Valenciana la convocatoria de ayudas del bono infantil para familias que escolarizan sus hijos e hijas de 0 a 3 a\u00f1os en escuelas infantiles de titularidad privada y en los tramos 0-1 y 1-2 de las escuelas municipales. Las &hellip; <\/p>\n<p class=\"link-more\"><a href=\"https:\/\/alzira.es\/es\/educacion-convoca-las-ayudas-del-bono-infantil\/\" class=\"more-link\">Continuar leyendo<span class=\"screen-reader-text\"> \u00abEducaci\u00f3n convoca las ayudas del bono infantil\u00bb<\/span><\/a><\/p>\n","protected":false},"author":20,"featured_media":0,"comment_status":"","ping_status":"","sticky":false,"template":"","format":"standard","meta":{"_acf_changed":false,"footnotes":""},"categories":[],"tags":[],"class_list":["post-50710","post","type-post","status-publish","format-standard","hentry"],"acf":[],"_links":{"self":[{"href":"https:\/\/alzira.es\/es\/wp-json\/wp\/v2\/posts\/50710","targetHints":{"allow":["GET"]}}],"collection":[{"href":"https:\/\/alzira.es\/es\/wp-json\/wp\/v2\/posts"}],"about":[{"href":"https:\/\/alzira.es\/es\/wp-json\/wp\/v2\/types\/post"}],"author":[{"embeddable":true,"href":"https:\/\/alzira.es\/es\/wp-json\/wp\/v2\/users\/20"}],"replies":[{"embeddable":true,"href":"https:\/\/alzira.es\/es\/wp-json\/wp\/v2\/comments?post=50710"}],"version-history":[{"count":0,"href":"https:\/\/alzira.es\/es\/wp-json\/wp\/v2\/posts\/50710\/revisions"}],"wp:attachment":[{"href":"https:\/\/alzira.es\/es\/wp-json\/wp\/v2\/media?parent=50710"}],"wp:term":[{"taxonomy":"category","embeddable":true,"href":"https:\/\/alzira.es\/es\/wp-json\/wp\/v2\/categories?post=50710"},{"taxonomy":"post_tag","embeddable":true,"href":"https:\/\/alzira.es\/es\/wp-json\/wp\/v2\/tags?post=50710"}],"curies":[{"name":"wp","href":"https:\/\/api.w.org\/{rel}","templated":true}]}}