{"id":50704,"date":"2020-07-02T11:10:24","date_gmt":"2020-07-02T09:10:24","guid":{"rendered":"https:\/\/alzira.es\/pla-d-ocupacio-social-covid-19-per-alzira\/"},"modified":"2020-07-02T11:10:24","modified_gmt":"2020-07-02T09:10:24","slug":"pla-d-ocupacio-social-covid-19-per-alzira","status":"publish","type":"post","link":"https:\/\/alzira.es\/es\/pla-d-ocupacio-social-covid-19-per-alzira\/","title":{"rendered":"Pla de ocupaci\u00f3n social COVID-19 por Alzira"},"content":{"rendered":"<p>Quieres trabajar a alg\u00fan departamento del Ayuntamiento de Alzira durante un periodo de 6 meses?<\/p>\n<p>IDEA Alzira pone en marcha el Plan de ocupaci\u00f3n social covid-19 por Alzira, modalidad calificados.<\/p>\n<p>Los lugares a cubrir se corresponder\u00e1n con las categor\u00edas de oficial FPI, FPII y Grau de acuerdo con las necesidades a cubrir en el Ayuntamiento de Alzira.<\/p>\n<p>Si quieres inscribirte puedes hacerlo a trav\u00e9s del punto habilitado en el edificio de IDEA o a trav\u00e9s de la Sede Electr\u00f3nica: <strong>https:\/\/sedeelectronica.alzira.es\/&#8230;\/in&#8230;\/se\/sede-electronica\/<\/strong><\/p>\n<p>Puedes consultar las bases en el web y redes de IDEA Alzira y del Ayuntamiento de Alzira.<\/p>\n<p><strong>https:\/\/www.idea-alzira.com\/pla-ocupaci-covid19-per-alzira<\/strong><\/p>\n<p><strong><a href=\"index.php\/val\" rel=\"nofollow noopener\" target=\"_blank\">www.alzira.es<\/a><\/strong><\/p>\n<p>Recuerda pedir cita previa al 96 245 51 01.<\/p>\n<p>Ven con mascarilla y respeta las medidas de seguridad frente al covid-19.<\/p>\n<p>En IDEA Alzira, estem per tu<br \/>Ajuntament d&#8217;Alzira<br \/>#IdeaOcupaci\u00f3 #IdeaFoment #EstemPerTu<\/p>\n<p style=\"text-align: center;\"><a class=\"jcepopup\" href=\"https:\/\/alzira.es\/wp-content\/uploads\/2020\/07\/POS-COVID-19_11.jpeg\" target=\"_blank\" rel=\"noopener\"><img decoding=\"async\" class=\"size-full wp-image-50693 lazyload\" data-src=\"https:\/\/alzira.es\/wp-content\/uploads\/2020\/07\/POS-COVID-19_11.jpeg\" alt=\"POS-COVID-19 11\" height=\"450\" data-srcset=\"https:\/\/alzira.es\/wp-content\/uploads\/2020\/07\/POS-COVID-19_11.jpeg 1131w, https:\/\/alzira.es\/wp-content\/uploads\/2020\/07\/POS-COVID-19_11-361x510.jpeg 361w, https:\/\/alzira.es\/wp-content\/uploads\/2020\/07\/POS-COVID-19_11-758x1072.jpeg 758w, https:\/\/alzira.es\/wp-content\/uploads\/2020\/07\/POS-COVID-19_11-768x1086.jpeg 768w, https:\/\/alzira.es\/wp-content\/uploads\/2020\/07\/POS-COVID-19_11-1086x1536.jpeg 1086w\" data-sizes=\"(max-width: 706px) 89vw, (max-width: 767px) 82vw, 740px\" src=\"data:image\/svg+xml;base64,PHN2ZyB3aWR0aD0iMSIgaGVpZ2h0PSIxIiB4bWxucz0iaHR0cDovL3d3dy53My5vcmcvMjAwMC9zdmciPjwvc3ZnPg==\" style=\"--smush-placeholder-width: 1131px; --smush-placeholder-aspect-ratio: 1131\/1600;\" \/><\/a>&nbsp;<a href=\"https:\/\/alzira.es\/wp-content\/uploads\/2020\/07\/POS-COVID-19_38.mp4\" target=\"_blank\" rel=\"noopener\"><img fetchpriority=\"high\" decoding=\"async\" class=\" size-full wp-image-50702\" src=\"https:\/\/alzira.es\/wp-content\/uploads\/2020\/07\/POS-COVID-19_38.png\" alt=\"POS-COVID-19 38\" width=\"800\" height=\"450\" srcset=\"https:\/\/alzira.es\/wp-content\/uploads\/2020\/07\/POS-COVID-19_38.png 1920w, https:\/\/alzira.es\/wp-content\/uploads\/2020\/07\/POS-COVID-19_38-680x383.png 680w, https:\/\/alzira.es\/wp-content\/uploads\/2020\/07\/POS-COVID-19_38-1430x804.png 1430w, https:\/\/alzira.es\/wp-content\/uploads\/2020\/07\/POS-COVID-19_38-768x432.png 768w, https:\/\/alzira.es\/wp-content\/uploads\/2020\/07\/POS-COVID-19_38-1536x864.png 1536w\" sizes=\"(max-width: 706px) 89vw, (max-width: 767px) 82vw, 740px\" \/><\/a><\/p>\n","protected":false},"excerpt":{"rendered":"<p>Quieres trabajar a alg\u00fan departamento del Ayuntamiento de Alzira durante un periodo de 6 meses? IDEA Alzira pone en marcha el Plan de ocupaci\u00f3n social covid-19 por Alzira, modalidad calificados. Los lugares a cubrir se corresponder\u00e1n con las categor\u00edas de oficial FPI, FPII y Grau de acuerdo con las necesidades a cubrir en el Ayuntamiento &hellip; <\/p>\n<p class=\"link-more\"><a href=\"https:\/\/alzira.es\/es\/pla-d-ocupacio-social-covid-19-per-alzira\/\" class=\"more-link\">Continuar leyendo<span class=\"screen-reader-text\"> \u00abPla de ocupaci\u00f3n social COVID-19 por Alzira\u00bb<\/span><\/a><\/p>\n","protected":false},"author":29,"featured_media":50693,"comment_status":"","ping_status":"","sticky":false,"template":"","format":"standard","meta":{"_acf_changed":false,"footnotes":""},"categories":[4936],"tags":[],"class_list":["post-50704","post","type-post","status-publish","format-standard","has-post-thumbnail","hentry","category-hemeroteca-es"],"acf":[],"_links":{"self":[{"href":"https:\/\/alzira.es\/es\/wp-json\/wp\/v2\/posts\/50704","targetHints":{"allow":["GET"]}}],"collection":[{"href":"https:\/\/alzira.es\/es\/wp-json\/wp\/v2\/posts"}],"about":[{"href":"https:\/\/alzira.es\/es\/wp-json\/wp\/v2\/types\/post"}],"author":[{"embeddable":true,"href":"https:\/\/alzira.es\/es\/wp-json\/wp\/v2\/users\/29"}],"replies":[{"embeddable":true,"href":"https:\/\/alzira.es\/es\/wp-json\/wp\/v2\/comments?post=50704"}],"version-history":[{"count":0,"href":"https:\/\/alzira.es\/es\/wp-json\/wp\/v2\/posts\/50704\/revisions"}],"wp:featuredmedia":[{"embeddable":true,"href":"https:\/\/alzira.es\/es\/wp-json\/wp\/v2\/media\/50693"}],"wp:attachment":[{"href":"https:\/\/alzira.es\/es\/wp-json\/wp\/v2\/media?parent=50704"}],"wp:term":[{"taxonomy":"category","embeddable":true,"href":"https:\/\/alzira.es\/es\/wp-json\/wp\/v2\/categories?post=50704"},{"taxonomy":"post_tag","embeddable":true,"href":"https:\/\/alzira.es\/es\/wp-json\/wp\/v2\/tags?post=50704"}],"curies":[{"name":"wp","href":"https:\/\/api.w.org\/{rel}","templated":true}]}}