{"id":50699,"date":"2020-07-01T11:28:47","date_gmt":"2020-07-01T09:28:47","guid":{"rendered":"https:\/\/alzira.es\/spanish-brass-3\/"},"modified":"2020-07-01T11:28:47","modified_gmt":"2020-07-01T09:28:47","slug":"spanish-brass-3","status":"publish","type":"post","link":"https:\/\/alzira.es\/es\/spanish-brass-3\/","title":{"rendered":"La XIX edici\u00f3 del Festival Spanish Brass Alzira se celebra del 2 al 4 de juliol"},"content":{"rendered":"<p style=\"text-align: justify;\"><strong>Alzira, 1 de juliol de 2020.-<\/strong> <strong>El Festival Spanish Brass Alzira<\/strong>, <em>organitzat per l&#8217;Ajuntament d&#8217;Alzira<\/em>, <em>Spanish Brass i la Societat Musical d&#8217;Alzira<\/em>, celebra enguany la seua XIX edici\u00f3<strong> del 2 al 4 de juliol<\/strong> adaptant-se a les circumst\u00e0ncies actuals. Per aquest motiu, <strong>els concerts se traslladen del claustre de la Casa de la Cultura al Camp de Futbol de Ven\u00e8cia d&#8217;Alzira<\/strong>, on es poden mantindre les dist\u00e0ncies de seguritat, i tindran lloc <strong>a les 20.00h<\/strong>.<\/p>\n<p style=\"text-align: justify;\"><span style=\"text-decoration: underline;\"><strong>El 2 de juliol<\/strong><\/span>, el concert d&#8217;obertura del festival comptar\u00e0 amb dos parts. <span style=\"text-decoration: underline;\">La primera d&#8217;elles<\/span> <em>protagonitzada per Spanish Brass<\/em> amb el <em>trompetista<\/em> <strong>Luis Gonz\u00e1lez<\/strong> i el <em>trombonista<\/em><strong> Carlos Gil<\/strong>, on presentaran el seu \u00faltim CD Sinergies. <strong>Spanish Brass estrenar\u00e0 l&#8217;obra Brisas de Metal de Vanessa Garde<\/strong>, compositora resident del festival i se celebrar\u00e0 la final del VII Concurs de Composici\u00f3 SBALZ 2020 al que concorren les obres: <em>Kos, VAMP i Micropreludi I<\/em>. <span style=\"text-decoration: underline;\">La segona part<\/span> <em>estar\u00e0 a c\u00e0rrec de <strong>Versonautas<\/strong><\/em><strong>,<\/strong> que ens <em>presentaran el disc que acaben de publicar <strong>Astro Azul<\/strong>.<\/em><\/p>\n<p style=\"text-align: justify;\"><span style=\"text-decoration: underline;\"><strong>Divendres 3 <\/strong>de<strong> juliol<\/strong><\/span> <em><strong>Rumbau <\/strong>grup de metalls<\/em>, <em>sota la direcci\u00f2<\/em> de<strong> Bernat R\u00edos<\/strong>, i la <em><strong>Big Band<\/strong><\/em> de la Societat Musical d&#8217;Alzira, <em>dirigida per<\/em> <strong>Mikael Celda<\/strong> i creada per a aquest festival, oferiran un concert preparat especialmente per aquesta edici\u00f3 del festival.<\/p>\n<p style=\"text-align: justify;\"><span style=\"text-decoration: underline;\"><strong>Divendres 4<\/strong> de<strong> juliol<\/strong><\/span>, <em>al concert de clausura<\/em>, s&#8217;estrenar\u00e0 <em>l&#8217;espectacle <strong>Caminos de Espa\u00f1a<\/strong><\/em> \/ <strong>Paths of Spain<\/strong>,<strong> amb Spanish Brass<\/strong>, el<em> guitarrista i percusionista<\/em> <strong>Pablo Dom\u00ednguez<\/strong> i <em>els ballaors<\/em> <strong>Luc\u00eda Ruibal de Flores<\/strong> i <strong>David Nieto<\/strong>. En aquest espectacle, que s&#8217;havia d&#8217;haver estrenat en una gira en Jap\u00f3 el passat mes de juny, <em>es fussiona la m\u00fasica de cambra amb el flamenc i la dansa espanyola<\/em> amb obres d&#8217;autors com ara <strong>Isaac Alb\u00e9niz<\/strong>, <strong>Manuel de Falla<\/strong> o <strong>Joaqu\u00edn Turina<\/strong>.<\/p>\n<p style=\"text-align: justify;\"><strong>Suspensi\u00f3 dels cursos d&#8217;instrument<\/strong><br \/>Per motius de seguritat, enguany la direcci\u00f3 del festival no va considerar oport\u00fa realizar els cursos d&#8217;instrument de vent-metall que tradicionalment se celebren junt amb els concerts i que al llarg dels primers 18 anys del festival han donat formaci\u00f3 a m\u00e9s de 1.500 alumnes. L&#8217;organitzaci\u00f3 confia en poder reprendre els cursos d&#8217;instrument l&#8217;any vinent en la XXa edici\u00f3 del festival.<\/p>\n<p style=\"text-align: justify;\"><strong>Concerts SBALZ 2020<\/strong><\/p>\n<p style=\"text-align: justify; margin-left: 30px;\"><strong>2 juliol \u2013 20.00h<\/strong> <span style=\"text-decoration: underline;\">Camp de futbol de Ven\u00e8cia<\/span><br \/>Spanish Brass amb Luis Gonz\u00e1lez i Carlos Gil<br \/>Versonautas<\/p>\n<p style=\"text-align: justify; margin-left: 30px;\"><strong>3 juliol \u2013 20.00h<\/strong> <span style=\"text-decoration: underline;\">Camp de futbol de Ven\u00e8cia<\/span><br \/>Rumbau Grup de Metalls<br \/>Big Band de la Banda Simf\u00f2nica de la Societat Musical d&#8217;Alzira<\/p>\n<p style=\"text-align: justify; margin-left: 30px;\"><strong>4 juliol \u2013 20.00h<\/strong> <span style=\"text-decoration: underline;\">Camp de futbol de Ven\u00e8cia<\/span><br \/>Caminos de Espa\u00f1a \/ Paths of Spain \u2013 Spanish Brass, Pablo Dom\u00ednguez, Luc\u00eda Ruibal de Flores i David Nieto<\/p>\n<p style=\"text-align: justify;\">M\u00e9s informaci\u00f3n en <a href=\"mailto:info@sbalz.com\">info@sbalz.com<\/a>&nbsp;o <a href=\"http:\/\/www.sbalz.com\" target=\"_blank\" rel=\"noopener\"><em><strong>www.sbalz.com<\/strong><\/em><\/a><\/p>\n<p style=\"text-align: center;\"><img fetchpriority=\"high\" decoding=\"async\" width=\"1758\" height=\"2495\" class=\" size-full wp-image-50653\" src=\"https:\/\/alzira.es\/wp-content\/uploads\/2020\/07\/CARTELLSBALZ2020.jpg\" alt=\"CARTELLSBALZ2020\" srcset=\"https:\/\/alzira.es\/wp-content\/uploads\/2020\/07\/CARTELLSBALZ2020.jpg 1758w, https:\/\/alzira.es\/wp-content\/uploads\/2020\/07\/CARTELLSBALZ2020-359x510.jpg 359w, https:\/\/alzira.es\/wp-content\/uploads\/2020\/07\/CARTELLSBALZ2020-755x1072.jpg 755w, https:\/\/alzira.es\/wp-content\/uploads\/2020\/07\/CARTELLSBALZ2020-768x1090.jpg 768w, https:\/\/alzira.es\/wp-content\/uploads\/2020\/07\/CARTELLSBALZ2020-1082x1536.jpg 1082w, https:\/\/alzira.es\/wp-content\/uploads\/2020\/07\/CARTELLSBALZ2020-1443x2048.jpg 1443w\" sizes=\"(max-width: 706px) 89vw, (max-width: 767px) 82vw, 740px\" \/><\/p>\n","protected":false},"excerpt":{"rendered":"<p>Alzira, 1 de juliol de 2020.- El Festival Spanish Brass Alzira, organitzat per l&#8217;Ajuntament d&#8217;Alzira, Spanish Brass i la Societat Musical d&#8217;Alzira, celebra enguany la seua XIX edici\u00f3 del 2 al 4 de juliol adaptant-se a les circumst\u00e0ncies actuals. Per aquest motiu, els concerts se traslladen del claustre de la Casa de la Cultura al &hellip; <\/p>\n<p class=\"link-more\"><a href=\"https:\/\/alzira.es\/es\/spanish-brass-3\/\" class=\"more-link\">Continuar leyendo<span class=\"screen-reader-text\"> \u00abLa XIX edici\u00f3 del Festival Spanish Brass Alzira se celebra del 2 al 4 de juliol\u00bb<\/span><\/a><\/p>\n","protected":false},"author":29,"featured_media":50653,"comment_status":"","ping_status":"","sticky":false,"template":"","format":"standard","meta":{"_acf_changed":false,"footnotes":""},"categories":[],"tags":[],"class_list":["post-50699","post","type-post","status-publish","format-standard","has-post-thumbnail","hentry"],"acf":[],"_links":{"self":[{"href":"https:\/\/alzira.es\/es\/wp-json\/wp\/v2\/posts\/50699","targetHints":{"allow":["GET"]}}],"collection":[{"href":"https:\/\/alzira.es\/es\/wp-json\/wp\/v2\/posts"}],"about":[{"href":"https:\/\/alzira.es\/es\/wp-json\/wp\/v2\/types\/post"}],"author":[{"embeddable":true,"href":"https:\/\/alzira.es\/es\/wp-json\/wp\/v2\/users\/29"}],"replies":[{"embeddable":true,"href":"https:\/\/alzira.es\/es\/wp-json\/wp\/v2\/comments?post=50699"}],"version-history":[{"count":0,"href":"https:\/\/alzira.es\/es\/wp-json\/wp\/v2\/posts\/50699\/revisions"}],"wp:featuredmedia":[{"embeddable":true,"href":"https:\/\/alzira.es\/es\/wp-json\/wp\/v2\/media\/50653"}],"wp:attachment":[{"href":"https:\/\/alzira.es\/es\/wp-json\/wp\/v2\/media?parent=50699"}],"wp:term":[{"taxonomy":"category","embeddable":true,"href":"https:\/\/alzira.es\/es\/wp-json\/wp\/v2\/categories?post=50699"},{"taxonomy":"post_tag","embeddable":true,"href":"https:\/\/alzira.es\/es\/wp-json\/wp\/v2\/tags?post=50699"}],"curies":[{"name":"wp","href":"https:\/\/api.w.org\/{rel}","templated":true}]}}