{"id":50690,"date":"2020-07-02T10:50:58","date_gmt":"2020-07-02T08:50:58","guid":{"rendered":"https:\/\/alzira.es\/punts-de-recarrega-per-a-cotxes-electrics\/"},"modified":"2020-07-02T10:50:58","modified_gmt":"2020-07-02T08:50:58","slug":"punts-de-recarrega-per-a-cotxes-electrics","status":"publish","type":"post","link":"https:\/\/alzira.es\/es\/punts-de-recarrega-per-a-cotxes-electrics\/","title":{"rendered":"Los puntos de recarga de Alzira para coches el\u00e9ctricos y h\u00edbridos experimentan un aumento en el primer trimestre del 2020"},"content":{"rendered":"<p style=\"text-align: justify;\"><strong>Alzira, 2 de julio de 2020.-<\/strong> Los veh\u00edculos el\u00e9ctricos cuentan con un par de puntos de recarga gratuitos a Alzira desde el pasado 2018. Desde el momento que se instalaron y hasta el primer trimestre del a\u00f1o en curso su uso se ha incrementado, entre los usuarios de veh\u00edculos el\u00e9ctricos.<\/p>\n<p>Seg\u00fan se desprende del <strong>informe de los puntos de recarga de veh\u00edculos el\u00e9ctricos en el primer trimestre del 2020 se han realizado un total de 242<\/strong>, de las cuales 67 corresponden al mes de enero; 109 a febrero; mientras que 66 son las recargas en el mes de marzo.<\/p>\n<p>El m\u00e1ximo de recargas en el d\u00eda es de 6 y cerca de 799 las horas totales de ocupaci\u00f3n de los dos <strong>puntos de recarga<\/strong> de la <strong>plaza del Reino<\/strong> y del <strong>parque Pere Cresp\u00ed<\/strong>.<\/p>\n<p>En cuanto a los d\u00edas de mayor utilizaci\u00f3n, seg\u00fan el informe, son jueves y viernes, mientras que el domingo es el d\u00eda con menos demanda. En enero sum\u00f3 m\u00e1s recargas el punto de la plaza del Reino, se iguala el febrero al de utilizaci\u00f3n del punto de Pere Cresp\u00ed, mientras que el marzo ha sido este \u00faltimo el que ha experimentado un mayor n\u00famero de recargas.<\/p>\n<p>En cuanto a la media de horas diarias, se se\u00f1ala en el informe que es de 2,9 horas en la plaza del Reino y de 3,5 en Pere Cresp\u00ed, que mujer como resultado un consumo el\u00e9ctrico de 4.009 kWh en el primer trimestre. Este servicio es totalmente gratuito para los usuarios. En cuanto al referente de kil\u00f3metros recorridos por el total de consumo el\u00e9ctrico realizado, hacen un total de 26.730.<\/p>\n<p><strong>Fernando Pascual<\/strong>, regidor de Servicios Urbanos, anima los propietarios de coches el\u00e9ctricos y h\u00edbridos a utilizar los puntos de recarga por las ventajas que esto comporta en la conservaci\u00f3n de la biodiversidad; reducci\u00f3n de emisiones de CO\u2082 y ahorro econ\u00f3mico al utilizar energ\u00eda el\u00e9ctrica ante el combustible. <em>\u00abAlzira fue una de las ciudades pioneras en cuanto a su n\u00famero de habitantes al posibilitar el uso de puntos de recarga a los usuarios de coches el\u00e9ctricos, lo cual posiciona nuestra ciudad entre las adalides en accesibilidad y sostenibilidad del territorio espa\u00f1ol\u00bb<\/em>.<\/p>\n<p style=\"text-align: center;\"><img fetchpriority=\"high\" decoding=\"async\" width=\"908\" height=\"2016\" class=\" size-full wp-image-50688\" src=\"https:\/\/alzira.es\/wp-content\/uploads\/2020\/07\/20200702_100034.jpg\" alt=\"20200702 100034\" srcset=\"https:\/\/alzira.es\/wp-content\/uploads\/2020\/07\/20200702_100034.jpg 908w, https:\/\/alzira.es\/wp-content\/uploads\/2020\/07\/20200702_100034-230x510.jpg 230w, https:\/\/alzira.es\/wp-content\/uploads\/2020\/07\/20200702_100034-483x1072.jpg 483w, https:\/\/alzira.es\/wp-content\/uploads\/2020\/07\/20200702_100034-768x1705.jpg 768w, https:\/\/alzira.es\/wp-content\/uploads\/2020\/07\/20200702_100034-692x1536.jpg 692w\" sizes=\"(max-width: 706px) 89vw, (max-width: 767px) 82vw, 740px\" \/><\/p>\n","protected":false},"excerpt":{"rendered":"<p>Alzira, 2 de julio de 2020.- Los veh\u00edculos el\u00e9ctricos cuentan con un par de puntos de recarga gratuitos a Alzira desde el pasado 2018. Desde el momento que se instalaron y hasta el primer trimestre del a\u00f1o en curso su uso se ha incrementado, entre los usuarios de veh\u00edculos el\u00e9ctricos. Seg\u00fan se desprende del informe &hellip; <\/p>\n<p class=\"link-more\"><a href=\"https:\/\/alzira.es\/es\/punts-de-recarrega-per-a-cotxes-electrics\/\" class=\"more-link\">Continuar leyendo<span class=\"screen-reader-text\"> \u00abLos puntos de recarga de Alzira para coches el\u00e9ctricos y h\u00edbridos experimentan un aumento en el primer trimestre del 2020\u00bb<\/span><\/a><\/p>\n","protected":false},"author":29,"featured_media":50688,"comment_status":"","ping_status":"","sticky":false,"template":"","format":"standard","meta":{"_acf_changed":false,"footnotes":""},"categories":[4936],"tags":[],"class_list":["post-50690","post","type-post","status-publish","format-standard","has-post-thumbnail","hentry","category-hemeroteca-es"],"acf":[],"_links":{"self":[{"href":"https:\/\/alzira.es\/es\/wp-json\/wp\/v2\/posts\/50690","targetHints":{"allow":["GET"]}}],"collection":[{"href":"https:\/\/alzira.es\/es\/wp-json\/wp\/v2\/posts"}],"about":[{"href":"https:\/\/alzira.es\/es\/wp-json\/wp\/v2\/types\/post"}],"author":[{"embeddable":true,"href":"https:\/\/alzira.es\/es\/wp-json\/wp\/v2\/users\/29"}],"replies":[{"embeddable":true,"href":"https:\/\/alzira.es\/es\/wp-json\/wp\/v2\/comments?post=50690"}],"version-history":[{"count":0,"href":"https:\/\/alzira.es\/es\/wp-json\/wp\/v2\/posts\/50690\/revisions"}],"wp:featuredmedia":[{"embeddable":true,"href":"https:\/\/alzira.es\/es\/wp-json\/wp\/v2\/media\/50688"}],"wp:attachment":[{"href":"https:\/\/alzira.es\/es\/wp-json\/wp\/v2\/media?parent=50690"}],"wp:term":[{"taxonomy":"category","embeddable":true,"href":"https:\/\/alzira.es\/es\/wp-json\/wp\/v2\/categories?post=50690"},{"taxonomy":"post_tag","embeddable":true,"href":"https:\/\/alzira.es\/es\/wp-json\/wp\/v2\/tags?post=50690"}],"curies":[{"name":"wp","href":"https:\/\/api.w.org\/{rel}","templated":true}]}}