{"id":50685,"date":"2020-06-30T12:38:48","date_gmt":"2020-06-30T10:38:48","guid":{"rendered":"https:\/\/alzira.es\/pujada-de-les-temperatures-1-de-juliol-3\/"},"modified":"2020-06-30T12:38:48","modified_gmt":"2020-06-30T10:38:48","slug":"pujada-de-les-temperatures-1-de-juliol-3","status":"publish","type":"post","link":"https:\/\/alzira.es\/es\/pujada-de-les-temperatures-1-de-juliol-3\/","title":{"rendered":"Alzira intensifica la prevenci\u00f3 d\u2019incendis davant l\u2019augment de les temperatures"},"content":{"rendered":"<p style=\"text-align: justify;\"><strong>\u2022 A partir de dimecres s&#8217;esperen valors al voltant dels 40\u00baC<\/strong><\/p>\n<p style=\"text-align: justify;\"><strong>Alzira, 30 de juny de 2020.<\/strong> La Regidoria de Medi Ambient, Agricultura i Transici\u00f3 Ecol\u00f2gica informa que a partir del dimecres 1 de juliol s&#8217;espera una pujada significativa de les temperatures, que arribaran a valors al voltant dels 40\u00baC, per tant es prega a tota la ciutadania que s&#8217;extremen les precaucions, est\u00e0 prohibit l&#8217;\u00fas del foc tant en entorns agr\u00edcoles com forestals, per tal d&#8217;evitar incendis forestals.<\/p>\n<p style=\"text-align: justify;\">Tots els dispositius de vigil\u00e0ncia tant de la Generalitat Valenciana, de Diputaci\u00f3, com els municipals, intensificaran els treballs per a augmentar la probabilitat de detecci\u00f3 immediata de conats d&#8217;incendis. No obstant aix\u00f2, sent conscients de l&#8217;extensi\u00f3 del terme, l&#8217;Ajuntament d&#8217;Alzira demana la col\u00b7laboraci\u00f3 ciutadana. <em>\u00abLa detecci\u00f3 r\u00e0pida \u00e9s essencial i per aix\u00f2 comptem amb la col\u2022laboraci\u00f3 de la ciutadania i del cos de voluntaris en prevenci\u00f3 d&#8217;incendis forestals de les serres de la Casella, de la Murta i de la Garrofera, que van comen\u00e7ar a fer tasques la passada setmana. Sabem que la seua ajuda juga un paper molt important dins la detecci\u00f3 primerenca d&#8217;incendis forestals\u00bb<\/em>, assegura el regidor de Medi Ambient, <strong>Pep Carreres<\/strong>.<\/p>\n<p style=\"text-align: justify;\">A m\u00e9s, Carreres insistix que es tinguen en compte les mesures de prevenci\u00f3 lligades a l&#8217;\u00fas del foc per a les cremes agr\u00edcoles, especialment en este per\u00edode de cremes habilitat del mes de juliol. Fins i tot en dies en qu\u00e8 estiga autoritzat cremar, quan el nivell de risc \u00e9s PREVIFOC 1 i de dilluns a divendres, s&#8217;haur\u00e0 de fer \u00fanicament en cremadors degudament habilitats, i amb una font d&#8217;aigua pr\u00f2xima per al control del foc, sempre dins dels horaris establits i per descomptat amb autoritzacions de crema.<\/p>\n<p style=\"text-align: justify;\">Tamb\u00e9 recorda que sols es podr\u00e0 cremar fins al 15 de juliol i que durant este per\u00edode excepcional de cremes, en alerta PREVIFOC 2 i 3 no es podr\u00e0 cremar en cap punt del terme.<\/p>\n<p style=\"text-align: center;\"><img fetchpriority=\"high\" decoding=\"async\" width=\"711\" height=\"838\" class=\" size-full wp-image-50622\" src=\"https:\/\/alzira.es\/wp-content\/uploads\/2020\/06\/temperatures_01072020.jpeg\" alt=\"temperatures 01072020\" srcset=\"https:\/\/alzira.es\/wp-content\/uploads\/2020\/06\/temperatures_01072020.jpeg 711w, https:\/\/alzira.es\/wp-content\/uploads\/2020\/06\/temperatures_01072020-433x510.jpeg 433w\" sizes=\"(max-width: 711px) 100vw, 711px\" \/><\/p>\n","protected":false},"excerpt":{"rendered":"<p>\u2022 A partir de dimecres s&#8217;esperen valors al voltant dels 40\u00baC Alzira, 30 de juny de 2020. La Regidoria de Medi Ambient, Agricultura i Transici\u00f3 Ecol\u00f2gica informa que a partir del dimecres 1 de juliol s&#8217;espera una pujada significativa de les temperatures, que arribaran a valors al voltant dels 40\u00baC, per tant es prega a &hellip; <\/p>\n<p class=\"link-more\"><a href=\"https:\/\/alzira.es\/es\/pujada-de-les-temperatures-1-de-juliol-3\/\" class=\"more-link\">Continuar leyendo<span class=\"screen-reader-text\"> \u00abAlzira intensifica la prevenci\u00f3 d\u2019incendis davant l\u2019augment de les temperatures\u00bb<\/span><\/a><\/p>\n","protected":false},"author":29,"featured_media":50622,"comment_status":"","ping_status":"","sticky":false,"template":"","format":"standard","meta":{"_acf_changed":false,"footnotes":""},"categories":[],"tags":[],"class_list":["post-50685","post","type-post","status-publish","format-standard","has-post-thumbnail","hentry"],"acf":[],"_links":{"self":[{"href":"https:\/\/alzira.es\/es\/wp-json\/wp\/v2\/posts\/50685","targetHints":{"allow":["GET"]}}],"collection":[{"href":"https:\/\/alzira.es\/es\/wp-json\/wp\/v2\/posts"}],"about":[{"href":"https:\/\/alzira.es\/es\/wp-json\/wp\/v2\/types\/post"}],"author":[{"embeddable":true,"href":"https:\/\/alzira.es\/es\/wp-json\/wp\/v2\/users\/29"}],"replies":[{"embeddable":true,"href":"https:\/\/alzira.es\/es\/wp-json\/wp\/v2\/comments?post=50685"}],"version-history":[{"count":0,"href":"https:\/\/alzira.es\/es\/wp-json\/wp\/v2\/posts\/50685\/revisions"}],"wp:featuredmedia":[{"embeddable":true,"href":"https:\/\/alzira.es\/es\/wp-json\/wp\/v2\/media\/50622"}],"wp:attachment":[{"href":"https:\/\/alzira.es\/es\/wp-json\/wp\/v2\/media?parent=50685"}],"wp:term":[{"taxonomy":"category","embeddable":true,"href":"https:\/\/alzira.es\/es\/wp-json\/wp\/v2\/categories?post=50685"},{"taxonomy":"post_tag","embeddable":true,"href":"https:\/\/alzira.es\/es\/wp-json\/wp\/v2\/tags?post=50685"}],"curies":[{"name":"wp","href":"https:\/\/api.w.org\/{rel}","templated":true}]}}