{"id":50683,"date":"2020-07-01T13:53:27","date_gmt":"2020-07-01T11:53:27","guid":{"rendered":"https:\/\/alzira.es\/dia-internacional-de-orgull-lgtb\/"},"modified":"2020-07-01T13:53:27","modified_gmt":"2020-07-01T11:53:27","slug":"dia-internacional-de-orgull-lgtb","status":"publish","type":"post","link":"https:\/\/alzira.es\/es\/dia-internacional-de-orgull-lgtb\/","title":{"rendered":"Manifiesto por el 28 de Junio, d\u00eda internacional del orgullo LGTB+"},"content":{"rendered":"<p style=\"text-align: justify;\">Aprobada por el plenario del ayuntamiento el d\u00eda 30 de junio por todos los grupos con el voto negativo del partido pol\u00edtico de extrema derecha.<\/p>\n<p>Es necesario el reconocimiento a todos aquellos sectores vinculados a las luchas sociales, para ser los y las m\u00e1ximas responsables de que ahora mismo existan ciertos derechos reconocidos en las personas LGTB+ y la existencia de iniciativas de las varias administraciones, desde el \u00e1mbito municipal al europeo que tienen como objetivo un compromiso con la lucha colectiva por la igualdad y la libertad de toda la ciudadan\u00eda.<\/p>\n<p>Esta Ley pretende superar la hist\u00f3rica invisibilidad y falta de reconocimiento de los derechos de las personas lesbianas, gays, bisexuales, transexuales, transg\u00e9nero e intersexuales. La misma atiende y respeta todas las identidades posibles, dado que el colectivo LGTB+ no es un todo homog\u00e9neo. realidades diferentes y situaciones diferentes. Conviene tener presente la especial vulnerabilidad de las personas LGTB+ de avanzada edad, o las personas migradas o solicitantes de asilo, las que est\u00e1n privadas de libertad, las que se dedican al trabajo sexual, las menores y adolescentes, las persones v\u00edctimas de discriminaci\u00f3n m\u00faltiple, como las mujeres transexuales y transg\u00e9nero, o las personas bisexuales, invisibilizadas hasta la fecha.<\/p>\n<p>Por eso, este a\u00f1o la Federaci\u00f3n Estatal LGTB ha declarado el 2020 como a\u00f1o tem\u00e1tico \u00abMujeres LTB: Sororidad y Feminismo\u00bb, para visibilizar la realidad de estas mujeres y denunciar la opresi\u00f3n de g\u00e9nero que viven debido a la suma de discriminaciones que sufren para ser, adem\u00e1s de mujeres, parte del colectivo LGTB+ y estar expuestas tanto en el machismo y la misoginia como la lesbofobia, transfobia y bifobia.<\/p>\n<p>Desde las instituciones tenemos que seguir trabajando en favor de la igualdad legal, social y de facto entre todas las personas. Hay que impedir que las convicciones morales o ideol\u00f3gicas individuales sigan posando trabas el avance de la igualdad, que es el camino de la democracia. A pesar de que la igualdad legal es ya una realidad generalizada, la igualdad social y real del colectivo LGTB+ es todav\u00eda una asignatura pendiente que hay que abordar con urgencia y decisi\u00f3n. Es precisamente ahora cuando los gobiernos tienen que mantener firmes en el estado de derecho y los derechos humanos. Igualmente, hay que seguir denunciando que todav\u00eda a d\u00eda de hoy, m\u00e1s de 70 pa\u00edses tienen legislaciones que persiguen a las personas LGTB+ y que en 10 de ellos se las condena a muerte. Reiteramos la importancia de denunciar esta situaci\u00f3n y de luchar por los derechos de todas las personas, desde la perspectiva que la lucha por los derechos LGTB+ es la lucha por los derechos humanos.<\/p>\n<p>Los municipios son los espacios m\u00e1s pr\u00f3ximos a la ciudadan\u00eda, los cuales juegan un papel fundamental en la visualizaci\u00f3n del colectivo LGTB+, siente un referente de integraci\u00f3n y lucha contra la discriminaci\u00f3n. Por eso es necesario nuestro compromiso al dar respuesta en la poblaci\u00f3n LGTB+ en todo aquello que sea de nuestra competencia.<\/p>\n<p>Porque LGTBf\u00f2bia, lejos de desaparecer, contin\u00faa manifest\u00e1ndose en aulas, hogares, los centros de ocio y de trabajo, a los deportes, e incluso, a las administraciones y servicios p\u00fablicos.<\/p>\n<p>Estas actitudes, como vemos, son m\u00e1s acusadas en tiempos de crisis sanitaria, econ\u00f3mica y social, donde los derechos de todas las personas, y especialmente, las m\u00e1s estigmatizadas socialmente, son vulnerados de manera constante. De nuevo, este 28 de junio, es necesario un apoyo expl\u00edcito a las demandas y necesidades de la poblaci\u00f3n LGTB+.<\/p>\n<p>Por lo tanto, si bien hay que reconocer la existencia de iniciativas de las varias administraciones, de las municipales en la Generalitat, el Estado o la Uni\u00f3n Europea, que tienen como objetivo un compromiso con la lucha colectiva por la igualdad y la libertad de toda la ciudadan\u00eda, es cierto que todav\u00eda queda mucho de trayecto para llegar a ser una sociedad donde no se producia ning\u00fan tipo de discriminaci\u00f3n por motivo de sexo, identidad de g\u00e9nero u orientaci\u00f3n sexual. Celebramos los avances, sin olvidar que queda mucho de camino para recorrer.<\/p>\n<p>Por todo esto, presentamos al Pleno del Ayuntamiento de Alzira la propone de adopci\u00f3n de los siguientes <strong>ACUERDOS<\/strong>:<\/p>\n<p><strong>PRIMERO.-<\/strong> Realizar una <strong>denuncia expl\u00edcita contra la homofobia, lesbofobia, bifobia y transfobia<\/strong>, as\u00ed como expresar un compromiso conciso de arranque de medidas para erradicar esta lacra social. Como muestra p\u00fablica y visible, con motivo del 28 de junio colgaremos al balc\u00f3n del ayuntamiento la bandera arco iris del movimiento LGTB+.<\/p>\n<p><strong>SEGUNDO.-<\/strong> Continuar trabajando y poniendo en marcha <strong>medidas desde el Ayuntamiento<\/strong> para promover el respeto y erradicar esta lacra social.<\/p>\n<p><strong>TERCERO.-<\/strong> Reivindicar una educaci\u00f3n p\u00fablica, laica, de calidad y que atienda a la diversidad como requisito para <strong>crear un espacio educativo donde imperan los valores democr\u00e1ticos y de tolerancia<\/strong>, donde se incluya la defensa de la diversidad familiar y la lucha contra cualquier tipo de discriminaci\u00f3n que puedan sufrir las familias homoparentals, tanto material como simb\u00f3lica.<\/p>\n<p><strong>CUARTO.-<\/strong> Expresar un <strong>compromiso efectivo contra los recortes sociales<\/strong>, especialmente la prevenci\u00f3n y el tratamiento del VIH.<\/p>\n<p><strong>QUINTO.-<\/strong> Solicitar en el Gobierno del Estado la <strong>despatologizaci\u00f3n de las identidades trans e intersexuales<\/strong>, sin que los derechos sexuales y sanitarios de estas personas se vean perjudicados.<\/p>\n<p><strong>SEXTO.-<\/strong> Solicitar en el Gobierno del Estado la aprobaci\u00f3n de la <strong>Ley integral LGTBI+<\/strong> que incluya la prohibici\u00f3n de las llamadas terapias de reversi\u00f3n y que sea efectiva para erradicar todas las formas de discriminaci\u00f3n hacia las personas transexuales en todos los \u00e1mbitos.<\/p>\n<p><strong>S\u00c9PTIMO.-<\/strong> Instar en el gobierno de la Generalitat y de Espa\u00f1a, a impulsar y fortalecer un marco integral legislativo y pol\u00edtico que erradico los discursos y los delitos de odio para garantizar la protecci\u00f3n de los derechos y libertades de todas las personas, con independencia de sus circunstancias personales o sociales, y sobre incidiendo en grupos de especial protecci\u00f3n.<\/p>\n<p><strong>OCTAVO.-<\/strong> Esta moci\u00f3n se har\u00e1 llegar a los grupos pol\u00edticos de las Cortes Valencianas, a la Presidencia del Gobierno central y al Ministerio de Igualdad.<\/p>\n<p style=\"text-align: center;\"><a class=\"jcepopup\" href=\"https:\/\/alzira.es\/wp-content\/uploads\/2020\/07\/Concentracio_Orgull_LGTB__2020_1.jpeg\" target=\"_blank\" rel=\"noopener\"><img fetchpriority=\"high\" decoding=\"async\" class=\" size-full wp-image-50675\" src=\"https:\/\/alzira.es\/wp-content\/uploads\/2020\/07\/Concentracio_Orgull_LGTB__2020_1.jpeg\" alt=\"Concentraci\u00f3 Orgull LGTB  2020 1\" width=\"356\" height=\"267\" srcset=\"https:\/\/alzira.es\/wp-content\/uploads\/2020\/07\/Concentracio_Orgull_LGTB__2020_1.jpeg 2000w, https:\/\/alzira.es\/wp-content\/uploads\/2020\/07\/Concentracio_Orgull_LGTB__2020_1-680x510.jpeg 680w, https:\/\/alzira.es\/wp-content\/uploads\/2020\/07\/Concentracio_Orgull_LGTB__2020_1-1430x1072.jpeg 1430w, https:\/\/alzira.es\/wp-content\/uploads\/2020\/07\/Concentracio_Orgull_LGTB__2020_1-768x576.jpeg 768w, https:\/\/alzira.es\/wp-content\/uploads\/2020\/07\/Concentracio_Orgull_LGTB__2020_1-1536x1152.jpeg 1536w\" sizes=\"(max-width: 356px) 100vw, 356px\" \/><\/a>&nbsp;<a class=\"jcepopup\" style=\"font-size: 14.4px; text-align: center;\" type=\"image\" href=\"https:\/\/alzira.es\/wp-content\/uploads\/2020\/07\/Concentracio_Orgull_LGTB__2200_2.jpeg\" target=\"_blank\" rel=\"noopener\"><img decoding=\"async\" class=\"size-full wp-image-50678 lazyload\" data-src=\"https:\/\/alzira.es\/wp-content\/uploads\/2020\/07\/Concentracio_Orgull_LGTB__2200_2.jpeg\" alt=\"Concentraci\u00f3 Orgull LGTB  2200 2\" width=\"356\" height=\"267\" data-srcset=\"https:\/\/alzira.es\/wp-content\/uploads\/2020\/07\/Concentracio_Orgull_LGTB__2200_2.jpeg 2000w, https:\/\/alzira.es\/wp-content\/uploads\/2020\/07\/Concentracio_Orgull_LGTB__2200_2-680x510.jpeg 680w, https:\/\/alzira.es\/wp-content\/uploads\/2020\/07\/Concentracio_Orgull_LGTB__2200_2-1430x1072.jpeg 1430w, https:\/\/alzira.es\/wp-content\/uploads\/2020\/07\/Concentracio_Orgull_LGTB__2200_2-768x576.jpeg 768w, https:\/\/alzira.es\/wp-content\/uploads\/2020\/07\/Concentracio_Orgull_LGTB__2200_2-1536x1152.jpeg 1536w\" data-sizes=\"(max-width: 356px) 100vw, 356px\" src=\"data:image\/svg+xml;base64,PHN2ZyB3aWR0aD0iMSIgaGVpZ2h0PSIxIiB4bWxucz0iaHR0cDovL3d3dy53My5vcmcvMjAwMC9zdmciPjwvc3ZnPg==\" style=\"--smush-placeholder-width: 356px; --smush-placeholder-aspect-ratio: 356\/267;\" \/><\/a>&nbsp;<a class=\"jcepopup\" style=\"font-size: 14.4px; text-align: center;\" type=\"image\" href=\"https:\/\/alzira.es\/wp-content\/uploads\/2020\/07\/Concentracio_Orgull_LGTB__2020_3.jpg\" target=\"_blank\" rel=\"noopener\"><img decoding=\"async\" class=\"size-full wp-image-50681 lazyload\" data-src=\"https:\/\/alzira.es\/wp-content\/uploads\/2020\/07\/Concentracio_Orgull_LGTB__2020_3.jpg\" alt=\"Concentraci\u00f3 Orgull LGTB  2020 3\" width=\"401\" height=\"267\" src=\"data:image\/svg+xml;base64,PHN2ZyB3aWR0aD0iMSIgaGVpZ2h0PSIxIiB4bWxucz0iaHR0cDovL3d3dy53My5vcmcvMjAwMC9zdmciPjwvc3ZnPg==\" style=\"--smush-placeholder-width: 401px; --smush-placeholder-aspect-ratio: 401\/267;\" \/><\/a><\/p>\n","protected":false},"excerpt":{"rendered":"<p>Aprobada por el plenario del ayuntamiento el d\u00eda 30 de junio por todos los grupos con el voto negativo del partido pol\u00edtico de extrema derecha. Es necesario el reconocimiento a todos aquellos sectores vinculados a las luchas sociales, para ser los y las m\u00e1ximas responsables de que ahora mismo existan ciertos derechos reconocidos en las &hellip; <\/p>\n<p class=\"link-more\"><a href=\"https:\/\/alzira.es\/es\/dia-internacional-de-orgull-lgtb\/\" class=\"more-link\">Continuar leyendo<span class=\"screen-reader-text\"> \u00abManifiesto por el 28 de Junio, d\u00eda internacional del orgullo LGTB+\u00bb<\/span><\/a><\/p>\n","protected":false},"author":29,"featured_media":50675,"comment_status":"","ping_status":"","sticky":false,"template":"","format":"standard","meta":{"_acf_changed":false,"footnotes":""},"categories":[4936],"tags":[],"class_list":["post-50683","post","type-post","status-publish","format-standard","has-post-thumbnail","hentry","category-hemeroteca-es"],"acf":[],"_links":{"self":[{"href":"https:\/\/alzira.es\/es\/wp-json\/wp\/v2\/posts\/50683","targetHints":{"allow":["GET"]}}],"collection":[{"href":"https:\/\/alzira.es\/es\/wp-json\/wp\/v2\/posts"}],"about":[{"href":"https:\/\/alzira.es\/es\/wp-json\/wp\/v2\/types\/post"}],"author":[{"embeddable":true,"href":"https:\/\/alzira.es\/es\/wp-json\/wp\/v2\/users\/29"}],"replies":[{"embeddable":true,"href":"https:\/\/alzira.es\/es\/wp-json\/wp\/v2\/comments?post=50683"}],"version-history":[{"count":0,"href":"https:\/\/alzira.es\/es\/wp-json\/wp\/v2\/posts\/50683\/revisions"}],"wp:featuredmedia":[{"embeddable":true,"href":"https:\/\/alzira.es\/es\/wp-json\/wp\/v2\/media\/50675"}],"wp:attachment":[{"href":"https:\/\/alzira.es\/es\/wp-json\/wp\/v2\/media?parent=50683"}],"wp:term":[{"taxonomy":"category","embeddable":true,"href":"https:\/\/alzira.es\/es\/wp-json\/wp\/v2\/categories?post=50683"},{"taxonomy":"post_tag","embeddable":true,"href":"https:\/\/alzira.es\/es\/wp-json\/wp\/v2\/tags?post=50683"}],"curies":[{"name":"wp","href":"https:\/\/api.w.org\/{rel}","templated":true}]}}