{"id":50665,"date":"2020-07-01T12:58:59","date_gmt":"2020-07-01T10:58:59","guid":{"rendered":"https:\/\/alzira.es\/treballadors-sepe-2\/"},"modified":"2020-07-01T12:58:59","modified_gmt":"2020-07-01T10:58:59","slug":"treballadors-sepe-2","status":"publish","type":"post","link":"https:\/\/alzira.es\/es\/treballadors-sepe-2\/","title":{"rendered":"Comencen 51 treballadors per a fer manteniment mediambiental a Alzira"},"content":{"rendered":"<p style=\"text-align: justify;\"><strong>Alzira, 1 de juliol de 2020._<\/strong> Hui han comen\u00e7at els treballadors del Programa SEPE Agr\u00edcola 2020.<strong> Enguany s&#8217;ha contractat un total de 51 treballadors agr\u00edcoles<\/strong>: 42 peons, 8 capatassos i 1 encarregat per a un per\u00edode de 3 mesos, de l&#8217;1 de juliol al 30 de setembre de 2020.<\/p>\n<p style=\"text-align: justify;\">L&#8217;alcalde de la ciutat, <strong>Diego G\u00f3mez<\/strong>, junt amb el personal de la Regidoria de Medi Ambient, Agricultura i Transici\u00f3 Ecol\u00f2gica, han rebut els participants del programa i han fet una primera explicaci\u00f3 de les tasques que es portaran a terme, la distribuci\u00f3 de les quadrilles i el repartiment d&#8217;EPI per a desenvolupar el treball. A m\u00e9s, els assistents tamb\u00e9 han rebut formaci\u00f3 en mat\u00e8ria de prevenci\u00f3 de riscos laborals i seguretat i higiene en el treball amb menci\u00f3 especial a mesures preventives per al coronavirus.<\/p>\n<p style=\"text-align: justify;\">Segons explica l&#8217;alcalde, <em>\u00abes tracta de projectes per a pal\u00b7liar la desocupaci\u00f3 agr\u00edcola eventual, que busca garantir als treballadors agraris un complement de renda en estos mesos d&#8217;estiu. D&#8217;altra banda, amb estes actuacions l&#8217;Ajuntament compta amb l&#8217;experi\u00e8ncia d&#8217;encarregats, capatassos i peons agr\u00edcoles, que ajuden a millorar les condicions dels nostres espais mediambientals i camins rurals\u00bb<\/em>.<\/p>\n<p style=\"text-align: justify;\">Es tracta d&#8217;un programa de foment d&#8217;ocupaci\u00f3 que s&#8217;executa en col\u00b7laboraci\u00f3 amb el Servei P\u00fablic d&#8217;Ocupaci\u00f3 Estatal (SEPE), destinat a pal\u00b7liar la desocupaci\u00f3 agr\u00edcola estacional amb la finalitat de garantir als treballadors aturats del r\u00e8gim agrari un complement de renda. L&#8217;objectiu \u00e9s fer neteja de barrancs, adequaci\u00f3 de camins, neteja d&#8217;abocadors i manteniment d&#8217;espais de valor mediambiental com \u00e9s el cas del riu, l&#8217;Anell Verd o la Muntanyeta.<\/p>\n<p style=\"text-align: justify;\"><em>L&#8217;Ajuntament d&#8217;Alzira rebr\u00e0 una subvenci\u00f3 de 220.813,00 \u20ac del SEPE (Servei P\u00fablic Ocupaci\u00f3 Estatal) per a realitzar estes contractacions, quantitat que es correspon amb els costos salarials totals, inclosa la cotitzaci\u00f3 a la Seguretat Social segons el conveni col\u00b7lectiu vigent<\/em>.<\/p>\n<p style=\"text-align: center;\"><a class=\"jcepopup\" href=\"https:\/\/alzira.es\/wp-content\/uploads\/2020\/07\/Treballadors_SEPE_5034.jpg\" target=\"_blank\" rel=\"noopener\"><img fetchpriority=\"high\" decoding=\"async\" class=\" size-full wp-image-50658\" src=\"https:\/\/alzira.es\/wp-content\/uploads\/2020\/07\/Treballadors_SEPE_5034.jpg\" alt=\"Treballadors SEPE 5034\" width=\"400\" height=\"267\" \/><\/a>&nbsp;<a class=\"jcepopup\" style=\"font-size: 14.4px; text-align: center;\" type=\"image\" href=\"https:\/\/alzira.es\/wp-content\/uploads\/2020\/07\/Treballadors_SEPE_5045.jpg\" target=\"_blank\" rel=\"noopener\"><img decoding=\"async\" class=\"size-full wp-image-50660 lazyload\" data-src=\"https:\/\/alzira.es\/wp-content\/uploads\/2020\/07\/Treballadors_SEPE_5045.jpg\" alt=\"Treballadors SEPE 5045\" width=\"400\" height=\"267\" src=\"data:image\/svg+xml;base64,PHN2ZyB3aWR0aD0iMSIgaGVpZ2h0PSIxIiB4bWxucz0iaHR0cDovL3d3dy53My5vcmcvMjAwMC9zdmciPjwvc3ZnPg==\" style=\"--smush-placeholder-width: 400px; --smush-placeholder-aspect-ratio: 400\/267;\" \/><\/a>&nbsp;<a class=\"jcepopup\" style=\"font-size: 14.4px; text-align: center;\" type=\"image\" href=\"https:\/\/alzira.es\/wp-content\/uploads\/2020\/07\/Treballadors_SEPE_5049.jpg\" target=\"_blank\" rel=\"noopener\"><img decoding=\"async\" class=\"size-full wp-image-50662 lazyload\" data-src=\"https:\/\/alzira.es\/wp-content\/uploads\/2020\/07\/Treballadors_SEPE_5049.jpg\" alt=\"Treballadors SEPE 5049\" width=\"400\" height=\"267\" src=\"data:image\/svg+xml;base64,PHN2ZyB3aWR0aD0iMSIgaGVpZ2h0PSIxIiB4bWxucz0iaHR0cDovL3d3dy53My5vcmcvMjAwMC9zdmciPjwvc3ZnPg==\" style=\"--smush-placeholder-width: 400px; --smush-placeholder-aspect-ratio: 400\/267;\" \/><\/a><\/p>\n","protected":false},"excerpt":{"rendered":"<p>Alzira, 1 de juliol de 2020._ Hui han comen\u00e7at els treballadors del Programa SEPE Agr\u00edcola 2020. Enguany s&#8217;ha contractat un total de 51 treballadors agr\u00edcoles: 42 peons, 8 capatassos i 1 encarregat per a un per\u00edode de 3 mesos, de l&#8217;1 de juliol al 30 de setembre de 2020. L&#8217;alcalde de la ciutat, Diego G\u00f3mez, &hellip; <\/p>\n<p class=\"link-more\"><a href=\"https:\/\/alzira.es\/es\/treballadors-sepe-2\/\" class=\"more-link\">Continuar leyendo<span class=\"screen-reader-text\"> \u00abComencen 51 treballadors per a fer manteniment mediambiental a Alzira\u00bb<\/span><\/a><\/p>\n","protected":false},"author":29,"featured_media":50658,"comment_status":"","ping_status":"","sticky":false,"template":"","format":"standard","meta":{"_acf_changed":false,"footnotes":""},"categories":[],"tags":[],"class_list":["post-50665","post","type-post","status-publish","format-standard","has-post-thumbnail","hentry"],"acf":[],"_links":{"self":[{"href":"https:\/\/alzira.es\/es\/wp-json\/wp\/v2\/posts\/50665","targetHints":{"allow":["GET"]}}],"collection":[{"href":"https:\/\/alzira.es\/es\/wp-json\/wp\/v2\/posts"}],"about":[{"href":"https:\/\/alzira.es\/es\/wp-json\/wp\/v2\/types\/post"}],"author":[{"embeddable":true,"href":"https:\/\/alzira.es\/es\/wp-json\/wp\/v2\/users\/29"}],"replies":[{"embeddable":true,"href":"https:\/\/alzira.es\/es\/wp-json\/wp\/v2\/comments?post=50665"}],"version-history":[{"count":0,"href":"https:\/\/alzira.es\/es\/wp-json\/wp\/v2\/posts\/50665\/revisions"}],"wp:featuredmedia":[{"embeddable":true,"href":"https:\/\/alzira.es\/es\/wp-json\/wp\/v2\/media\/50658"}],"wp:attachment":[{"href":"https:\/\/alzira.es\/es\/wp-json\/wp\/v2\/media?parent=50665"}],"wp:term":[{"taxonomy":"category","embeddable":true,"href":"https:\/\/alzira.es\/es\/wp-json\/wp\/v2\/categories?post=50665"},{"taxonomy":"post_tag","embeddable":true,"href":"https:\/\/alzira.es\/es\/wp-json\/wp\/v2\/tags?post=50665"}],"curies":[{"name":"wp","href":"https:\/\/api.w.org\/{rel}","templated":true}]}}