{"id":50655,"date":"2020-07-01T11:28:47","date_gmt":"2020-07-01T09:28:47","guid":{"rendered":"https:\/\/alzira.es\/spanish-brass\/"},"modified":"2020-07-01T11:28:47","modified_gmt":"2020-07-01T09:28:47","slug":"spanish-brass","status":"publish","type":"post","link":"https:\/\/alzira.es\/es\/spanish-brass\/","title":{"rendered":"La XIX edici\u00f3n del Festival Spanish Brass Alzira se celebra del 2 al 4 de julio"},"content":{"rendered":"<p style=\"text-align: justify;\"><strong>Alzira, 1 de julio de 2020.- El Festival Spanish Brass Alzira<\/strong>, <em>organizado por el Ayuntamiento de Alzira, Spanish Brass y la Sociedad Musical de Alzira<\/em>, celebra este a\u00f1o su XIX edici\u00f3n<strong> del 2 al 4 de julio<\/strong> adapt\u00e1ndose en las circunstancias actuales. Por este motivo,<strong> los conciertos se trasladan del claustro de la Casa de la Cultura en el Camp de F\u00fatbol de Venecia de Alzira<\/strong>, donde se pueden mantener las distancias de seguridad, y tendr\u00e1n lugar <strong>a las 20.00h<\/strong>.<\/p>\n<p><span style=\"text-decoration: underline;\"><strong>El 2 de julio<\/strong><\/span>, el concierto de apertura del festival contar\u00e1 con dos partes. <em><span style=\"text-decoration: underline;\">La primera de ellas<\/span> protagonizada<\/em> <em>por Spanish Brass<\/em> con el <em>trompetista<\/em> <strong>Luis Gonz\u00e1lez<\/strong> y el <em>trombonista<\/em> <strong>Carlos Gil<\/strong>, donde presentar\u00e1n su \u00faltimo CD Sinergias. <em>Spanish Brass estarenar\u00e0 la obra Brisas de Metal<\/em> de <strong>Vanessa Garde<\/strong>, compositora residente del festival y se celebrar\u00e1 la final del VII Concurso de Composici\u00f3n SBALZ 2020 al que concurren las obras: Kos, VAMP y Micropreludi I. <span style=\"text-decoration: underline;\"><em>La segunda parte<\/em><\/span> <em>estar\u00e1 a cargo de<\/em> <em><strong>Versonautas<\/strong><\/em>, que <em>nos presentar\u00e1n el disco que acaban de publicar <strong>Astro Azul<\/strong><\/em>.<\/p>\n<p><span style=\"text-decoration: underline;\"><strong>Viernes 3 <\/strong>de<strong> julio<\/strong><\/span> <em><strong>Rumbau<\/strong> grupo de metales<\/em>, <em>bajo la direcci\u00f3n<\/em> de <strong>Bernat R\u00edos<\/strong>, y la <strong><em>Big band<\/em><\/strong> de la Sociedad Musical de Alzira, <em>dirigida por<\/em> <strong>Mikael Celda<\/strong> y creada para este festival, ofrecer\u00e1n un concierto preparado especialmente por esta edici\u00f3n del festival.<\/p>\n<p><span style=\"text-decoration: underline;\"><strong>Viernes 4 <\/strong>de<strong> julio<\/strong><\/span>, <em>al concierto de clausura<\/em>, se estrenar\u00e1 <em>el espect\u00e1culo <strong>Caminos de Espa\u00f1a<\/strong><\/em> \/ <strong>Paths of Spain<\/strong>,<strong> con Spanish Brass<\/strong>, <em>el guitarrista y percusionista<\/em> <strong>Pablo Dom\u00ednguez<\/strong> y <em>los bailaores<\/em> <strong>Luc\u00eda Ruibal de Flores<\/strong> y <strong>David Nieto<\/strong>. En este espect\u00e1culo, que se ten\u00eda que haber estrenado en una gira en Jap\u00f3n el pasado mes de junio, <em>se fusiona la m\u00fasica de c\u00e1mara con el flamenco y la danza espa\u00f1ola<\/em> con obras de autores como por ejemplo <strong>Isaac Alb\u00e9niz<\/strong>,<strong> Manuel de Falla<\/strong> o<strong> Joaqu\u00edn Turina<\/strong>.<\/p>\n<p><strong>Suspensi\u00f3n de los cursos de instrumento<\/strong><br \/>Por motivos de seguridad, este a\u00f1o la direcci\u00f3n del festival no consider\u00f3 oportuno realizar los cursos de instrumento de viento-metal que tradicionalmente se celebran junto con los conciertos y que a lo largo de los primeros 18 a\u00f1os del festival han dado formaci\u00f3n adem\u00e1s de 1.500 alumnos. La organizaci\u00f3n conf\u00eda en poder retomar los cursos de instrumento el pr\u00f3ximo a\u00f1o en la XXa edici\u00f3n del festival.<\/p>\n<p><strong>Conciertos SBALZ 2020<\/strong><\/p>\n<p><strong>2 julio \u2013 20.00h<\/strong> <span style=\"text-decoration: underline;\">Camp de f\u00fatbol de Venecia<\/span><br \/>Spanish Brass con Luis Gonz\u00e1lez i Carlos Gil<br \/>Versonautas<\/p>\n<p><strong>3 julio \u2013 20.00h<\/strong> <span style=\"text-decoration: underline;\">Camp de f\u00fatbol de Venecia<\/span><br \/>Rumbau Grupo de Metales<br \/>Big band de la Banda Sinf\u00f3nica de la Sociedad Musical de Alzira<\/p>\n<p><strong>4 julio \u2013 20.00h<\/strong> <span style=\"text-decoration: underline;\">Camp de f\u00fatbol de Venecia<\/span><br \/>Caminos de Espa\u00f1a \/ Paths of Spain \u2013 Spanish Brass, Pablo Dom\u00ednguez, Luc\u00eda Ruibal de Flores y David Nieto<\/p>\n<p>M\u00e1s informaci\u00f3n en <span style=\"text-decoration: underline;\"><a href=\"mailto:info@sbalz.com\" rel=\"nofollow noopener\" target=\"_blank\">info@sbalz.com<\/a><\/span> o <strong><a href=\"http:\/\/sbalz.com\/inicio-sbalz\/\" target=\"_blank\" rel=\"noopener\">www.sbalz.com<\/a><\/strong><\/p>\n<p style=\"text-align: center;\"><img fetchpriority=\"high\" decoding=\"async\" width=\"1758\" height=\"2495\" class=\" size-full wp-image-50653\" src=\"https:\/\/alzira.es\/wp-content\/uploads\/2020\/07\/CARTELLSBALZ2020.jpg\" alt=\"CARTELLSBALZ2020\" srcset=\"https:\/\/alzira.es\/wp-content\/uploads\/2020\/07\/CARTELLSBALZ2020.jpg 1758w, https:\/\/alzira.es\/wp-content\/uploads\/2020\/07\/CARTELLSBALZ2020-359x510.jpg 359w, https:\/\/alzira.es\/wp-content\/uploads\/2020\/07\/CARTELLSBALZ2020-755x1072.jpg 755w, https:\/\/alzira.es\/wp-content\/uploads\/2020\/07\/CARTELLSBALZ2020-768x1090.jpg 768w, https:\/\/alzira.es\/wp-content\/uploads\/2020\/07\/CARTELLSBALZ2020-1082x1536.jpg 1082w, https:\/\/alzira.es\/wp-content\/uploads\/2020\/07\/CARTELLSBALZ2020-1443x2048.jpg 1443w\" sizes=\"(max-width: 706px) 89vw, (max-width: 767px) 82vw, 740px\" \/><\/p>\n","protected":false},"excerpt":{"rendered":"<p>Alzira, 1 de julio de 2020.- El Festival Spanish Brass Alzira, organizado por el Ayuntamiento de Alzira, Spanish Brass y la Sociedad Musical de Alzira, celebra este a\u00f1o su XIX edici\u00f3n del 2 al 4 de julio adapt\u00e1ndose en las circunstancias actuales. Por este motivo, los conciertos se trasladan del claustro de la Casa de &hellip; <\/p>\n<p class=\"link-more\"><a href=\"https:\/\/alzira.es\/es\/spanish-brass\/\" class=\"more-link\">Continuar leyendo<span class=\"screen-reader-text\"> \u00abLa XIX edici\u00f3n del Festival Spanish Brass Alzira se celebra del 2 al 4 de julio\u00bb<\/span><\/a><\/p>\n","protected":false},"author":29,"featured_media":50653,"comment_status":"","ping_status":"","sticky":false,"template":"","format":"standard","meta":{"_acf_changed":false,"footnotes":""},"categories":[4936],"tags":[],"class_list":["post-50655","post","type-post","status-publish","format-standard","has-post-thumbnail","hentry","category-hemeroteca-es"],"acf":[],"_links":{"self":[{"href":"https:\/\/alzira.es\/es\/wp-json\/wp\/v2\/posts\/50655","targetHints":{"allow":["GET"]}}],"collection":[{"href":"https:\/\/alzira.es\/es\/wp-json\/wp\/v2\/posts"}],"about":[{"href":"https:\/\/alzira.es\/es\/wp-json\/wp\/v2\/types\/post"}],"author":[{"embeddable":true,"href":"https:\/\/alzira.es\/es\/wp-json\/wp\/v2\/users\/29"}],"replies":[{"embeddable":true,"href":"https:\/\/alzira.es\/es\/wp-json\/wp\/v2\/comments?post=50655"}],"version-history":[{"count":0,"href":"https:\/\/alzira.es\/es\/wp-json\/wp\/v2\/posts\/50655\/revisions"}],"wp:featuredmedia":[{"embeddable":true,"href":"https:\/\/alzira.es\/es\/wp-json\/wp\/v2\/media\/50653"}],"wp:attachment":[{"href":"https:\/\/alzira.es\/es\/wp-json\/wp\/v2\/media?parent=50655"}],"wp:term":[{"taxonomy":"category","embeddable":true,"href":"https:\/\/alzira.es\/es\/wp-json\/wp\/v2\/categories?post=50655"},{"taxonomy":"post_tag","embeddable":true,"href":"https:\/\/alzira.es\/es\/wp-json\/wp\/v2\/tags?post=50655"}],"curies":[{"name":"wp","href":"https:\/\/api.w.org\/{rel}","templated":true}]}}