{"id":50652,"date":"2020-06-30T19:43:47","date_gmt":"2020-06-30T17:43:47","guid":{"rendered":"https:\/\/alzira.es\/detencio-policia-local-2\/"},"modified":"2020-06-30T19:43:47","modified_gmt":"2020-06-30T17:43:47","slug":"detencio-policia-local-2","status":"publish","type":"post","link":"https:\/\/alzira.es\/es\/detencio-policia-local-2\/","title":{"rendered":"La Policia Local d\u2019Alzira det\u00e9 el conductor d\u2019un cami\u00f3 que condu\u00efa baix els efectes de l\u2019alcohol"},"content":{"rendered":"<p style=\"text-align: justify;\"><strong>Alzira, 30 de juny de 2020._<\/strong> Ahir per la vesprada sobre les 20 hores, la Policia Local d&#8217;Alzira va detectar a un cami\u00f3 tr\u00e0iler realitzant una conducci\u00f3 irregular per la CV-50, i el va interceptar en la rotonda de la avinguda Hispanitat.<\/p>\n<p style=\"text-align: justify;\">En parlar amb el conductor, els agents van poder comprovar que presentava s\u00edmptomes externs de trobar-se sota la influ\u00e8ncia de begudes alcoh\u00f2liques, per la qual cosa se li va realitzar la prova d&#8217;alcohol\u00e8mia, oferint un resultat de 1,18 mg\/l d&#8217;aire aspirat.<\/p>\n<p style=\"text-align: justify;\">El conductor \u00e9s de nacionalitat espanyola i t\u00e9 48 anys d&#8217;edat. El cami\u00f3 presentava danys, la proced\u00e8ncia dels quals s&#8217;est\u00e0 investigant, ja que el vehicle havia eixit de Simat i es dirigia cap a Cheste.<\/p>\n<p style=\"text-align: justify;\">Els agents van procedir a instruir les oportunes dilig\u00e8ncies per un delicte contra la seguretat vi\u00e0ria. El cami\u00f3 es va immobilitzar fins que personal de l&#8217;empresa de transport es va fer c\u00e0rrec del vehicle.<\/p>\n<p style=\"text-align: justify;\">La Policia Local d&#8217;Alzira, en els primers 6 mesos ha instru\u00eft 24 atestats contra la seguretat vi\u00e0ria per superar la taxa d&#8217;alcohol m\u00e0xima establida pel vigent Codi Penal, malgrat la limitaci\u00f3 de la mobilitat del tr\u00e0nsit durant els mesos de confinament de l&#8217;estat d&#8217;alarma pel COVID-19.<\/p>\n<p style=\"text-align: center;\"><img fetchpriority=\"high\" decoding=\"async\" width=\"993\" height=\"592\" class=\" size-full wp-image-50649\" src=\"https:\/\/alzira.es\/wp-content\/uploads\/2020\/06\/trailer.jpeg\" alt=\"trailer\" srcset=\"https:\/\/alzira.es\/wp-content\/uploads\/2020\/06\/trailer.jpeg 993w, https:\/\/alzira.es\/wp-content\/uploads\/2020\/06\/trailer-680x405.jpeg 680w, https:\/\/alzira.es\/wp-content\/uploads\/2020\/06\/trailer-768x458.jpeg 768w\" sizes=\"(max-width: 706px) 89vw, (max-width: 767px) 82vw, 740px\" \/><\/p>\n","protected":false},"excerpt":{"rendered":"<p>Alzira, 30 de juny de 2020._ Ahir per la vesprada sobre les 20 hores, la Policia Local d&#8217;Alzira va detectar a un cami\u00f3 tr\u00e0iler realitzant una conducci\u00f3 irregular per la CV-50, i el va interceptar en la rotonda de la avinguda Hispanitat. En parlar amb el conductor, els agents van poder comprovar que presentava s\u00edmptomes &hellip; <\/p>\n<p class=\"link-more\"><a href=\"https:\/\/alzira.es\/es\/detencio-policia-local-2\/\" class=\"more-link\">Continuar leyendo<span class=\"screen-reader-text\"> \u00abLa Policia Local d\u2019Alzira det\u00e9 el conductor d\u2019un cami\u00f3 que condu\u00efa baix els efectes de l\u2019alcohol\u00bb<\/span><\/a><\/p>\n","protected":false},"author":29,"featured_media":50649,"comment_status":"","ping_status":"","sticky":false,"template":"","format":"standard","meta":{"_acf_changed":false,"footnotes":""},"categories":[],"tags":[],"class_list":["post-50652","post","type-post","status-publish","format-standard","has-post-thumbnail","hentry"],"acf":[],"_links":{"self":[{"href":"https:\/\/alzira.es\/es\/wp-json\/wp\/v2\/posts\/50652","targetHints":{"allow":["GET"]}}],"collection":[{"href":"https:\/\/alzira.es\/es\/wp-json\/wp\/v2\/posts"}],"about":[{"href":"https:\/\/alzira.es\/es\/wp-json\/wp\/v2\/types\/post"}],"author":[{"embeddable":true,"href":"https:\/\/alzira.es\/es\/wp-json\/wp\/v2\/users\/29"}],"replies":[{"embeddable":true,"href":"https:\/\/alzira.es\/es\/wp-json\/wp\/v2\/comments?post=50652"}],"version-history":[{"count":0,"href":"https:\/\/alzira.es\/es\/wp-json\/wp\/v2\/posts\/50652\/revisions"}],"wp:featuredmedia":[{"embeddable":true,"href":"https:\/\/alzira.es\/es\/wp-json\/wp\/v2\/media\/50649"}],"wp:attachment":[{"href":"https:\/\/alzira.es\/es\/wp-json\/wp\/v2\/media?parent=50652"}],"wp:term":[{"taxonomy":"category","embeddable":true,"href":"https:\/\/alzira.es\/es\/wp-json\/wp\/v2\/categories?post=50652"},{"taxonomy":"post_tag","embeddable":true,"href":"https:\/\/alzira.es\/es\/wp-json\/wp\/v2\/tags?post=50652"}],"curies":[{"name":"wp","href":"https:\/\/api.w.org\/{rel}","templated":true}]}}