{"id":50651,"date":"2020-06-30T19:43:47","date_gmt":"2020-06-30T17:43:47","guid":{"rendered":"https:\/\/alzira.es\/detencio-policia-local\/"},"modified":"2020-06-30T19:43:47","modified_gmt":"2020-06-30T17:43:47","slug":"detencio-policia-local","status":"publish","type":"post","link":"https:\/\/alzira.es\/es\/detencio-policia-local\/","title":{"rendered":"La Polic\u00eda Local de Alzira detiene el conductor de un cami\u00f3n que conduc\u00eda bajo los efectos del alcohol"},"content":{"rendered":"<p style=\"text-align: justify;\"><strong>Alzira, 30 de junio de 2020._<\/strong> Ayer por la tarde sobre las 20 horas, la Polic\u00eda Local de Alzira detect\u00f3 a un cami\u00f3n tr\u00e1iler realizando una conducci\u00f3n irregular por la CV-50, y lo intercept\u00f3 en la rotonda de la avenida Hispanidad.<\/p>\n<p>En habla con el conductor, los agentes pudieron comprobar que presentaba s\u00edntomas externos de encontrarse bajo la influencia de bebidas alcoh\u00f3licas, por lo cual se le realiz\u00f3 la prueba de alcoholemia, ofreciendo un resultado de 1,18 mg\/l de aire aspirado.<\/p>\n<p>El conductor es de nacionalidad espa\u00f1ola y tiene 48 a\u00f1os de edad. El cami\u00f3n presentaba da\u00f1os, la procedencia de los cuales se est\u00e1 investigando, puesto que el veh\u00edculo hab\u00eda salido de Simat y se dirig\u00eda hacia Cheste.<\/p>\n<p>Los agentes procedieron a instruir las oportunas diligencias por un delito contra la seguridad viaria. El cami\u00f3n se inmoviliz\u00f3 hasta que personal de la empresa de transporte se hizo cargo del veh\u00edculo.<\/p>\n<p>La Polic\u00eda Local de Alzira, en los primeros 6 meses ha instruido 24 atestados contra la seguridad viaria para superar la tasa de alcohol m\u00e1xima establecida por el vigente C\u00f3digo Penal, a pesar de la limitaci\u00f3n de la movilidad del tr\u00e1fico durante los meses de confinamiento del estado de alarma por el COVID-19.<\/p>\n<p style=\"text-align: center;\"><img fetchpriority=\"high\" decoding=\"async\" width=\"993\" height=\"592\" class=\" size-full wp-image-50649\" src=\"https:\/\/alzira.es\/wp-content\/uploads\/2020\/06\/trailer.jpeg\" alt=\"trailer\" srcset=\"https:\/\/alzira.es\/wp-content\/uploads\/2020\/06\/trailer.jpeg 993w, https:\/\/alzira.es\/wp-content\/uploads\/2020\/06\/trailer-680x405.jpeg 680w, https:\/\/alzira.es\/wp-content\/uploads\/2020\/06\/trailer-768x458.jpeg 768w\" sizes=\"(max-width: 706px) 89vw, (max-width: 767px) 82vw, 740px\" \/><\/p>\n","protected":false},"excerpt":{"rendered":"<p>Alzira, 30 de junio de 2020._ Ayer por la tarde sobre las 20 horas, la Polic\u00eda Local de Alzira detect\u00f3 a un cami\u00f3n tr\u00e1iler realizando una conducci\u00f3n irregular por la CV-50, y lo intercept\u00f3 en la rotonda de la avenida Hispanidad. En habla con el conductor, los agentes pudieron comprobar que presentaba s\u00edntomas externos de &hellip; <\/p>\n<p class=\"link-more\"><a href=\"https:\/\/alzira.es\/es\/detencio-policia-local\/\" class=\"more-link\">Continuar leyendo<span class=\"screen-reader-text\"> \u00abLa Polic\u00eda Local de Alzira detiene el conductor de un cami\u00f3n que conduc\u00eda bajo los efectos del alcohol\u00bb<\/span><\/a><\/p>\n","protected":false},"author":29,"featured_media":50649,"comment_status":"","ping_status":"","sticky":false,"template":"","format":"standard","meta":{"_acf_changed":false,"footnotes":""},"categories":[4936],"tags":[],"class_list":["post-50651","post","type-post","status-publish","format-standard","has-post-thumbnail","hentry","category-hemeroteca-es"],"acf":[],"_links":{"self":[{"href":"https:\/\/alzira.es\/es\/wp-json\/wp\/v2\/posts\/50651","targetHints":{"allow":["GET"]}}],"collection":[{"href":"https:\/\/alzira.es\/es\/wp-json\/wp\/v2\/posts"}],"about":[{"href":"https:\/\/alzira.es\/es\/wp-json\/wp\/v2\/types\/post"}],"author":[{"embeddable":true,"href":"https:\/\/alzira.es\/es\/wp-json\/wp\/v2\/users\/29"}],"replies":[{"embeddable":true,"href":"https:\/\/alzira.es\/es\/wp-json\/wp\/v2\/comments?post=50651"}],"version-history":[{"count":0,"href":"https:\/\/alzira.es\/es\/wp-json\/wp\/v2\/posts\/50651\/revisions"}],"wp:featuredmedia":[{"embeddable":true,"href":"https:\/\/alzira.es\/es\/wp-json\/wp\/v2\/media\/50649"}],"wp:attachment":[{"href":"https:\/\/alzira.es\/es\/wp-json\/wp\/v2\/media?parent=50651"}],"wp:term":[{"taxonomy":"category","embeddable":true,"href":"https:\/\/alzira.es\/es\/wp-json\/wp\/v2\/categories?post=50651"},{"taxonomy":"post_tag","embeddable":true,"href":"https:\/\/alzira.es\/es\/wp-json\/wp\/v2\/tags?post=50651"}],"curies":[{"name":"wp","href":"https:\/\/api.w.org\/{rel}","templated":true}]}}