{"id":50638,"date":"2020-06-30T12:56:03","date_gmt":"2020-06-30T10:56:03","guid":{"rendered":"https:\/\/alzira.es\/el-gimnas-de-la-piscina-coberta-2\/"},"modified":"2020-06-30T12:56:03","modified_gmt":"2020-06-30T10:56:03","slug":"el-gimnas-de-la-piscina-coberta-2","status":"publish","type":"post","link":"https:\/\/alzira.es\/es\/el-gimnas-de-la-piscina-coberta-2\/","title":{"rendered":"El gimn\u00e0s de la piscina coberta, obert des de dem\u00e0 1 de juliol"},"content":{"rendered":"<p style=\"text-align: justify;\"><strong>En el poliesportiu a l&#8217;aire lliure \u00abJorge Mart\u00ednez Aspar\u00bb<\/strong>, <span style=\"text-decoration: underline;\">des de dem\u00e0 estaran obertes les instal\u2022lacions de<\/span><strong> Calistenia<\/strong>, <strong>Skate Park i la pista de Ciclo Cross<\/strong><\/p>\n<p style=\"text-align: justify;\"><strong>Alzira, 30 de juny de 2020.-<\/strong> <em>El gimn\u00e0s de la piscina coberta d&#8217;Alzira <span style=\"text-decoration: underline;\">torna a estar a disposici\u00f3 de totes i tots els seus usuaris a partir de dem\u00e0<\/span> dia <strong>1 de juliol<\/strong><\/em>.<\/p>\n<p style=\"text-align: justify;\">Immersos en la nova normalitat i amb les mesures de prevenci\u00f3 i cautela per a fer front a la pand\u00e8mia de la Covid-19, el gimn\u00e0s mantindr\u00e0 obertes les portes en l&#8217;horari seg\u00fcent:<\/p>\n<p style=\"text-align: justify; margin-left: 30px;\"><strong>Matins, de 7 a 13 hores; mentre que en horari vespert\u00ed ho far\u00e0 entre les 16.30 i les 22 hores.<\/strong><\/p>\n<p style=\"text-align: justify;\"><em>\u00abHem establit un horari el m\u00e9s ampli possible en la situaci\u00f3 en la qual ens trobem per tal d&#8217;oferir el major nombre d&#8217;hores possibles de servici a tota la gent que fa \u00fas de les instal\u2022lacions del gimn\u00e0s municipal. Som sabedors i conscients de totes les demandes dels usuaris, i per aix\u00f2 seguint totes les normes de seguretat marcades des del Ministeri de Sanitat restablirem el servici des de dem\u00e0\u00bb<\/em>, ha declarat el regidor d&#8217;Esports <strong>Fernando Pascual<\/strong>.<\/p>\n<p style=\"text-align: justify;\">Despr\u00e9s d&#8217;uns mesos en qu\u00e8 les nostres rutines di\u00e0ries s&#8217;han vist alterades, ara, conscients del que hem viscut, hem d&#8217;anar adaptant-nos a poc a poc a la nova realitat, sempre tenint en compte no abaixar la gu\u00e0rdia davant dels contagis del coronavirus i anar restablint els nostres h\u00e0bits de manera escalonada i progressiva.<\/p>\n<p style=\"text-align: justify;\">Dem\u00e0 1 de juliol tamb\u00e9 es procedir\u00e0 a obrir les seg\u00fcents instal\u2022lacions del poliesportiu a l&#8217;aire lliure \u00abJorge Mart\u00ednez Aspar\u00bb: Calistenia, Skate Park i la pista de Ciclo Cross. L&#8217;acc\u00e9s al poliesportiu de la zona de Tulell comptar\u00e0 amb control d&#8217;aforament.<\/p>\n<p style=\"text-align: justify;\"><strong>L&#8217;horari del poliesportiu de Tulell \u00e9s de dilluns a dissabte, de 8 a 12.30 pel mat\u00ed; mentre que per la vesprada estar\u00e0 obert de 17.30 fins a 22 hores<\/strong>.<\/p>\n<p style=\"text-align: justify;\">Des de la Regidoria d&#8217;Esports al llarg de les \u00faltimes setmanes hem estat en contacte amb tots els clubs esportius que ho han sol\u2022licitat per tal d&#8217;anar establint criteris raonables i adaptats a la normativa sanit\u00e0ria i reprendre l&#8217;activitat f\u00edsica i esportiva.<\/p>\n<p style=\"text-align: center;\"><a class=\"jcepopup\" href=\"https:\/\/alzira.es\/wp-content\/uploads\/2020\/06\/IMG-20200630-WA0006.jpg\" target=\"_blank\" rel=\"noopener\"><img fetchpriority=\"high\" decoding=\"async\" class=\" size-full wp-image-50628\" src=\"https:\/\/alzira.es\/wp-content\/uploads\/2020\/06\/IMG-20200630-WA0006.jpg\" alt=\"IMG-20200630-WA0006\" width=\"300\" height=\"400\" srcset=\"https:\/\/alzira.es\/wp-content\/uploads\/2020\/06\/IMG-20200630-WA0006.jpg 1200w, https:\/\/alzira.es\/wp-content\/uploads\/2020\/06\/IMG-20200630-WA0006-383x510.jpg 383w, https:\/\/alzira.es\/wp-content\/uploads\/2020\/06\/IMG-20200630-WA0006-804x1072.jpg 804w, https:\/\/alzira.es\/wp-content\/uploads\/2020\/06\/IMG-20200630-WA0006-768x1024.jpg 768w, https:\/\/alzira.es\/wp-content\/uploads\/2020\/06\/IMG-20200630-WA0006-1152x1536.jpg 1152w\" sizes=\"(max-width: 300px) 100vw, 300px\" \/><\/a>&nbsp;<a class=\"jcepopup\" style=\"text-align: center;\" type=\"image\" href=\"https:\/\/alzira.es\/wp-content\/uploads\/2020\/06\/IMG-20200630-WA0009.jpg\" target=\"_blank\" rel=\"noopener\"><img decoding=\"async\" class=\"size-full wp-image-50631 lazyload\" data-src=\"https:\/\/alzira.es\/wp-content\/uploads\/2020\/06\/IMG-20200630-WA0009.jpg\" alt=\"IMG-20200630-WA0009\" width=\"300\" height=\"400\" data-srcset=\"https:\/\/alzira.es\/wp-content\/uploads\/2020\/06\/IMG-20200630-WA0009.jpg 1200w, https:\/\/alzira.es\/wp-content\/uploads\/2020\/06\/IMG-20200630-WA0009-383x510.jpg 383w, https:\/\/alzira.es\/wp-content\/uploads\/2020\/06\/IMG-20200630-WA0009-804x1072.jpg 804w, https:\/\/alzira.es\/wp-content\/uploads\/2020\/06\/IMG-20200630-WA0009-768x1024.jpg 768w, https:\/\/alzira.es\/wp-content\/uploads\/2020\/06\/IMG-20200630-WA0009-1152x1536.jpg 1152w\" data-sizes=\"(max-width: 300px) 100vw, 300px\" src=\"data:image\/svg+xml;base64,PHN2ZyB3aWR0aD0iMSIgaGVpZ2h0PSIxIiB4bWxucz0iaHR0cDovL3d3dy53My5vcmcvMjAwMC9zdmciPjwvc3ZnPg==\" style=\"--smush-placeholder-width: 300px; --smush-placeholder-aspect-ratio: 300\/400;\" \/><\/a>&nbsp;<a class=\"jcepopup\" style=\"text-align: center;\" type=\"image\" href=\"https:\/\/alzira.es\/wp-content\/uploads\/2020\/06\/IMG-20200630-WA0010.jpg\" target=\"_blank\" rel=\"noopener\"><img decoding=\"async\" class=\"size-full wp-image-50633 lazyload\" data-src=\"https:\/\/alzira.es\/wp-content\/uploads\/2020\/06\/IMG-20200630-WA0010.jpg\" alt=\"IMG-20200630-WA0010\" width=\"300\" height=\"400\" data-srcset=\"https:\/\/alzira.es\/wp-content\/uploads\/2020\/06\/IMG-20200630-WA0010.jpg 1200w, https:\/\/alzira.es\/wp-content\/uploads\/2020\/06\/IMG-20200630-WA0010-383x510.jpg 383w, https:\/\/alzira.es\/wp-content\/uploads\/2020\/06\/IMG-20200630-WA0010-804x1072.jpg 804w, https:\/\/alzira.es\/wp-content\/uploads\/2020\/06\/IMG-20200630-WA0010-768x1024.jpg 768w, https:\/\/alzira.es\/wp-content\/uploads\/2020\/06\/IMG-20200630-WA0010-1152x1536.jpg 1152w\" data-sizes=\"(max-width: 300px) 100vw, 300px\" src=\"data:image\/svg+xml;base64,PHN2ZyB3aWR0aD0iMSIgaGVpZ2h0PSIxIiB4bWxucz0iaHR0cDovL3d3dy53My5vcmcvMjAwMC9zdmciPjwvc3ZnPg==\" style=\"--smush-placeholder-width: 300px; --smush-placeholder-aspect-ratio: 300\/400;\" \/><\/a>&nbsp;<a class=\"jcepopup\" style=\"text-align: center;\" type=\"image\" href=\"https:\/\/alzira.es\/wp-content\/uploads\/2020\/06\/IMG-20200630-WA0011.jpg\" target=\"_blank\" rel=\"noopener\"><img decoding=\"async\" class=\"size-full wp-image-50635 lazyload\" data-src=\"https:\/\/alzira.es\/wp-content\/uploads\/2020\/06\/IMG-20200630-WA0011.jpg\" alt=\"IMG-20200630-WA0011\" width=\"300\" height=\"400\" data-srcset=\"https:\/\/alzira.es\/wp-content\/uploads\/2020\/06\/IMG-20200630-WA0011.jpg 1200w, https:\/\/alzira.es\/wp-content\/uploads\/2020\/06\/IMG-20200630-WA0011-383x510.jpg 383w, https:\/\/alzira.es\/wp-content\/uploads\/2020\/06\/IMG-20200630-WA0011-804x1072.jpg 804w, https:\/\/alzira.es\/wp-content\/uploads\/2020\/06\/IMG-20200630-WA0011-768x1024.jpg 768w, https:\/\/alzira.es\/wp-content\/uploads\/2020\/06\/IMG-20200630-WA0011-1152x1536.jpg 1152w\" data-sizes=\"(max-width: 300px) 100vw, 300px\" src=\"data:image\/svg+xml;base64,PHN2ZyB3aWR0aD0iMSIgaGVpZ2h0PSIxIiB4bWxucz0iaHR0cDovL3d3dy53My5vcmcvMjAwMC9zdmciPjwvc3ZnPg==\" style=\"--smush-placeholder-width: 300px; --smush-placeholder-aspect-ratio: 300\/400;\" \/><\/a><\/p>\n","protected":false},"excerpt":{"rendered":"<p>En el poliesportiu a l&#8217;aire lliure \u00abJorge Mart\u00ednez Aspar\u00bb, des de dem\u00e0 estaran obertes les instal\u2022lacions de Calistenia, Skate Park i la pista de Ciclo Cross Alzira, 30 de juny de 2020.- El gimn\u00e0s de la piscina coberta d&#8217;Alzira torna a estar a disposici\u00f3 de totes i tots els seus usuaris a partir de dem\u00e0 &hellip; <\/p>\n<p class=\"link-more\"><a href=\"https:\/\/alzira.es\/es\/el-gimnas-de-la-piscina-coberta-2\/\" class=\"more-link\">Continuar leyendo<span class=\"screen-reader-text\"> \u00abEl gimn\u00e0s de la piscina coberta, obert des de dem\u00e0 1 de juliol\u00bb<\/span><\/a><\/p>\n","protected":false},"author":29,"featured_media":50628,"comment_status":"","ping_status":"","sticky":false,"template":"","format":"standard","meta":{"_acf_changed":false,"footnotes":""},"categories":[],"tags":[],"class_list":["post-50638","post","type-post","status-publish","format-standard","has-post-thumbnail","hentry"],"acf":[],"_links":{"self":[{"href":"https:\/\/alzira.es\/es\/wp-json\/wp\/v2\/posts\/50638","targetHints":{"allow":["GET"]}}],"collection":[{"href":"https:\/\/alzira.es\/es\/wp-json\/wp\/v2\/posts"}],"about":[{"href":"https:\/\/alzira.es\/es\/wp-json\/wp\/v2\/types\/post"}],"author":[{"embeddable":true,"href":"https:\/\/alzira.es\/es\/wp-json\/wp\/v2\/users\/29"}],"replies":[{"embeddable":true,"href":"https:\/\/alzira.es\/es\/wp-json\/wp\/v2\/comments?post=50638"}],"version-history":[{"count":0,"href":"https:\/\/alzira.es\/es\/wp-json\/wp\/v2\/posts\/50638\/revisions"}],"wp:featuredmedia":[{"embeddable":true,"href":"https:\/\/alzira.es\/es\/wp-json\/wp\/v2\/media\/50628"}],"wp:attachment":[{"href":"https:\/\/alzira.es\/es\/wp-json\/wp\/v2\/media?parent=50638"}],"wp:term":[{"taxonomy":"category","embeddable":true,"href":"https:\/\/alzira.es\/es\/wp-json\/wp\/v2\/categories?post=50638"},{"taxonomy":"post_tag","embeddable":true,"href":"https:\/\/alzira.es\/es\/wp-json\/wp\/v2\/tags?post=50638"}],"curies":[{"name":"wp","href":"https:\/\/api.w.org\/{rel}","templated":true}]}}