{"id":50637,"date":"2020-06-30T12:56:03","date_gmt":"2020-06-30T10:56:03","guid":{"rendered":"https:\/\/alzira.es\/el-gimnas-de-la-piscina-coberta\/"},"modified":"2020-06-30T12:56:03","modified_gmt":"2020-06-30T10:56:03","slug":"el-gimnas-de-la-piscina-coberta","status":"publish","type":"post","link":"https:\/\/alzira.es\/es\/el-gimnas-de-la-piscina-coberta\/","title":{"rendered":"El gimnasio de la piscina cubierta, abierto desde ma\u00f1ana 1 de julio"},"content":{"rendered":"<p style=\"text-align: justify;\"><strong>En el polideportivo al aire libre \u00abJorge Mart\u00ednez Aspar<\/strong>\u00ab, <span style=\"text-decoration: underline;\">desde ma\u00f1ana estar\u00e1n abiertas las instalaciones de<\/span> <strong>Calistenia, Skate Park y la pista de Ciclo Cross<\/strong><\/p>\n<p><strong>Alzira, 30 de junio de 2020.-<\/strong> <em>El gimnasio de la piscina cubierta de Alzira <span style=\"text-decoration: underline;\">vuelve a estar a disposici\u00f3n de todas y todos sus usuarios a partir de ma\u00f1ana<\/span> d\u00eda <strong>1 de julio<\/strong>.<\/em><\/p>\n<p>Inmersos en la nueva normalidad y con las medidas de prevenci\u00f3n y cautela para hacer frente a la pandemia de la Covid-19, el gimnasio mantendr\u00e1 abiertas las puertas en el horario siguiente:<\/p>\n<p><strong>Ma\u00f1anas, de 7 a 13 horas; mientras que en horario vespertino lo har\u00e1 entre las 16.30 y las 22 horas.<\/strong><\/p>\n<p><em>\u00abHemos establecido un horario el m\u00e1s amplio posible en la situaci\u00f3n en la cual nos encontramos para ofrecer el mayor n\u00famero de horas posibles de servicio a toda la gente que hace uso de las intalaciones del gimnasio municipal. Somos sabedores y conscientes de todas las demandas de los usuarios, y por eso siguiendo todas las normas de seguridad marcadas desde el Ministerio de Sanidad restableceremos el servicio desde ma\u00f1ana\u00bb<\/em>, ha declarado el regidor de Deportes <strong>Fernando Pascual<\/strong>.<\/p>\n<p>Despu\u00e9s de unos meses en que nuestras rutinas diarias se han visto alteradas, ahora, conscientes del que hemos vivido, tenemos que ir adapt\u00e1ndonos despacio a la nueva realidad, siempre teniendo en cuenta no bajar la guardia ante los contagios del coronavirus e ir restableciendo nuestros h\u00e1bitos de manera escalonada y progresiva.<\/p>\n<p>Ma\u00f1ana 1 de julio tambi\u00e9n se proceder\u00e1 a abrir las siguientes instalaciones del polideportivo al aire libre \u00abJorge Mart\u00ednez Aspar\u00bb: Calistenia, Skate Park y la pista de Ciclo Cross. El acceso al polideportivo de la zona de Tulell contar\u00e1 con control de aforo.<\/p>\n<p><strong>El horario del polideportivo de Tulell es de lunes a s\u00e1bado, de 8 a 12.30 por la ma\u00f1ana; mientras que por la tarde estar\u00e1 abierto de 17.30 hasta 22 horas.<\/strong><\/p>\n<p>Desde la Concejal\u00eda de Deportes a lo largo de las \u00faltimas semanas hemos estado en contacto con todos los clubes deportivos que lo han solo\u2022licitado para ir estableciendo criterios razonables y adaptados a la normativa sanitaria y retomar la actividad f\u00edsica y deportiva.<\/p>\n<p style=\"text-align: center;\"><a class=\"jcepopup\" href=\"https:\/\/alzira.es\/wp-content\/uploads\/2020\/06\/IMG-20200630-WA0006.jpg\" target=\"_blank\" rel=\"noopener\"><img fetchpriority=\"high\" decoding=\"async\" class=\" size-full wp-image-50628\" src=\"https:\/\/alzira.es\/wp-content\/uploads\/2020\/06\/IMG-20200630-WA0006.jpg\" alt=\"IMG-20200630-WA0006\" width=\"300\" height=\"400\" srcset=\"https:\/\/alzira.es\/wp-content\/uploads\/2020\/06\/IMG-20200630-WA0006.jpg 1200w, https:\/\/alzira.es\/wp-content\/uploads\/2020\/06\/IMG-20200630-WA0006-383x510.jpg 383w, https:\/\/alzira.es\/wp-content\/uploads\/2020\/06\/IMG-20200630-WA0006-804x1072.jpg 804w, https:\/\/alzira.es\/wp-content\/uploads\/2020\/06\/IMG-20200630-WA0006-768x1024.jpg 768w, https:\/\/alzira.es\/wp-content\/uploads\/2020\/06\/IMG-20200630-WA0006-1152x1536.jpg 1152w\" sizes=\"(max-width: 300px) 100vw, 300px\" \/><\/a>&nbsp;<a class=\"jcepopup\" style=\"text-align: center;\" type=\"image\" href=\"https:\/\/alzira.es\/wp-content\/uploads\/2020\/06\/IMG-20200630-WA0009.jpg\" target=\"_blank\" rel=\"noopener\"><img decoding=\"async\" class=\"size-full wp-image-50631 lazyload\" data-src=\"https:\/\/alzira.es\/wp-content\/uploads\/2020\/06\/IMG-20200630-WA0009.jpg\" alt=\"IMG-20200630-WA0009\" width=\"300\" height=\"400\" data-srcset=\"https:\/\/alzira.es\/wp-content\/uploads\/2020\/06\/IMG-20200630-WA0009.jpg 1200w, https:\/\/alzira.es\/wp-content\/uploads\/2020\/06\/IMG-20200630-WA0009-383x510.jpg 383w, https:\/\/alzira.es\/wp-content\/uploads\/2020\/06\/IMG-20200630-WA0009-804x1072.jpg 804w, https:\/\/alzira.es\/wp-content\/uploads\/2020\/06\/IMG-20200630-WA0009-768x1024.jpg 768w, https:\/\/alzira.es\/wp-content\/uploads\/2020\/06\/IMG-20200630-WA0009-1152x1536.jpg 1152w\" data-sizes=\"(max-width: 300px) 100vw, 300px\" src=\"data:image\/svg+xml;base64,PHN2ZyB3aWR0aD0iMSIgaGVpZ2h0PSIxIiB4bWxucz0iaHR0cDovL3d3dy53My5vcmcvMjAwMC9zdmciPjwvc3ZnPg==\" style=\"--smush-placeholder-width: 300px; --smush-placeholder-aspect-ratio: 300\/400;\" \/><\/a>&nbsp;<a class=\"jcepopup\" style=\"text-align: center;\" type=\"image\" href=\"https:\/\/alzira.es\/wp-content\/uploads\/2020\/06\/IMG-20200630-WA0010.jpg\" target=\"_blank\" rel=\"noopener\"><img decoding=\"async\" class=\"size-full wp-image-50633 lazyload\" data-src=\"https:\/\/alzira.es\/wp-content\/uploads\/2020\/06\/IMG-20200630-WA0010.jpg\" alt=\"IMG-20200630-WA0010\" width=\"300\" height=\"400\" data-srcset=\"https:\/\/alzira.es\/wp-content\/uploads\/2020\/06\/IMG-20200630-WA0010.jpg 1200w, https:\/\/alzira.es\/wp-content\/uploads\/2020\/06\/IMG-20200630-WA0010-383x510.jpg 383w, https:\/\/alzira.es\/wp-content\/uploads\/2020\/06\/IMG-20200630-WA0010-804x1072.jpg 804w, https:\/\/alzira.es\/wp-content\/uploads\/2020\/06\/IMG-20200630-WA0010-768x1024.jpg 768w, https:\/\/alzira.es\/wp-content\/uploads\/2020\/06\/IMG-20200630-WA0010-1152x1536.jpg 1152w\" data-sizes=\"(max-width: 300px) 100vw, 300px\" src=\"data:image\/svg+xml;base64,PHN2ZyB3aWR0aD0iMSIgaGVpZ2h0PSIxIiB4bWxucz0iaHR0cDovL3d3dy53My5vcmcvMjAwMC9zdmciPjwvc3ZnPg==\" style=\"--smush-placeholder-width: 300px; --smush-placeholder-aspect-ratio: 300\/400;\" \/><\/a>&nbsp;<a class=\"jcepopup\" style=\"text-align: center;\" type=\"image\" href=\"https:\/\/alzira.es\/wp-content\/uploads\/2020\/06\/IMG-20200630-WA0011.jpg\" target=\"_blank\" rel=\"noopener\"><img decoding=\"async\" class=\"size-full wp-image-50635 lazyload\" data-src=\"https:\/\/alzira.es\/wp-content\/uploads\/2020\/06\/IMG-20200630-WA0011.jpg\" alt=\"IMG-20200630-WA0011\" width=\"300\" height=\"400\" data-srcset=\"https:\/\/alzira.es\/wp-content\/uploads\/2020\/06\/IMG-20200630-WA0011.jpg 1200w, https:\/\/alzira.es\/wp-content\/uploads\/2020\/06\/IMG-20200630-WA0011-383x510.jpg 383w, https:\/\/alzira.es\/wp-content\/uploads\/2020\/06\/IMG-20200630-WA0011-804x1072.jpg 804w, https:\/\/alzira.es\/wp-content\/uploads\/2020\/06\/IMG-20200630-WA0011-768x1024.jpg 768w, https:\/\/alzira.es\/wp-content\/uploads\/2020\/06\/IMG-20200630-WA0011-1152x1536.jpg 1152w\" data-sizes=\"(max-width: 300px) 100vw, 300px\" src=\"data:image\/svg+xml;base64,PHN2ZyB3aWR0aD0iMSIgaGVpZ2h0PSIxIiB4bWxucz0iaHR0cDovL3d3dy53My5vcmcvMjAwMC9zdmciPjwvc3ZnPg==\" style=\"--smush-placeholder-width: 300px; --smush-placeholder-aspect-ratio: 300\/400;\" \/><\/a><\/p>\n","protected":false},"excerpt":{"rendered":"<p>En el polideportivo al aire libre \u00abJorge Mart\u00ednez Aspar\u00ab, desde ma\u00f1ana estar\u00e1n abiertas las instalaciones de Calistenia, Skate Park y la pista de Ciclo Cross Alzira, 30 de junio de 2020.- El gimnasio de la piscina cubierta de Alzira vuelve a estar a disposici\u00f3n de todas y todos sus usuarios a partir de ma\u00f1ana d\u00eda &hellip; <\/p>\n<p class=\"link-more\"><a href=\"https:\/\/alzira.es\/es\/el-gimnas-de-la-piscina-coberta\/\" class=\"more-link\">Continuar leyendo<span class=\"screen-reader-text\"> \u00abEl gimnasio de la piscina cubierta, abierto desde ma\u00f1ana 1 de julio\u00bb<\/span><\/a><\/p>\n","protected":false},"author":29,"featured_media":50628,"comment_status":"","ping_status":"","sticky":false,"template":"","format":"standard","meta":{"_acf_changed":false,"footnotes":""},"categories":[4936],"tags":[],"class_list":["post-50637","post","type-post","status-publish","format-standard","has-post-thumbnail","hentry","category-hemeroteca-es"],"acf":[],"_links":{"self":[{"href":"https:\/\/alzira.es\/es\/wp-json\/wp\/v2\/posts\/50637","targetHints":{"allow":["GET"]}}],"collection":[{"href":"https:\/\/alzira.es\/es\/wp-json\/wp\/v2\/posts"}],"about":[{"href":"https:\/\/alzira.es\/es\/wp-json\/wp\/v2\/types\/post"}],"author":[{"embeddable":true,"href":"https:\/\/alzira.es\/es\/wp-json\/wp\/v2\/users\/29"}],"replies":[{"embeddable":true,"href":"https:\/\/alzira.es\/es\/wp-json\/wp\/v2\/comments?post=50637"}],"version-history":[{"count":0,"href":"https:\/\/alzira.es\/es\/wp-json\/wp\/v2\/posts\/50637\/revisions"}],"wp:featuredmedia":[{"embeddable":true,"href":"https:\/\/alzira.es\/es\/wp-json\/wp\/v2\/media\/50628"}],"wp:attachment":[{"href":"https:\/\/alzira.es\/es\/wp-json\/wp\/v2\/media?parent=50637"}],"wp:term":[{"taxonomy":"category","embeddable":true,"href":"https:\/\/alzira.es\/es\/wp-json\/wp\/v2\/categories?post=50637"},{"taxonomy":"post_tag","embeddable":true,"href":"https:\/\/alzira.es\/es\/wp-json\/wp\/v2\/tags?post=50637"}],"curies":[{"name":"wp","href":"https:\/\/api.w.org\/{rel}","templated":true}]}}