{"id":50624,"date":"2020-06-30T12:38:48","date_gmt":"2020-06-30T10:38:48","guid":{"rendered":"https:\/\/alzira.es\/pujada-de-les-temperatures-1-de-juliol\/"},"modified":"2020-06-30T12:38:48","modified_gmt":"2020-06-30T10:38:48","slug":"pujada-de-les-temperatures-1-de-juliol","status":"publish","type":"post","link":"https:\/\/alzira.es\/es\/pujada-de-les-temperatures-1-de-juliol\/","title":{"rendered":"Alzira intensifica la prevenci\u00f3n de incendios ante el aumento de las temperaturas"},"content":{"rendered":"<p style=\"text-align: justify;\"><strong>\u2022 A partir de mi\u00e9rcoles se esperan valores alrededor de los 40 \u00b0C<\/strong><\/p>\n<p><strong>Alzira, 30 de junio de 2020.<\/strong> La Concejal\u00eda de Medio Ambiente, Agricultura y Transici\u00f3n Ecol\u00f3gica informa que a partir del mi\u00e9rcoles 1 de julio se espera una subida significativa de las temperaturas, que llegar\u00e1n a valores alrededor de los 40 \u00b0C, por lo tanto se ruega a toda la ciudadan\u00eda que se extremen las precauciones, est\u00e1 prohibido el uso del fuego tanto en entornos agr\u00edcolas como forestales, para evitar incendios forestales.<\/p>\n<p>Todos los dispositivos de vigilancia tanto de la Generalitat Valenciana, de Diputaci\u00f3n, como los municipales, intensificar\u00e1n los trabajos para aumentar la probabilidad de detecci\u00f3n inmediata de conatos de incendios. Sin embargo, siente conscientes de la extensi\u00f3n del t\u00e9rmino, el Ayuntamiento de Alzira pide la colaboraci\u00f3n ciudadana.<em> \u00abLa detecci\u00f3n r\u00e1pida es esencial y por eso contamos con la colaboraci\u00f3n de la ciudadan\u00eda y del cuerpo de voluntarios en prevenci\u00f3n de incendios forestales de las sierras de la Casilla, del Array\u00e1n y del Algarrobo, que empezaron a hacer tareas la pasada semana. Sabemos que su ayuda juega un papel muy importante dentro de la detecci\u00f3n temprana de incendios forestales\u00bb<\/em>, asegura el regidor de Medio Ambiente, <strong>Pep Carreres<\/strong>.<\/p>\n<p>Adem\u00e1s, Carreres insiste que se tengan en cuenta las medidas de prevenci\u00f3n ligadas al uso del fuego para las cremas agr\u00edcolas, especialmente en este periodo de cremas habilitado del mes de julio. Incluso en d\u00edas en que est\u00e9 autorizado quemar, cuando el nivel de riesgo es PREVIFOC 1 y de lunes a viernes, se tendr\u00e1 que hacer \u00fanicamente en quemadores debidamente habilitados, y con una fuente de agua pr\u00f3xima para el control del fuego, siempre dentro de los horarios establecidos y por supuesto con autorizaciones de quemado.<\/p>\n<p>Tambi\u00e9n recuerda que solo se podr\u00e1 quemar hasta el 15 de julio y que durante este periodo excepcional de cremas, alerta PREVIFOC 2 y 3 no se podr\u00e1 quemar en ning\u00fan punto del t\u00e9rmino.<\/p>\n<p style=\"text-align: center;\"><img fetchpriority=\"high\" decoding=\"async\" width=\"711\" height=\"838\" class=\" size-full wp-image-50622\" src=\"https:\/\/alzira.es\/wp-content\/uploads\/2020\/06\/temperatures_01072020.jpeg\" alt=\"temperatures 01072020\" srcset=\"https:\/\/alzira.es\/wp-content\/uploads\/2020\/06\/temperatures_01072020.jpeg 711w, https:\/\/alzira.es\/wp-content\/uploads\/2020\/06\/temperatures_01072020-433x510.jpeg 433w\" sizes=\"(max-width: 711px) 100vw, 711px\" \/><\/p>\n","protected":false},"excerpt":{"rendered":"<p>\u2022 A partir de mi\u00e9rcoles se esperan valores alrededor de los 40 \u00b0C Alzira, 30 de junio de 2020. La Concejal\u00eda de Medio Ambiente, Agricultura y Transici\u00f3n Ecol\u00f3gica informa que a partir del mi\u00e9rcoles 1 de julio se espera una subida significativa de las temperaturas, que llegar\u00e1n a valores alrededor de los 40 \u00b0C, por &hellip; <\/p>\n<p class=\"link-more\"><a href=\"https:\/\/alzira.es\/es\/pujada-de-les-temperatures-1-de-juliol\/\" class=\"more-link\">Continuar leyendo<span class=\"screen-reader-text\"> \u00abAlzira intensifica la prevenci\u00f3n de incendios ante el aumento de las temperaturas\u00bb<\/span><\/a><\/p>\n","protected":false},"author":29,"featured_media":50622,"comment_status":"","ping_status":"","sticky":false,"template":"","format":"standard","meta":{"_acf_changed":false,"footnotes":""},"categories":[4936],"tags":[],"class_list":["post-50624","post","type-post","status-publish","format-standard","has-post-thumbnail","hentry","category-hemeroteca-es"],"acf":[],"_links":{"self":[{"href":"https:\/\/alzira.es\/es\/wp-json\/wp\/v2\/posts\/50624","targetHints":{"allow":["GET"]}}],"collection":[{"href":"https:\/\/alzira.es\/es\/wp-json\/wp\/v2\/posts"}],"about":[{"href":"https:\/\/alzira.es\/es\/wp-json\/wp\/v2\/types\/post"}],"author":[{"embeddable":true,"href":"https:\/\/alzira.es\/es\/wp-json\/wp\/v2\/users\/29"}],"replies":[{"embeddable":true,"href":"https:\/\/alzira.es\/es\/wp-json\/wp\/v2\/comments?post=50624"}],"version-history":[{"count":0,"href":"https:\/\/alzira.es\/es\/wp-json\/wp\/v2\/posts\/50624\/revisions"}],"wp:featuredmedia":[{"embeddable":true,"href":"https:\/\/alzira.es\/es\/wp-json\/wp\/v2\/media\/50622"}],"wp:attachment":[{"href":"https:\/\/alzira.es\/es\/wp-json\/wp\/v2\/media?parent=50624"}],"wp:term":[{"taxonomy":"category","embeddable":true,"href":"https:\/\/alzira.es\/es\/wp-json\/wp\/v2\/categories?post=50624"},{"taxonomy":"post_tag","embeddable":true,"href":"https:\/\/alzira.es\/es\/wp-json\/wp\/v2\/tags?post=50624"}],"curies":[{"name":"wp","href":"https:\/\/api.w.org\/{rel}","templated":true}]}}