{"id":50621,"date":"2020-06-30T10:38:10","date_gmt":"2020-06-30T08:38:10","guid":{"rendered":"https:\/\/alzira.es\/linia-3-bus-urba-suspesa-2\/"},"modified":"2020-06-30T10:38:10","modified_gmt":"2020-06-30T08:38:10","slug":"linia-3-bus-urba-suspesa-2","status":"publish","type":"post","link":"https:\/\/alzira.es\/es\/linia-3-bus-urba-suspesa-2\/","title":{"rendered":"La l\u00ednia 3 de l\u2019autob\u00fas urb\u00e0 d\u2019Alzira queda suspesa als mesos de juliol i agost"},"content":{"rendered":"<p style=\"text-align: justify;\"><strong>Alzira, 30 de juny de 2020<\/strong>.- Com \u00e9s habitual amb l&#8217;arribada dels mesos estivals el servici de la l\u00ednia 3 de l&#8217;autob\u00fas urb\u00e0 de la ciutat d&#8217;Alzira queda suspesa, no obstant aix\u00f2 es continua donant servici als usuaris a trav\u00e9s de les altres dos l\u00ednies, la 1 i la 2.<\/p>\n<p style=\"text-align: justify;\">Per a tots els que hagen d&#8217;utilitzar el servici al llarg de juliol i agost detallem els horaris i freq\u00fc\u00e8ncies de les dos l\u00ednies:<\/p>\n<p style=\"text-align: justify;\"><strong><span style=\"text-decoration: underline;\">La l\u00ednia 1<\/span> <\/strong><em>mant\u00e9 el seu horari habitual als matins<\/em>, a menys 5 de les hores en punt i a 25 de cada hora amb eixida des de l&#8217;Hospital; mentres que a les hores en punt i a les mitges el bus realitzar\u00e0 les seues eixides des de Renfe.<\/p>\n<p style=\"text-align: justify;\">Pel que fa a <span style=\"text-decoration: underline;\">l&#8217;horari vespert\u00ed<\/span>, a partir de les 15 hores, el bus de la <span style=\"text-decoration: underline;\"><strong>l\u00ednia 1<\/strong><\/span> realitzar\u00e0 les eixides de l&#8217;Hospital a menys 5 de cada hora, i des de Renfe, a les mitges de cada hora.<\/p>\n<p style=\"text-align: justify;\">Pel que fa a la <span style=\"text-decoration: underline;\"><strong>l\u00ednia 2<\/strong><\/span>, efectuar\u00e0 les eixides a i 15 de cada hora des de l&#8217;Hospital, mentres que des de Renfe ho far\u00e0 a i 45 de cada hora en <span style=\"text-decoration: underline;\">horari matinal<\/span>.<\/p>\n<p style=\"text-align: justify;\"><span style=\"text-decoration: underline;\">L&#8217;horari de vesprada<\/span> de la <span style=\"text-decoration: underline;\"><strong>l\u00ednia 2<\/strong><\/span> ser\u00e0, a partir de les 15 hores, a les hores en punt des de Renfe i a i 25 de cada hora des de l&#8217;Hospital.<\/p>\n<p style=\"text-align: justify;\"><strong>Les \u00faltimes eixides de <span style=\"text-decoration: underline;\">les l\u00ednies 1 i 2<\/span> des de l&#8217;Hospital seran a les 21.55 i 21.25<\/strong>,<strong> respectivament<\/strong>.<\/p>\n<p style=\"text-align: justify;\"><strong>Fernando Pascual<\/strong>, regidor de Serveis Urbans, <em>anima la ciutadania a fer \u00fas del transport p\u00fablic tamb\u00e9 en els mesos estivals, ja que contamina menys que el vehicle privat, a m\u00e9s de resultar m\u00e9s econ\u00f2mic i de l&#8217;estalvi de temps en estar marcades les rutes a seguir<\/em>.<\/p>\n<p style=\"text-align: center;\"><img fetchpriority=\"high\" decoding=\"async\" width=\"450\" height=\"337\" class=\" size-full wp-image-50617\" src=\"https:\/\/alzira.es\/wp-content\/uploads\/2020\/06\/autobus_urba_dAlzira.jpg\" alt=\"autob\u00fas urb\u00e0 dAlzira\" \/><\/p>\n","protected":false},"excerpt":{"rendered":"<p>Alzira, 30 de juny de 2020.- Com \u00e9s habitual amb l&#8217;arribada dels mesos estivals el servici de la l\u00ednia 3 de l&#8217;autob\u00fas urb\u00e0 de la ciutat d&#8217;Alzira queda suspesa, no obstant aix\u00f2 es continua donant servici als usuaris a trav\u00e9s de les altres dos l\u00ednies, la 1 i la 2. Per a tots els que &hellip; <\/p>\n<p class=\"link-more\"><a href=\"https:\/\/alzira.es\/es\/linia-3-bus-urba-suspesa-2\/\" class=\"more-link\">Continuar leyendo<span class=\"screen-reader-text\"> \u00abLa l\u00ednia 3 de l\u2019autob\u00fas urb\u00e0 d\u2019Alzira queda suspesa als mesos de juliol i agost\u00bb<\/span><\/a><\/p>\n","protected":false},"author":29,"featured_media":50617,"comment_status":"","ping_status":"","sticky":false,"template":"","format":"standard","meta":{"_acf_changed":false,"footnotes":""},"categories":[],"tags":[],"class_list":["post-50621","post","type-post","status-publish","format-standard","has-post-thumbnail","hentry"],"acf":[],"_links":{"self":[{"href":"https:\/\/alzira.es\/es\/wp-json\/wp\/v2\/posts\/50621","targetHints":{"allow":["GET"]}}],"collection":[{"href":"https:\/\/alzira.es\/es\/wp-json\/wp\/v2\/posts"}],"about":[{"href":"https:\/\/alzira.es\/es\/wp-json\/wp\/v2\/types\/post"}],"author":[{"embeddable":true,"href":"https:\/\/alzira.es\/es\/wp-json\/wp\/v2\/users\/29"}],"replies":[{"embeddable":true,"href":"https:\/\/alzira.es\/es\/wp-json\/wp\/v2\/comments?post=50621"}],"version-history":[{"count":0,"href":"https:\/\/alzira.es\/es\/wp-json\/wp\/v2\/posts\/50621\/revisions"}],"wp:featuredmedia":[{"embeddable":true,"href":"https:\/\/alzira.es\/es\/wp-json\/wp\/v2\/media\/50617"}],"wp:attachment":[{"href":"https:\/\/alzira.es\/es\/wp-json\/wp\/v2\/media?parent=50621"}],"wp:term":[{"taxonomy":"category","embeddable":true,"href":"https:\/\/alzira.es\/es\/wp-json\/wp\/v2\/categories?post=50621"},{"taxonomy":"post_tag","embeddable":true,"href":"https:\/\/alzira.es\/es\/wp-json\/wp\/v2\/tags?post=50621"}],"curies":[{"name":"wp","href":"https:\/\/api.w.org\/{rel}","templated":true}]}}