{"id":50613,"date":"2020-06-30T10:03:47","date_gmt":"2020-06-30T08:03:47","guid":{"rendered":"https:\/\/alzira.es\/campanya-rebaixes-serval\/"},"modified":"2020-06-30T10:03:47","modified_gmt":"2020-06-30T08:03:47","slug":"campanya-rebaixes-serval","status":"publish","type":"post","link":"https:\/\/alzira.es\/es\/campanya-rebaixes-serval\/","title":{"rendered":"El servicio de Valenciano del Ayuntamiento participa en la campa\u00f1a de rebajas"},"content":{"rendered":"<p style=\"text-align: justify;\"><strong>Alzira, 30 de junio de 2020.-<\/strong> Un a\u00f1o m\u00e1s, el Ayuntamiento de Alzira, a trav\u00e9s de la Concejal\u00eda de Cultura y Promoci\u00f3n del Valenciano, pone en marcha, la campa\u00f1a para promover el uso del valenciano en los comercios locales a trav\u00e9s de carteles y hashtags en valenciano con motivo de las rebajas de verano.<\/p>\n<p>C\u00f3mo en otros a\u00f1os, el Servicio de Promoci\u00f3n y Uso del Valenciano (SERVAL) ha librado a los comercios de Alzira la carteler\u00eda de rebajas y descuentos, as\u00ed como hashtags en valenciano para se\u00f1alar el precio de antes y la cifra actualizada con el descuento. En el dise\u00f1o de la carteler\u00eda colabora la Escuela de Arte y Superior de Dise\u00f1o de Val\u00e8ncia.<\/p>\n<p>La campa\u00f1a la realiza el SERVAL conjuntamente con las oficinas de Promoci\u00f3n del Valenciano de 22 ayuntamientos y la Diputaci\u00f3n de Val\u00e8ncia, con la colaboraci\u00f3n de la Conseller\u00eda de Educaci\u00f3n, Investigaci\u00f3n, Cultura y Deporte, a la cual se adhiere el consistorio alzire\u00f1o en cada edici\u00f3n. El reparto empez\u00f3 lunes y est\u00e1 previsto que a lo largo de la semana llegue a todos los establecimientos de la ciudad.<\/p>\n<p><em>\u00abVer los carteles, los letreros y los hashtags en valenciano es un ejemplo de normalidad. La presencia del valenciano en el comercio nos identifica y genera proximidad y simpat\u00eda a los clientes\u00bb<\/em>, se\u00f1ala el regidor del SERVAL,<strong> Alfred Aranda<\/strong>.<\/p>\n<p>Recientemente el Ayuntamiento de Alzira, de la mano del SERVAL (Servicio de Promoci\u00f3n y Uso del Valenciano), ha llevado a cabo otras campa\u00f1as de normalizaci\u00f3n en el sector del comercio, que han tenido una gran aceptaci\u00f3n, como \u00abPalabra de mujer\u00bb, que ha consistido en el reparto a bares y restaurantes de cajas con bolsitas de az\u00facar con frases de mujeres c\u00e9lebres valencianas que han contribuido a mejorar aspectos de nuestra sociedad.<\/p>\n<p style=\"text-align: center;\"><img fetchpriority=\"high\" decoding=\"async\" class=\" size-full wp-image-50607\" src=\"https:\/\/alzira.es\/wp-content\/uploads\/2020\/06\/rebaixes_2020_horizontal.jpg\" alt=\"rebaixes 2020 horizontal\" width=\"914\" height=\"332\" \/><img decoding=\"async\" class=\"size-full wp-image-50609 lazyload\" data-src=\"https:\/\/alzira.es\/wp-content\/uploads\/2020\/06\/descomptes_2020_horizontal.jpg\" alt=\"descomptes 2020 horizontal\" width=\"914\" height=\"332\" src=\"data:image\/svg+xml;base64,PHN2ZyB3aWR0aD0iMSIgaGVpZ2h0PSIxIiB4bWxucz0iaHR0cDovL3d3dy53My5vcmcvMjAwMC9zdmciPjwvc3ZnPg==\" style=\"--smush-placeholder-width: 914px; --smush-placeholder-aspect-ratio: 914\/332;\" \/><img decoding=\"async\" width=\"914\" height=\"441\" class=\"size-full wp-image-50611 lazyload\" data-src=\"https:\/\/alzira.es\/wp-content\/uploads\/2020\/06\/etiqueta_abans_ara.jpg\" alt=\"etiqueta abans ara\" data-srcset=\"https:\/\/alzira.es\/wp-content\/uploads\/2020\/06\/etiqueta_abans_ara.jpg 914w, https:\/\/alzira.es\/wp-content\/uploads\/2020\/06\/etiqueta_abans_ara-680x328.jpg 680w, https:\/\/alzira.es\/wp-content\/uploads\/2020\/06\/etiqueta_abans_ara-768x371.jpg 768w\" data-sizes=\"(max-width: 706px) 89vw, (max-width: 767px) 82vw, 740px\" src=\"data:image\/svg+xml;base64,PHN2ZyB3aWR0aD0iMSIgaGVpZ2h0PSIxIiB4bWxucz0iaHR0cDovL3d3dy53My5vcmcvMjAwMC9zdmciPjwvc3ZnPg==\" style=\"--smush-placeholder-width: 914px; --smush-placeholder-aspect-ratio: 914\/441;\" \/><\/p>\n","protected":false},"excerpt":{"rendered":"<p>Alzira, 30 de junio de 2020.- Un a\u00f1o m\u00e1s, el Ayuntamiento de Alzira, a trav\u00e9s de la Concejal\u00eda de Cultura y Promoci\u00f3n del Valenciano, pone en marcha, la campa\u00f1a para promover el uso del valenciano en los comercios locales a trav\u00e9s de carteles y hashtags en valenciano con motivo de las rebajas de verano. C\u00f3mo &hellip; <\/p>\n<p class=\"link-more\"><a href=\"https:\/\/alzira.es\/es\/campanya-rebaixes-serval\/\" class=\"more-link\">Continuar leyendo<span class=\"screen-reader-text\"> \u00abEl servicio de Valenciano del Ayuntamiento participa en la campa\u00f1a de rebajas\u00bb<\/span><\/a><\/p>\n","protected":false},"author":29,"featured_media":50607,"comment_status":"","ping_status":"","sticky":false,"template":"","format":"standard","meta":{"_acf_changed":false,"footnotes":""},"categories":[4936],"tags":[],"class_list":["post-50613","post","type-post","status-publish","format-standard","has-post-thumbnail","hentry","category-hemeroteca-es"],"acf":[],"_links":{"self":[{"href":"https:\/\/alzira.es\/es\/wp-json\/wp\/v2\/posts\/50613","targetHints":{"allow":["GET"]}}],"collection":[{"href":"https:\/\/alzira.es\/es\/wp-json\/wp\/v2\/posts"}],"about":[{"href":"https:\/\/alzira.es\/es\/wp-json\/wp\/v2\/types\/post"}],"author":[{"embeddable":true,"href":"https:\/\/alzira.es\/es\/wp-json\/wp\/v2\/users\/29"}],"replies":[{"embeddable":true,"href":"https:\/\/alzira.es\/es\/wp-json\/wp\/v2\/comments?post=50613"}],"version-history":[{"count":0,"href":"https:\/\/alzira.es\/es\/wp-json\/wp\/v2\/posts\/50613\/revisions"}],"wp:featuredmedia":[{"embeddable":true,"href":"https:\/\/alzira.es\/es\/wp-json\/wp\/v2\/media\/50607"}],"wp:attachment":[{"href":"https:\/\/alzira.es\/es\/wp-json\/wp\/v2\/media?parent=50613"}],"wp:term":[{"taxonomy":"category","embeddable":true,"href":"https:\/\/alzira.es\/es\/wp-json\/wp\/v2\/categories?post=50613"},{"taxonomy":"post_tag","embeddable":true,"href":"https:\/\/alzira.es\/es\/wp-json\/wp\/v2\/tags?post=50613"}],"curies":[{"name":"wp","href":"https:\/\/api.w.org\/{rel}","templated":true}]}}