{"id":50416,"date":"2020-06-25T13:08:27","date_gmt":"2020-06-25T11:08:27","guid":{"rendered":"https:\/\/alzira.es\/np-donacio-3\/"},"modified":"2020-06-25T13:08:27","modified_gmt":"2020-06-25T11:08:27","slug":"np-donacio-3","status":"publish","type":"post","link":"https:\/\/alzira.es\/es\/np-donacio-3\/","title":{"rendered":"L\u2019Ajuntament d\u2019Alzira augmenta el seu fons pict\u00f2ric amb cinc obres de l\u2019artista alzireny Joaqu\u00edn G\u00f3mez Perell\u00f3"},"content":{"rendered":"<p style=\"text-align: justify;\"><em><strong><span style=\"font-size: 14.4px; text-align: justify;\">\u2022&nbsp;<\/span><\/strong><\/em><strong>A la donaci\u00f3 de l&#8217;obra<\/strong><strong><em> \u00abXiquet collidor en un hort d&#8217;Alzira\u00bb<\/em> s&#8217;afig l&#8217;adquisici\u00f3 de 4 obres de l&#8217;artista alzireny<\/strong><\/p>\n<p style=\"text-align: justify;\"><strong>Alzira, 25 de juny de 2020.-<\/strong> La Regidoria de Cultura ha presentat al p\u00fablic este mat\u00ed les cinc noves obres de l&#8217;artista alzireny Joaqu\u00edn G\u00f3mez Perell\u00f3, en l&#8217;acollidor pati del Museu Municipal d&#8217;Alzira.<\/p>\n<p style=\"text-align: justify;\">L&#8217;alcalde d&#8217;Alzira <strong>Diego G\u00f3mez<\/strong>, el regidor de Cultura, <strong>Alfred Aranda<\/strong> junt a altres regidors i els fills de l&#8217;artista, <strong>Rub\u00e9n i Luisa G\u00f3mez Aranda<\/strong>, han participat a l&#8217;acte de donaci\u00f3 de l&#8217;obra <em><strong>Xiquet collidor en un hort d&#8217;Alzira<\/strong><\/em>. Es tracta d&#8217;un oli realitzat a finals dels 50 o principis dels 60, pintat sobre un llen\u00e7 de 100 x 140 que va estar confeccionat pel mateix autor. Esta pintura estar\u00e0 exposada al museu perqu\u00e8 tots els visitants la gaudisquen.<\/p>\n<p style=\"text-align: justify;\">D&#8217;altra banda, l&#8217;Ajuntament d&#8217;Alzira, va aprovar en la Junta de Govern Local de l&#8217;11\/03\/2020, l&#8217;adquisici\u00f3 de les seues obres: <em>Fantasia en el Monestir de la Vall de la Murta, Rostre de dona mora, Fantasia del Quijote i Valenci\u00e0 a cavall amb vistes a les muralles d&#8217;Alzira<\/em>.<\/p>\n<p style=\"text-align: justify;\">Estes pintures mostren temes relacionats amb el nostre paisatge: els horts, la Murta, les Muralles, aix\u00ed com la pres\u00e8ncia de la cultura \u00e0rab de l&#8217;antiga Al-gezira. S\u00f3n pintures realitzades en t\u00e9mpera i\/o aquarel\u00b7la sobre paper, (1990) que han estat emmarcades i pendents d&#8217;ubicaci\u00f3.<\/p>\n<p style=\"text-align: justify;\"><em>\u00abAmb esta incorporaci\u00f3 a les col\u00b7leccions municipals hem esmenat la mancan\u00e7a de representaci\u00f3 de l&#8217;obra de Joaqu\u00edn G\u00f3mez i li donem el lloc que li correspon tant per ser un artista pl\u00e0stic alzireny que ha destacat en les disciplines de pintura, escultura, cer\u00e0mica i com a artista faller, aix\u00ed com per la qualitat art\u00edstica de la seua obra que ha generat en la llarga traject\u00f2ria professional\u00bb<\/em>, ha manifestat el regidor de Cultura, <strong>Alfred Aranda<\/strong><\/p>\n<p style=\"text-align: justify;\">Estes obres es trobaven a l&#8217;exposici\u00f3 organitzada per la Reial Confraria de la Mare de D\u00e9u del Lluch que va tindre lloc a la Casa de la Cultura el setembre de 2019. La mostra arreplegava una important quantitat dels treballs de l&#8217;artista de distintes \u00e8poques, t\u00e8cniques i estils. La seua obra est\u00e0 present a la nostra ciutat en col\u00b7leccions particulars o en espais com el Reial Santuari de la Mare de D\u00e9u del Lluch o l&#8217;esgl\u00e9sia parroquial de Santa Caterina i, a partir d&#8217;ara, ja forma part dels fons municipals del nostre Ajuntament.<\/p>\n<p style=\"text-align: justify;\"><strong>NOTES SOBRE L&#8217;AUTOR<\/strong><\/p>\n<p style=\"text-align: justify;\">Joaqu\u00edn G\u00f3mez Perell\u00f3 (1935-2007) comen\u00e7a a prendre contacte amb el m\u00f3n art\u00edstic a l&#8217;Escola Municipal de Dibuix i, de la m\u00e0 de l&#8217;artista faller alzireny Julio \u00cd\u00f1igo s&#8217;introdu\u00efx en el camp de la realitzaci\u00f3 de monuments fallers, on acaba destacant i arriba a produir monuments per a diverses falles de Val\u00e8ncia de la secci\u00f3 especial aix\u00ed com per a comissions falleres alzirenyes com Cam\u00ed Nou, Pla\u00e7a del Forn, Pintor Andreu&#8230; i d&#8217;altres poblacions ve\u00efnes, i aconseguix importants premis amb les seues creacions.<\/p>\n<p style=\"text-align: justify;\">Durant molts anys va formar part de l&#8217;equip art\u00edstic de la prestigiosa empresa Lladr\u00f3 i, durant dos anys (1981-82), va dirigir l&#8217;Escola Municipal de Dibuix d&#8217;Alzira.<\/p>\n<p style=\"text-align: justify;\">Pel que fa a la pintura, dominava quasi totes les t\u00e8cniques, oli, aquarel\u00b7la, t\u00e9mperes o acr\u00edlics i la seua producci\u00f3 est\u00e0 present en col\u00b7leccions d&#8217;institucions de la nostra ciutat i de particulars, destacant el mural de l&#8217;antic sal\u00f3 d&#8217;actes de l&#8217;Institut Rei en Jaume d&#8217;Alzira.<br \/>De la seua faceta com a escultor tenim a Alzira una bona mostra representada pels baixos relleus ubicats al Reial Santuari de la Mare de D\u00e9u del Lluch.<\/p>\n<p style=\"text-align: center;\"><a class=\"jcepopup\" href=\"https:\/\/alzira.es\/wp-content\/uploads\/2020\/06\/Donacio.jpg\" target=\"_blank\" rel=\"noopener\"><img fetchpriority=\"high\" decoding=\"async\" class=\" size-full wp-image-50396\" src=\"https:\/\/alzira.es\/wp-content\/uploads\/2020\/06\/Donacio.jpg\" alt=\"Donaci\u00f3\" width=\"600\" height=\"277\" srcset=\"https:\/\/alzira.es\/wp-content\/uploads\/2020\/06\/Donacio.jpg 2048w, https:\/\/alzira.es\/wp-content\/uploads\/2020\/06\/Donacio-680x314.jpg 680w, https:\/\/alzira.es\/wp-content\/uploads\/2020\/06\/Donacio-1430x660.jpg 1430w, https:\/\/alzira.es\/wp-content\/uploads\/2020\/06\/Donacio-768x354.jpg 768w, https:\/\/alzira.es\/wp-content\/uploads\/2020\/06\/Donacio-1536x709.jpg 1536w\" sizes=\"(max-width: 600px) 100vw, 600px\" \/><\/a>&nbsp;<a class=\"jcepopup\" style=\"font-size: 14.4px; text-align: center;\" type=\"image\" href=\"https:\/\/alzira.es\/wp-content\/uploads\/2020\/06\/Donacio1.jpg\" target=\"_blank\" rel=\"noopener\"><img decoding=\"async\" class=\"size-full wp-image-50399 lazyload\" data-src=\"https:\/\/alzira.es\/wp-content\/uploads\/2020\/06\/Donacio1.jpg\" alt=\"Donaci\u00f31\" width=\"496\" height=\"277\" data-srcset=\"https:\/\/alzira.es\/wp-content\/uploads\/2020\/06\/Donacio1.jpg 1600w, https:\/\/alzira.es\/wp-content\/uploads\/2020\/06\/Donacio1-680x380.jpg 680w, https:\/\/alzira.es\/wp-content\/uploads\/2020\/06\/Donacio1-1430x799.jpg 1430w, https:\/\/alzira.es\/wp-content\/uploads\/2020\/06\/Donacio1-768x429.jpg 768w, https:\/\/alzira.es\/wp-content\/uploads\/2020\/06\/Donacio1-1536x858.jpg 1536w\" data-sizes=\"(max-width: 496px) 100vw, 496px\" src=\"data:image\/svg+xml;base64,PHN2ZyB3aWR0aD0iMSIgaGVpZ2h0PSIxIiB4bWxucz0iaHR0cDovL3d3dy53My5vcmcvMjAwMC9zdmciPjwvc3ZnPg==\" style=\"--smush-placeholder-width: 496px; --smush-placeholder-aspect-ratio: 496\/277;\" \/><\/a><\/p>\n","protected":false},"excerpt":{"rendered":"<p>\u2022&nbsp;A la donaci\u00f3 de l&#8217;obra \u00abXiquet collidor en un hort d&#8217;Alzira\u00bb s&#8217;afig l&#8217;adquisici\u00f3 de 4 obres de l&#8217;artista alzireny Alzira, 25 de juny de 2020.- La Regidoria de Cultura ha presentat al p\u00fablic este mat\u00ed les cinc noves obres de l&#8217;artista alzireny Joaqu\u00edn G\u00f3mez Perell\u00f3, en l&#8217;acollidor pati del Museu Municipal d&#8217;Alzira. L&#8217;alcalde d&#8217;Alzira Diego &hellip; <\/p>\n<p class=\"link-more\"><a href=\"https:\/\/alzira.es\/es\/np-donacio-3\/\" class=\"more-link\">Continuar leyendo<span class=\"screen-reader-text\"> \u00abL\u2019Ajuntament d\u2019Alzira augmenta el seu fons pict\u00f2ric amb cinc obres de l\u2019artista alzireny Joaqu\u00edn G\u00f3mez Perell\u00f3\u00bb<\/span><\/a><\/p>\n","protected":false},"author":29,"featured_media":50396,"comment_status":"","ping_status":"","sticky":false,"template":"","format":"standard","meta":{"_acf_changed":false,"footnotes":""},"categories":[],"tags":[],"class_list":["post-50416","post","type-post","status-publish","format-standard","has-post-thumbnail","hentry"],"acf":[],"_links":{"self":[{"href":"https:\/\/alzira.es\/es\/wp-json\/wp\/v2\/posts\/50416","targetHints":{"allow":["GET"]}}],"collection":[{"href":"https:\/\/alzira.es\/es\/wp-json\/wp\/v2\/posts"}],"about":[{"href":"https:\/\/alzira.es\/es\/wp-json\/wp\/v2\/types\/post"}],"author":[{"embeddable":true,"href":"https:\/\/alzira.es\/es\/wp-json\/wp\/v2\/users\/29"}],"replies":[{"embeddable":true,"href":"https:\/\/alzira.es\/es\/wp-json\/wp\/v2\/comments?post=50416"}],"version-history":[{"count":0,"href":"https:\/\/alzira.es\/es\/wp-json\/wp\/v2\/posts\/50416\/revisions"}],"wp:featuredmedia":[{"embeddable":true,"href":"https:\/\/alzira.es\/es\/wp-json\/wp\/v2\/media\/50396"}],"wp:attachment":[{"href":"https:\/\/alzira.es\/es\/wp-json\/wp\/v2\/media?parent=50416"}],"wp:term":[{"taxonomy":"category","embeddable":true,"href":"https:\/\/alzira.es\/es\/wp-json\/wp\/v2\/categories?post=50416"},{"taxonomy":"post_tag","embeddable":true,"href":"https:\/\/alzira.es\/es\/wp-json\/wp\/v2\/tags?post=50416"}],"curies":[{"name":"wp","href":"https:\/\/api.w.org\/{rel}","templated":true}]}}